{"id":107851,"date":"2026-01-18T14:55:07","date_gmt":"2026-01-18T14:55:07","guid":{"rendered":"https:\/\/www.europesays.com\/lv\/107851\/"},"modified":"2026-01-18T14:55:07","modified_gmt":"2026-01-18T14:55:07","slug":"makslinieks-maris-cacka-aicina-uz-personalizstadi-sateliti-valmieras-muzeja-lente-lv","status":"publish","type":"post","link":"https:\/\/www.europesays.com\/lv\/107851\/","title":{"rendered":"M\u0101kslinieks M\u0101ris \u010ca\u010dka aicina uz person\u0101lizst\u0101di &#8220;Satel\u012bti&#8221; Valmieras muzej\u0101\u00a0\u2014\u00a0Lente.lv"},"content":{"rendered":"<p>M\u0101kslinieks M\u0101ris \u010a\u0103\u010dka aicina uz person\u0101lizst\u0101di &#8220;Satel\u012bti&#8221; Valmieras muzej\u0101<\/p>\n<p>\u012azst\u0101de &#8220;Satel\u012bti&#8221;, kas velt\u012bta Dz\u012bves lielajiem pavado\u0146iem, tiek izr\u0101d\u012bta Valmieras muzej\u0101 no 2025. gada 12. decembra l\u012bdz 2026. gada 11. febru\u0101rim. Ekspoz\u012bcija ir gleznot\u0101ja un grafi\u0137a M\u0101ra \u010a\u0101\u010dkas jaun\u0101kais person\u0101lizst\u0101de, kas pied\u0101v\u0101v\u0101 kr\u0101su prieku un siltumu, ko var baud\u012bt vizu\u0101laj\u0101 m\u0101ksl\u0101. K\u0101 inform\u0113 Latvijas Sabiedriskie Mediji, m\u0101kslinieks izst\u0101d\u0113 iepaz\u012bstina ar savu skat\u012bjumu uz m\u0101kslu un t\u0113mas &#8220;satel\u012bti&#8221; noz\u012bmi. M\u0101ris \u010a\u0103\u010dka pats izst\u0101di raksturo k\u0101 velt\u012bjumu visiem, kuri vi\u0146a dz\u012bv\u0113 atst\u0101ju\u0161i dzi\u013c\u0101s un palieko\u0161as p\u0113das, gan tos, kas joproj\u0101m kl\u0101t, gan tos, kas aizg\u0101ju\u0161i, bet joproj\u0101m sp\u012bdo. <\/p>\n<p>Izst\u0101des koncepts un person\u012bgais velt\u012bjums<\/p>\n<p>Izst\u0101de &#8220;Satel\u012bti&#8221; ir dzi\u013c\u0101 person\u012bga M\u0101ra \u010a\u0103\u010dkas refleksija par vi\u0146a dz\u012bv\u0113 noz\u012bm\u012bgajiem cilv\u0113kiem. M\u0101kslinieks &#8220;satel\u012btus&#8221; defin\u0113 k\u0101 savus &#8220;redzamos un neredzamos pavado\u0146us&#8221;, kas veido dz\u012bv\u0113s orb\u012btas un trajektorijas. Darbi pirmaj\u0101 st\u0101v\u0101 telp\u0101 velt\u012bti tuv\u0101kajiem, kuri iedvesmo un pal\u012bd augt. Savuk\u0101rt otr\u0101 st\u0101va izst\u0101des telpa ir velt\u012bta tiem, kas k\u0101dreiz biju\u0161i noz\u012bmi, bet tagad ir k\u013cuvu\u0161i &#8220;maz\u0101ki&#8221; vai &#8220;zudu\u0161i&#8221;, tom\u0113r joproj\u0101m spilgti mirdz atmi\u0146\u0101s caur savu kr\u0101su un formu. <\/p>\n<p>Par izst\u0101des kop\u0113jo ideju M\u0101ris \u010a\u0103\u010dka Latvijas Radio raid\u012bjum\u0101 &#8220;Kult\u016bras rondo&#8221; skaidro: <\/p>\n<blockquote>\n<p>\u201cMums katram ir savs \u201cvisums\u201d \u2013 to veido cilv\u0113ki, atmi\u0146as, notikumi un saj\u016btas. Da\u013ca vienm\u0113r ir biju\u0161i l\u012bdz\u0101s, citi uzplaiksn\u012b strauji k\u0101 meteori un paz\u016bd, bet atst\u0101j neizdz\u0113\u0161amas p\u0113das. Ir ar\u012b t\u0101di, kas, reiz ien\u0101ku\u0161i, turpina ri\u0146\u0137ot m\u016bsu gravit\u0101cijas lauk\u0101 gadiem,da\u017ek\u0101rt k\u013cuvu\u0161i teju vai neman\u0101mi un tom\u0113r nekad nez\u016bdot pavisam. \u0160ie \u201csatel\u012bti\u201d \u2013 m\u016bsu redzamie un neredzamie pavado\u0146i \u2013 ir tie, kas piepilda un veido m\u016bsu dz\u012bv\u0113s orb\u012btas un trajektorijas.\u201d<\/p>\n<\/blockquote>\n<p>M\u0101kslinieks uzsver, ka katrs darbs ir k\u0101 &#8220;radio sign\u0101ls, kas s\u016bts kosmos\u0101 cer\u012bb\u0101 atkal no\u013cert atbildi&#8221;, simboliski savienojot kl\u0101tb\u016btni un promb\u016btni, \u012bz\u0113no un biju\u0161o. Izst\u0101de ir st\u0101sts par piesaisti un atbr\u012bvo\u0161anos, par savienojumiem p\u0101ri laiktelpas robe\u017e\u0101m. <\/p>\n<p>M\u0101ra \u010a\u0103\u010dka karjera un saikne ar Valmieru<\/p>\n<p>M\u0101ris \u010a\u0103\u010dka, dzimis Varak\u013c\u0101nos, ir ne tikai gleznot\u0101js, bet ar\u012b grafi\u0137is, m\u0101kslas pedagogs un kult\u016bras darbinieks. Vi\u0146\u0161 vada Daugavpils Marka Rotko m\u0101kslas centru un ir dal\u012bbieks Latvijas Republikas Kult\u016bras ministrijas vizu\u0101l\u0101s m\u0101kslas padom\u0113, Latvijas M\u0101kslinieku savien\u012bb\u0101 un Latvijas Grafikas kameras biedrs. Kop\u0161 1997. gada piedal\u012bjis vair\u0101k nek\u0101 90 m\u0101kslas izst\u0101d\u0113s Latvij\u0101 un \u0101rzem\u0113s, r\u0146\u0137ojot vair\u0101k nek\u0101 40 person\u0101lizst\u0101des. <\/p>\n<p>Lai gan m\u0101kslinieks dzimis Varak\u013c\u0101nos un str\u0101d\u0101 Daugavpil\u012b, Valmiera ie\u0146em \u012bpa\u0161u vietu vi\u0146a sird\u012b. T\u0101p\u0113c izst\u0101des atra\u0161an\u0101s vieta Valmieras muzej\u0101 ir \u0137ir\u0101ga. &#8220;Mans t\u0113vs ir piedzimis Valmier\u0101,&#8221; atkl\u0101jis m\u0101kslinieks, nor\u0101dot \u0161o dzimtas sai\u0161u. <\/p>\n<p>Izst\u0101des norise un atkl\u0101\u0161ana<\/p>\n<p>Person\u0101lizst\u0101de &#8220;Satel\u012bti&#8221; Valmieras muzeja Izst\u0101d\u0113s nam\u0101 tika atkl\u0101ta 2025. gada 12. decembr\u012b plkst. 16.00. Pas\u0101kums norisin\u0101j\u0101 bez maksas. Izst\u0101des atkl\u0101\u0161an\u0101 notika laikmet\u012bg\u0101s dejas priek\u0161nesums, ko izpild\u012bja Sigita Skrabe un Lu\u012bze Hasani no m\u016bsdienu deju grupas &#8220;Balt\u0101&#8221;. Dejot\u0101jas dejoja klusum\u0101, kas, p\u0113c m\u0101kslinieka v\u0101diem, ir vi\u0146a m\u016bza, kad top darbi. <\/p>\n<p>M\u0101kslas darbi izst\u0101d\u0113 ir gleznieciski un grafiski risin\u0101ti, veidojot simbolisku tiltu starp kl\u0101tb\u016bti un promb\u016btni. Izst\u0101de ir apl\u016bkojama l\u012bdz 2026. gada 11. febru\u0101rim. <\/p>\n<p>M\u0101kslinieka darbi un konceptu\u0101l\u0101 dzi\u013cums<\/p>\n<p>M\u0101ra \u010a\u0103\u010dkas m\u0101kslas darbiem rakstur\u012bga ir kr\u0101su laukumu, l\u012bde\u0146u puls\u0101cijas un t\u0113lu fragmentu izmantojums, kas k\u013cuvu\u0161i par &#8220;atbalss vi\u013c\u0146iem&#8221; no &#8220;pavado\u0146iem&#8221;. Vi\u0146a jaun\u0101kie darbi ir k\u0101 dienasgr\u0101matas ieraksti, kur\u0101 m\u0101kslinieks &#8220;sp\u0113l\u0113jas ar kr\u0101s\u0101m lielos laukumos&#8221;. Katrs darbs ir k\u0101 radio sign\u0101ls, kas raid\u012bts cer\u012bb\u0101 sa\u0146emt atbildi, \u0161\u012b konceptu\u0101lais dzi\u013cums padara izst\u0101di par person\u012bgu un dzi\u013c\u0101u pied\u0101v\u0101jumu skat\u012bt\u0101jiem. <\/p>\n<p>M\u0101kslinieka darbi atrodami gan priv\u0101tkolekcij\u0101s Latvij\u0101 un \u0101rzem\u0113s, gan publiskaj\u0101s kolekcij\u0101s, kas apliecina vi\u0146a m\u0101kslas noz\u012bmi un atzin\u012bbu. <\/p>\n","protected":false},"excerpt":{"rendered":"M\u0101kslinieks M\u0101ris \u010a\u0103\u010dka aicina uz person\u0101lizst\u0101di &#8220;Satel\u012bti&#8221; Valmieras muzej\u0101 \u012azst\u0101de &#8220;Satel\u012bti&#8221;, kas velt\u012bta Dz\u012bves lielajiem pavado\u0146iem, tiek izr\u0101d\u012bta&hellip;\n","protected":false},"author":2,"featured_media":107852,"comment_status":"","ping_status":"","sticky":false,"template":"","format":"standard","meta":{"footnotes":""},"categories":[19],"tags":[89,90,35,39,38,157,36,37,34,40,22884,461,9147,25699],"class_list":{"0":"post-107851","1":"post","2":"type-post","3":"status-publish","4":"format-standard","5":"has-post-thumbnail","7":"category-izklaide","8":"tag-entertainment","9":"tag-izklaide","10":"tag-latvia","11":"tag-latvian","12":"tag-latviesu","13":"tag-latviesu-gleznieciba","14":"tag-latviesu-valoda","15":"tag-latviesuvaloda","16":"tag-latvija","17":"tag-lv","18":"tag-maris-cacka","19":"tag-personalizstade","20":"tag-sateliti","21":"tag-valmieras-muzejs"},"share_on_mastodon":{"url":"https:\/\/pubeurope.com\/@lv\/115916683619818013","error":""},"_links":{"self":[{"href":"https:\/\/www.europesays.com\/lv\/wp-json\/wp\/v2\/posts\/107851","targetHints":{"allow":["GET"]}}],"collection":[{"href":"https:\/\/www.europesays.com\/lv\/wp-json\/wp\/v2\/posts"}],"about":[{"href":"https:\/\/www.europesays.com\/lv\/wp-json\/wp\/v2\/types\/post"}],"author":[{"embeddable":true,"href":"https:\/\/www.europesays.com\/lv\/wp-json\/wp\/v2\/users\/2"}],"replies":[{"embeddable":true,"href":"https:\/\/www.europesays.com\/lv\/wp-json\/wp\/v2\/comments?post=107851"}],"version-history":[{"count":0,"href":"https:\/\/www.europesays.com\/lv\/wp-json\/wp\/v2\/posts\/107851\/revisions"}],"wp:featuredmedia":[{"embeddable":true,"href":"https:\/\/www.europesays.com\/lv\/wp-json\/wp\/v2\/media\/107852"}],"wp:attachment":[{"href":"https:\/\/www.europesays.com\/lv\/wp-json\/wp\/v2\/media?parent=107851"}],"wp:term":[{"taxonomy":"category","embeddable":true,"href":"https:\/\/www.europesays.com\/lv\/wp-json\/wp\/v2\/categories?post=107851"},{"taxonomy":"post_tag","embeddable":true,"href":"https:\/\/www.europesays.com\/lv\/wp-json\/wp\/v2\/tags?post=107851"}],"curies":[{"name":"wp","href":"https:\/\/api.w.org\/{rel}","templated":true}]}}