{"id":107889,"date":"2026-01-18T15:46:12","date_gmt":"2026-01-18T15:46:12","guid":{"rendered":"https:\/\/www.europesays.com\/lv\/107889\/"},"modified":"2026-01-18T15:46:12","modified_gmt":"2026-01-18T15:46:12","slug":"korupcijas-lieta-iesaistito-autio-izdos-somijai","status":"publish","type":"post","link":"https:\/\/www.europesays.com\/lv\/107889\/","title":{"rendered":"Korupcijas liet\u0101 iesaist\u012bto Autio izdos Somijai"},"content":{"rendered":"<p>Somijas pilsonis Autio Igaunij\u0101 ir noties\u0101ts par nodok\u013cu kr\u0101p\u0161anu. Kaimi\u0146valst\u012b vi\u0146\u0161 piesaist\u012bja uzman\u012bbu ar nekustamo \u012bpa\u0161umu dar\u012bjumiem ar Centra partiju.<\/p>\n<p>Somij\u0101 Autio ir viens no galvenajiem aps\u016bdz\u0113tajiem liet\u0101 par Jaunatnes foruma (JF) apkr\u0101p\u0161anu. \u0160\u012b organiz\u0101cija 60. gados Somij\u0101 izveidoja nekustamo \u012bpa\u0161umu t\u012bklu. Tos l\u0113ti iz\u012br\u0113 jauniem cilv\u0113kiem un \u0123imen\u0113m vecum\u0101 l\u012bdz 30 gadiem, kuri nesen s\u0101ku\u0161i str\u0101d\u0101t un nevar at\u013cauties tos nopirkt. Autio aps\u016bdz\u0113ts gan par kuku\u013cu organiz\u0113\u0161anu un do\u0161anu, gan gr\u0101matved\u012bbas noziegumiem, gan piesavin\u0101\u0161anos. \u0160o darb\u012bbu rezult\u0101t\u0101 JF nodar\u012bti vair\u0101ku desmitu miljonu eiro zaud\u0113jumi, bet ar Autio saist\u012bti uz\u0146\u0113mumi nopeln\u012bju\u0161i miljonus.<\/p>\n<p>P\u0101r\u0113jie \u0161\u012bs lietas figuranti jau ir noties\u0101ti, bet Autio aizb\u0113ga un vair\u0101kus gadus ar v\u0113rienu dz\u012bvoja Baltkrievij\u0101, raksta &#8220;Re:Baltica&#8221;. T\u0101 Somijai noziedzniekus neizdod, un juridisk\u0101 sadarb\u012bba kop\u0161 Krievijas iebrukuma Ukrain\u0101 ir faktiski apst\u0101jusies. Somija bija l\u016bgusi iek\u013caut Autio Eiropas mekl\u0113t\u0101ko noziedznieku sarakst\u0101.<\/p>\n<p>Iesp\u0113jams, da\u013ca no Autio kr\u0101pnieciski ieg\u016bt\u0101s naudas non\u0101ca Latvij\u0101. &#8220;Re:Baltica&#8221; iepriek\u0161 zemesgr\u0101mat\u0101 R\u012bg\u0101 atrada 14 Autio \u0123imenes \u012bpa\u0161umus 12 miljonu eiro v\u0113rt\u012bb\u0101. \u012apa\u0161umi pirkti caur uz\u0146\u0113mumiem, kas tolaik pieder\u0113ja Autio, bet tagad p\u0101rrakst\u012bti vi\u0146a meitai.<\/p>\n<p>Autio \u012bpa\u0161umus R\u012bg\u0101 &#8220;Re:Baltica&#8221; izp\u0113t\u012bja kop\u0101 ar &#8220;YLE&#8221;, nor\u0101dot, ka pirms tam par Autio \u0123imenes \u012bpa\u0161umiem Latvij\u0101 nebija zin\u0101ms. Tos izdev\u0101s uziet, pateicoties trauksmes c\u0113l\u0101jam. Vi\u0146\u0161 par tiem vispirms zi\u0146oja Finan\u0161u izl\u016bko\u0161anas dienestam, bet p\u0113c tam &#8211; &#8220;Re:Baltica&#8221;.<\/p>\n","protected":false},"excerpt":{"rendered":"Somijas pilsonis Autio Igaunij\u0101 ir noties\u0101ts par nodok\u013cu kr\u0101p\u0161anu. Kaimi\u0146valst\u012b vi\u0146\u0161 piesaist\u012bja uzman\u012bbu ar nekustamo \u012bpa\u0161umu dar\u012bjumiem ar&hellip;\n","protected":false},"author":2,"featured_media":107890,"comment_status":"","ping_status":"","sticky":false,"template":"","format":"standard","meta":{"footnotes":""},"categories":[14],"tags":[23,25457,57,28,29,32,33,22,688,30,31,35,39,38,36,37,34,40,20,26,27,172,490,24,25,54,55,56,21,58],"class_list":{"0":"post-107889","1":"post","2":"type-post","3":"status-publish","4":"format-standard","5":"has-post-thumbnail","7":"category-zinas-no-arvalstim","8":"tag-aktualitates","9":"tag-arto-autio","10":"tag-arvalstim","11":"tag-breaking-news","12":"tag-breakingnews","13":"tag-featured-news","14":"tag-featurednews","15":"tag-headlines","16":"tag-korupcija","17":"tag-latest-news","18":"tag-latestnews","19":"tag-latvia","20":"tag-latvian","21":"tag-latviesu","22":"tag-latviesu-valoda","23":"tag-latviesuvaloda","24":"tag-latvija","25":"tag-lv","26":"tag-news","27":"tag-popularakas-zinas","28":"tag-popularakaszinas","29":"tag-riga","30":"tag-somija","31":"tag-top-stories","32":"tag-topstories","33":"tag-world","34":"tag-world-news","35":"tag-worldnews","36":"tag-zinas","37":"tag-zinas-no-arvalstim"},"share_on_mastodon":{"url":"https:\/\/pubeurope.com\/@lv\/115916884050623438","error":""},"_links":{"self":[{"href":"https:\/\/www.europesays.com\/lv\/wp-json\/wp\/v2\/posts\/107889","targetHints":{"allow":["GET"]}}],"collection":[{"href":"https:\/\/www.europesays.com\/lv\/wp-json\/wp\/v2\/posts"}],"about":[{"href":"https:\/\/www.europesays.com\/lv\/wp-json\/wp\/v2\/types\/post"}],"author":[{"embeddable":true,"href":"https:\/\/www.europesays.com\/lv\/wp-json\/wp\/v2\/users\/2"}],"replies":[{"embeddable":true,"href":"https:\/\/www.europesays.com\/lv\/wp-json\/wp\/v2\/comments?post=107889"}],"version-history":[{"count":0,"href":"https:\/\/www.europesays.com\/lv\/wp-json\/wp\/v2\/posts\/107889\/revisions"}],"wp:featuredmedia":[{"embeddable":true,"href":"https:\/\/www.europesays.com\/lv\/wp-json\/wp\/v2\/media\/107890"}],"wp:attachment":[{"href":"https:\/\/www.europesays.com\/lv\/wp-json\/wp\/v2\/media?parent=107889"}],"wp:term":[{"taxonomy":"category","embeddable":true,"href":"https:\/\/www.europesays.com\/lv\/wp-json\/wp\/v2\/categories?post=107889"},{"taxonomy":"post_tag","embeddable":true,"href":"https:\/\/www.europesays.com\/lv\/wp-json\/wp\/v2\/tags?post=107889"}],"curies":[{"name":"wp","href":"https:\/\/api.w.org\/{rel}","templated":true}]}}