{"id":107899,"date":"2026-01-18T16:12:08","date_gmt":"2026-01-18T16:12:08","guid":{"rendered":"https:\/\/www.europesays.com\/lv\/107899\/"},"modified":"2026-01-18T16:12:08","modified_gmt":"2026-01-18T16:12:08","slug":"davids-krumins-publiski-apstiprinajis-savu-aizturesanu-pec-dazam-dienam-vinu-izdos-vacijai","status":"publish","type":"post","link":"https:\/\/www.europesays.com\/lv\/107899\/","title":{"rendered":"D\u0101vids Kr\u016bmi\u0146\u0161 publiski apstiprin\u0101jis savu aiztur\u0113\u0161anu. P\u0113c da\u017e\u0101m dien\u0101m vi\u0146u izdos V\u0101cijai"},"content":{"rendered":"<p>Kr\u016bmi\u0146\u0161 pirmo reizi apstriprin\u0101ja, ka vi\u0146\u0161 ticis aiztur\u0113ts uz gandr\u012bz 48 stund\u0101m. &#8220;Mani aizveda uz &#8220;sept\u012btaj\u0101m debes\u012bm&#8221; un vi\u0146iem nebija iemelsa mani neatbr\u012bvot,&#8221; vi\u0146\u0161 st\u0101st\u012bja.<\/p>\n<p>Kr\u016bmi\u0146\u0161 st\u0101st\u012bja, ka nav sniedzis nevienu liec\u012bbu un vi\u0146a statuss jau divus m\u0113ne\u0161us ir aizdom\u0101s turamais.<\/p>\n<p>Kr\u016bmi\u0146\u0161 atkl\u0101ja, ka vi\u0146am ir pav\u0113le 22. janv\u0101r\u012b ierasties lidost\u0101, lai vi\u0146u izdotu V\u0101cijai. Vi\u0146\u0161 pau\u017e ba\u017eas, ka sve\u0161\u0101 valst\u012b, nezinot valodu un esot atrautam no saviem juristiem, aizst\u0101v\u0113t sevi b\u016bs daudz gr\u016bt\u0101k.<\/p>\n<p>Jau zi\u0146ots, ka 12. novembr\u012b V\u0101cijas policijas vad\u012bt\u0101 starptautisk\u0101 oper\u0101cij\u0101, kur\u0101 piedal\u012bj\u0101s Latvijas Valsts policija, k\u0101 ar\u012b D\u0101nijas un Francijas ties\u012bbsarg\u0101jo\u0161\u0101s iest\u0101des un Eiropols, aizdom\u0101s par personas nolaup\u012b\u0161anas organiz\u0113\u0161anu V\u0101cijas teritorij\u0101 aiztur\u0113ti \u010detri Latvijas valstspieder\u012bgie.<\/p>\n","protected":false},"excerpt":{"rendered":"Kr\u016bmi\u0146\u0161 pirmo reizi apstriprin\u0101ja, ka vi\u0146\u0161 ticis aiztur\u0113ts uz gandr\u012bz 48 stund\u0101m. &#8220;Mani aizveda uz &#8220;sept\u012btaj\u0101m debes\u012bm&#8221; un&hellip;\n","protected":false},"author":2,"featured_media":107900,"comment_status":"","ping_status":"","sticky":false,"template":"","format":"standard","meta":{"footnotes":""},"categories":[12],"tags":[877,23,28,29,14014,32,33,22,30,31,35,39,38,36,37,34,40,20,26,27,24,25,299,21],"class_list":{"0":"post-107899","1":"post","2":"type-post","3":"status-publish","4":"format-standard","5":"has-post-thumbnail","7":"category-latvija","8":"tag-aizturesana","9":"tag-aktualitates","10":"tag-breaking-news","11":"tag-breakingnews","12":"tag-davids-krumins","13":"tag-featured-news","14":"tag-featurednews","15":"tag-headlines","16":"tag-latest-news","17":"tag-latestnews","18":"tag-latvia","19":"tag-latvian","20":"tag-latviesu","21":"tag-latviesu-valoda","22":"tag-latviesuvaloda","23":"tag-latvija","24":"tag-lv","25":"tag-news","26":"tag-popularakas-zinas","27":"tag-popularakaszinas","28":"tag-top-stories","29":"tag-topstories","30":"tag-vacija","31":"tag-zinas"},"share_on_mastodon":{"url":"https:\/\/pubeurope.com\/@lv\/115916986276155525","error":""},"_links":{"self":[{"href":"https:\/\/www.europesays.com\/lv\/wp-json\/wp\/v2\/posts\/107899","targetHints":{"allow":["GET"]}}],"collection":[{"href":"https:\/\/www.europesays.com\/lv\/wp-json\/wp\/v2\/posts"}],"about":[{"href":"https:\/\/www.europesays.com\/lv\/wp-json\/wp\/v2\/types\/post"}],"author":[{"embeddable":true,"href":"https:\/\/www.europesays.com\/lv\/wp-json\/wp\/v2\/users\/2"}],"replies":[{"embeddable":true,"href":"https:\/\/www.europesays.com\/lv\/wp-json\/wp\/v2\/comments?post=107899"}],"version-history":[{"count":0,"href":"https:\/\/www.europesays.com\/lv\/wp-json\/wp\/v2\/posts\/107899\/revisions"}],"wp:featuredmedia":[{"embeddable":true,"href":"https:\/\/www.europesays.com\/lv\/wp-json\/wp\/v2\/media\/107900"}],"wp:attachment":[{"href":"https:\/\/www.europesays.com\/lv\/wp-json\/wp\/v2\/media?parent=107899"}],"wp:term":[{"taxonomy":"category","embeddable":true,"href":"https:\/\/www.europesays.com\/lv\/wp-json\/wp\/v2\/categories?post=107899"},{"taxonomy":"post_tag","embeddable":true,"href":"https:\/\/www.europesays.com\/lv\/wp-json\/wp\/v2\/tags?post=107899"}],"curies":[{"name":"wp","href":"https:\/\/api.w.org\/{rel}","templated":true}]}}