{"id":107923,"date":"2026-01-18T17:06:23","date_gmt":"2026-01-18T17:06:23","guid":{"rendered":"https:\/\/www.europesays.com\/lv\/107923\/"},"modified":"2026-01-18T17:06:23","modified_gmt":"2026-01-18T17:06:23","slug":"svetdien-valsti-gaidams-saulains-laiks-bet-ar-krietnu-salu-1188-lv","status":"publish","type":"post","link":"https:\/\/www.europesays.com\/lv\/107923\/","title":{"rendered":"Sv\u0113tdien valst\u012b gaid\u0101ms saulains laiks, bet ar krietnu salu &#8211; 1188.lv"},"content":{"rendered":"<ol>\n<li><a href=\"https:\/\/news.google.com\/rss\/articles\/CBMilAFBVV95cUxQNUhCdDNYVXJXSl91aVNTSUhzd2dvbFk4bnZsWHoyVnhnUWt5MWkzQXR1TkozSGtwbWgyZElRQTRwUE5CZ3BPbzE3OTdUR2tvcElSR3QtSXZRSXFiRmJlczJNQzFia0wxUDFEaDJFLWszdEg3NUJWMGJkSjRKQk1Od1MwUTZqMjd1OE5VajhyRXp3MEZZ?oc=5\" target=\"_blank\" rel=\"nofollow noopener\">Sv\u0113tdien valst\u012b gaid\u0101ms saulains laiks, bet ar krietnu salu<\/a>&nbsp;&nbsp;1188.lv<\/li>\n<li><a href=\"https:\/\/news.google.com\/rss\/articles\/CBMiowFBVV95cUxPV18wMlp1VmFHd0xkUjZDRk5aNExTaW1VVHFNY0NuTEg5N3NiODc4UE0yUlNEbnFRRUJHVnhwMzVkZXlJbzRtTG81MER6b3NldlR4bHVIbnNabnpnMmNWWTZtZ2E1U2huVThJN0VaNFJ1clNyRUc4S1RpYU1waVlCX0xlbnFubndNSG41VFBnVHpjY1E4dExtbkpTUFNleG95QzNn?oc=5\" target=\"_blank\" rel=\"nofollow noopener\">Tuv\u0101k\u0101s dienas v\u0113l b\u016bs aukstas un saulainas<\/a>&nbsp;&nbsp;Delfi<\/li>\n<li><a href=\"https:\/\/news.google.com\/rss\/articles\/CBMiqgFBVV95cUxOU1hOVDlIQlEtVnZMVWlKelVwZ0c0eDlKOGhQY2Y5ZktlSm5OZjlVOHVON05XUF80YmxvRFUwZDlnZGVZdGdRbVFTNGR6ejR1cC0xZTlxZWhfelE4d01tRXBsUmdHZ29PQ3FObWlCeEJVUzlNYldEQ3dHRFh1YU9xYkVVblh0UVBTQlhmS0RlQTlCLXJpVWtYRGpseW1Ld0VSX0h3bFZqMjZUUQ?oc=5\" target=\"_blank\" rel=\"nofollow noopener\">S\u0101ksies vai nes\u0101ksies bied\u0113jo\u0161i lielais sals? Sinopti\u0137u prognoze r\u012btdienai<\/a>&nbsp;&nbsp;LA.LV<\/li>\n<li><a href=\"https:\/\/news.google.com\/rss\/articles\/CBMidEFVX3lxTE1QcnNfTVI3UlFzamxSbG1weTFhNUg2MUJxb0lzV1dqUko2aUNvbmRCT3owSVlSV2JTM2ptTDAyYTdXVmFVNGlqZlJGSjByblVoYW5MTXVaQmFNUXZXYl9IUHV6dndQTjhscHUtMFMyX2l5MHJs?oc=5\" target=\"_blank\" rel=\"nofollow noopener\">\u0160odien gaid\u0101ms saulains laiks<\/a>&nbsp;&nbsp;Jauns.lv<\/li>\n<li><a href=\"https:\/\/news.google.com\/rss\/articles\/CBMid0FVX3lxTFBPMVFoNVgyUUl5REFQUEk4S1VlZWVXb3VoX09SVGdxTVIyVl9EVkVTNG5PcHNISC1ELWFXT1c1bUoyZl9JMWdxbkxrd1V2czFNSGFfb1BPbVBIOTZpUGdMWVhKQ3Ftb2lvLUlCTV9tbWFrX202a1RF?oc=5\" target=\"_blank\" rel=\"nofollow noopener\">Gaid\u0101ma v\u0113sa, bet saulaina sv\u0113tdiena<\/a>&nbsp;&nbsp;TVNET &#8211; Laika zi\u0146as<\/li>\n<\/ol>\n","protected":false},"excerpt":{"rendered":"Sv\u0113tdien valst\u012b gaid\u0101ms saulains laiks, bet ar krietnu salu&nbsp;&nbsp;1188.lv Tuv\u0101k\u0101s dienas v\u0113l b\u016bs aukstas un saulainas&nbsp;&nbsp;Delfi S\u0101ksies vai&hellip;\n","protected":false},"author":2,"featured_media":107924,"comment_status":"","ping_status":"","sticky":false,"template":"","format":"standard","meta":{"footnotes":""},"categories":[5],"tags":[129,1395,23,28,29,32,33,22,30,31,35,39,38,36,37,34,40,20,26,27,1396,1397,24,25,21],"class_list":{"0":"post-107923","1":"post","2":"type-post","3":"status-publish","4":"format-standard","5":"has-post-thumbnail","7":"category-aktualitates","8":"tag-__typenameadvicekeyword","9":"tag-id408","10":"tag-aktualitates","11":"tag-breaking-news","12":"tag-breakingnews","13":"tag-featured-news","14":"tag-featurednews","15":"tag-headlines","16":"tag-latest-news","17":"tag-latestnews","18":"tag-latvia","19":"tag-latvian","20":"tag-latviesu","21":"tag-latviesu-valoda","22":"tag-latviesuvaloda","23":"tag-latvija","24":"tag-lv","25":"tag-news","26":"tag-popularakas-zinas","27":"tag-popularakaszinas","28":"tag-sluglaikapstakli","29":"tag-titlelaikapstakli","30":"tag-top-stories","31":"tag-topstories","32":"tag-zinas"},"share_on_mastodon":{"url":"https:\/\/pubeurope.com\/@lv\/115917198659333750","error":""},"_links":{"self":[{"href":"https:\/\/www.europesays.com\/lv\/wp-json\/wp\/v2\/posts\/107923","targetHints":{"allow":["GET"]}}],"collection":[{"href":"https:\/\/www.europesays.com\/lv\/wp-json\/wp\/v2\/posts"}],"about":[{"href":"https:\/\/www.europesays.com\/lv\/wp-json\/wp\/v2\/types\/post"}],"author":[{"embeddable":true,"href":"https:\/\/www.europesays.com\/lv\/wp-json\/wp\/v2\/users\/2"}],"replies":[{"embeddable":true,"href":"https:\/\/www.europesays.com\/lv\/wp-json\/wp\/v2\/comments?post=107923"}],"version-history":[{"count":0,"href":"https:\/\/www.europesays.com\/lv\/wp-json\/wp\/v2\/posts\/107923\/revisions"}],"wp:featuredmedia":[{"embeddable":true,"href":"https:\/\/www.europesays.com\/lv\/wp-json\/wp\/v2\/media\/107924"}],"wp:attachment":[{"href":"https:\/\/www.europesays.com\/lv\/wp-json\/wp\/v2\/media?parent=107923"}],"wp:term":[{"taxonomy":"category","embeddable":true,"href":"https:\/\/www.europesays.com\/lv\/wp-json\/wp\/v2\/categories?post=107923"},{"taxonomy":"post_tag","embeddable":true,"href":"https:\/\/www.europesays.com\/lv\/wp-json\/wp\/v2\/tags?post=107923"}],"curies":[{"name":"wp","href":"https:\/\/api.w.org\/{rel}","templated":true}]}}