{"id":107931,"date":"2026-01-18T17:17:17","date_gmt":"2026-01-18T17:17:17","guid":{"rendered":"https:\/\/www.europesays.com\/lv\/107931\/"},"modified":"2026-01-18T17:17:17","modified_gmt":"2026-01-18T17:17:17","slug":"ugunsgreki-ventspili-un-jelgava-cietusi-vairaki-cilveki","status":"publish","type":"post","link":"https:\/\/www.europesays.com\/lv\/107931\/","title":{"rendered":"Ugunsgr\u0113ki Ventspil\u012b un Jelgav\u0101: cietu\u0161i vair\u0101ki cilv\u0113ki"},"content":{"rendered":"<p>Sestdien plkst. 13.03 <a href=\"https:\/\/www.apollo.lv\/term\/555464\/vugd\" class=\"topicLink\" target=\"_blank\" rel=\"nofollow noopener\">VUGD<\/a> sa\u0146\u0113ma izsaukumu uz Iecavas ielu Ventspil\u012b, kur <a href=\"https:\/\/www.apollo.lv\/term\/555502\/ugunsgreks\" class=\"topicLink\" target=\"_blank\" rel=\"nofollow noopener\">ugunsgr\u0113ks<\/a> bija izc\u0113lies divst\u0101vu dz\u012bvojamaj\u0101 m\u0101j\u0101. \u0112ka dega ar atkl\u0101tu liesmu kopum\u0101 160 kvadr\u0101tmetru plat\u012bb\u0101.<\/p>\n<p>Pirms VUGD iera\u0161an\u0101s no \u0113kas evaku\u0113j\u0101s viens cilv\u0113ks, kas bija cietis un tika nodots Neatliekam\u0101s medic\u012bnisk\u0101s pal\u012bdz\u012bbas dienesta (NMPD) medi\u0137iem. Plkst. 17.22 darbs notikum\u0101 nosl\u0113dz\u0101s.<\/p>\n<p>Plkst. 13.10 sa\u0146emts izsaukums uz Parka ielu Jelgav\u0101, kur ugunsgr\u0113ks bija izc\u0113lies vienst\u0101va dz\u012bvojamaj\u0101 m\u0101j\u0101. \u0112k\u0101 dega istaba desmit kvadr\u0101tmetru plat\u012bb\u0101.<\/p>\n<p>Pirms VUGD iera\u0161an\u0101s no \u0113kas evaku\u0113j\u0101s viens cilv\u0113ks, bet vienu izgl\u0101ba ugunsdz\u0113s\u0113ji. Abi cilv\u0113ki ugunsgr\u0113k\u0101 cieta un tika nodoti NMPD medi\u0137iem. Izgl\u0101bti ar\u012b divi su\u0146i. Plkst. 14.13 darbs ugunsgr\u0113ka viet\u0101 nosl\u0113dz\u0101s.<\/p>\n<p>Plkst. 14.58 sa\u0146emts izsaukums uz Aizkraukles novada Kokneses pagastu, kur bija notikusi kravas automa\u0161\u012bnas un viegl\u0101s automa\u0161\u012bnas sadursme. Gl\u0101b\u0113ji no viegl\u0101s automa\u0161\u012bnas atbr\u012bvoja cilv\u0113ku, izmantojot hidrauliskos instrumentus, un nodeva NMPD medi\u0137iem. Tika atvienotas akumulatora klemmes un sak\u0101rtota ce\u013ca braucam\u0101 da\u013ca. Plkst. 16.26 darbs notikum\u0101 nosl\u0113dz\u0101s.<\/p>\n<p>Nakt\u012b, plkst. 4.06, sa\u0146emts izsaukums uz Saulkrastu novadu, kur me\u017e\u0101 bija apmald\u012bjies cilv\u0113ks. Vi\u0146\u0161 tika atrasts un nodots NMPD medi\u0137iem.<\/p>\n<p>Kopum\u0101 aizvad\u012btaj\u0101 diennakt\u012b VUGD sa\u0146\u0113ma 43 izsaukumus &#8211; 15 uz ugunsgr\u0113ku dz\u0113\u0161anu, 16 uz gl\u0101b\u0161anas darbiem, bet v\u0113l 12 izsaukumi bija maldin\u0101jumi.<\/p>\n","protected":false},"excerpt":{"rendered":"Sestdien plkst. 13.03 VUGD sa\u0146\u0113ma izsaukumu uz Iecavas ielu Ventspil\u012b, kur ugunsgr\u0113ks bija izc\u0113lies divst\u0101vu dz\u012bvojamaj\u0101 m\u0101j\u0101. \u0112ka&hellip;\n","protected":false},"author":2,"featured_media":107932,"comment_status":"","ping_status":"","sticky":false,"template":"","format":"standard","meta":{"footnotes":""},"categories":[12],"tags":[23,28,29,6999,32,33,22,30,31,35,39,38,36,37,34,40,20,26,27,24,25,377,4908,21],"class_list":{"0":"post-107931","1":"post","2":"type-post","3":"status-publish","4":"format-standard","5":"has-post-thumbnail","7":"category-latvija","8":"tag-aktualitates","9":"tag-breaking-news","10":"tag-breakingnews","11":"tag-cietusie","12":"tag-featured-news","13":"tag-featurednews","14":"tag-headlines","15":"tag-latest-news","16":"tag-latestnews","17":"tag-latvia","18":"tag-latvian","19":"tag-latviesu","20":"tag-latviesu-valoda","21":"tag-latviesuvaloda","22":"tag-latvija","23":"tag-lv","24":"tag-news","25":"tag-popularakas-zinas","26":"tag-popularakaszinas","27":"tag-top-stories","28":"tag-topstories","29":"tag-ugunsgreks","30":"tag-vugd","31":"tag-zinas"},"share_on_mastodon":{"url":"https:\/\/pubeurope.com\/@lv\/115917241891230490","error":""},"_links":{"self":[{"href":"https:\/\/www.europesays.com\/lv\/wp-json\/wp\/v2\/posts\/107931","targetHints":{"allow":["GET"]}}],"collection":[{"href":"https:\/\/www.europesays.com\/lv\/wp-json\/wp\/v2\/posts"}],"about":[{"href":"https:\/\/www.europesays.com\/lv\/wp-json\/wp\/v2\/types\/post"}],"author":[{"embeddable":true,"href":"https:\/\/www.europesays.com\/lv\/wp-json\/wp\/v2\/users\/2"}],"replies":[{"embeddable":true,"href":"https:\/\/www.europesays.com\/lv\/wp-json\/wp\/v2\/comments?post=107931"}],"version-history":[{"count":0,"href":"https:\/\/www.europesays.com\/lv\/wp-json\/wp\/v2\/posts\/107931\/revisions"}],"wp:featuredmedia":[{"embeddable":true,"href":"https:\/\/www.europesays.com\/lv\/wp-json\/wp\/v2\/media\/107932"}],"wp:attachment":[{"href":"https:\/\/www.europesays.com\/lv\/wp-json\/wp\/v2\/media?parent=107931"}],"wp:term":[{"taxonomy":"category","embeddable":true,"href":"https:\/\/www.europesays.com\/lv\/wp-json\/wp\/v2\/categories?post=107931"},{"taxonomy":"post_tag","embeddable":true,"href":"https:\/\/www.europesays.com\/lv\/wp-json\/wp\/v2\/tags?post=107931"}],"curies":[{"name":"wp","href":"https:\/\/api.w.org\/{rel}","templated":true}]}}