{"id":107935,"date":"2026-01-18T17:23:16","date_gmt":"2026-01-18T17:23:16","guid":{"rendered":"https:\/\/www.europesays.com\/lv\/107935\/"},"modified":"2026-01-18T17:23:16","modified_gmt":"2026-01-18T17:23:16","slug":"vai-esi-redzejis-mekle-bezvests-prombutne-esoso-2012-gada-dzimuso-kristenu-kulakovu-ezermali-apollo-lv","status":"publish","type":"post","link":"https:\/\/www.europesays.com\/lv\/107935\/","title":{"rendered":"Vai esi redz\u0113jis? Mekl\u0113 bezv\u0113sts promb\u016btn\u0113 eso\u0161o 2012. gad\u0101 dzimu\u0161o Kristenu Kulakovu-Ezermali &#8211; Apollo.lv"},"content":{"rendered":"<ol>\n<li><a href=\"https:\/\/news.google.com\/rss\/articles\/CBMivwFBVV95cUxNNmUybXgzM3RscGxaMU80c0pKdF9fZkRabUpaMHd5NTY5RzVpcFpFekpFd2NwcUFOV2U0LWJwbldQNUpZMVlCUUh5N05DMHYxTkVoWV90enBkeGZJc2ozOHcwWE9CY3BiYmJ4SXBVQmdnd3EwYWhiUW03Y0ttR0tWdjgwcU5ZS3FqSDJmeGF4R0IzS0VYNk9BR3RGdnhaZVZxeGgxZEhnTGdtQTkwcDFHUFNTdEZmdzBlWWRIRk1yRQ?oc=5\" target=\"_blank\" rel=\"nofollow noopener\">Vai esi redz\u0113jis? Mekl\u0113 bezv\u0113sts promb\u016btn\u0113 eso\u0161o 2012. gad\u0101 dzimu\u0161o Kristenu Kulakovu-Ezermali<\/a>&nbsp;&nbsp;Apollo.lv<\/li>\n<li><a href=\"https:\/\/news.google.com\/rss\/articles\/CBMivAFBVV95cUxNSVJ4NnRBVFNESkxmRk1pVWJLLUxGWWVmYjd5bm0zcXNLWDRBbWJIZUhSLUQzd05Xdk91ODIwSFJvYWpPQ3FoTHdncV9KeG1VMGljR1lVZ3JMTy10c0FITWU3WHF6YnI4d2wwQXhHXzJFTkYtSHJIWVBjNWdNTENzV3M3NWRuREV6V09iN21zWE8tWGN4cVFuZ2RNVXhuZ3JGdFJpcDBYY0pVeGs1dmpHaEY0d00yNzcyVXdmNA?oc=5\" target=\"_blank\" rel=\"nofollow noopener\">Policija atradusi R\u012bg\u0101 pazudu\u0161o jaunieti; tai pat iel\u0101 iepriek\u0161 pazudis v\u012brietis<\/a>&nbsp;&nbsp;Delfi<\/li>\n<li><a href=\"https:\/\/news.google.com\/rss\/articles\/CBMinAFBVV95cUxQQUR5YWtrSEotZG9QT2RHYzF0aHB5QS1meU8zNEZJRXY1dTR2ajVfUXhsU1R0R1ZneFhweTFtX0xvNVlSM2FxanhvQ3hfYkRvTUUtZC1kaDZna2JMZEllUnNDRm12UjhaUnJPc0NMTlo3QlB1N21reW5ndEZxX19kVUVLUWhxajFTT01OTXVCWVJlckxScFBROURtanE?oc=5\" target=\"_blank\" rel=\"nofollow noopener\">Bezv\u0113sts promb\u016btn\u0113 bijus\u012b Kristena Kulakova-Ezermale ir atradusies<\/a>&nbsp;&nbsp;Apollo.lv<\/li>\n<li><a href=\"https:\/\/news.google.com\/rss\/articles\/CBMitAFBVV95cUxNTG9vSmFkN3NrcFdMUUYwd3d1dFNHRmVMdGoyVmgtcUFfa2ljSWh1Q2x4eU53U0JKVGpnV3lCdmRmSWlZTFJpZHZZeGFjNjNwWEQ0aUM2QzFTbGZUMUtUcDdObllmM29fM1BXZUdEWE1NY2RoTlFCVURXMGRXZTRJeHdfNlVRQnJqQi1ZdmJYbUdvVlJCWVFYSTg5STZpZUNfMl9tV0VrNEd2UGlZV1Zpb0xyS08?oc=5\" target=\"_blank\" rel=\"nofollow noopener\">R\u012bg\u0101 mekl\u0113 v\u012brieti no Me\u017eroz\u012b\u0161u ielas<\/a>&nbsp;&nbsp;NRA<\/li>\n<li><a href=\"https:\/\/news.google.com\/rss\/articles\/CBMifEFVX3lxTE1HR3YzVVNUWlFLeE1PNnFDV1FWaDNYN1lrSm45dmRSeEE5TnFNRHVXWnc0RkQtU0hnWFluQUpseDdpekhycGVOcENlRXdmYURrNjlJOVhNajZWbEJVSTEwX2pnREhhMWNCZE9nQ3pIQlZFLXBFcHZoMGxjbDg?oc=5\" target=\"_blank\" rel=\"nofollow noopener\">Bezv\u0113sts pazudusi 13 gadus veca jauniete<\/a>&nbsp;&nbsp;1188.lv<\/li>\n<\/ol>\n","protected":false},"excerpt":{"rendered":"Vai esi redz\u0113jis? Mekl\u0113 bezv\u0113sts promb\u016btn\u0113 eso\u0161o 2012. gad\u0101 dzimu\u0161o Kristenu Kulakovu-Ezermali&nbsp;&nbsp;Apollo.lv Policija atradusi R\u012bg\u0101 pazudu\u0161o jaunieti; tai&hellip;\n","protected":false},"author":2,"featured_media":107936,"comment_status":"","ping_status":"","sticky":false,"template":"","format":"standard","meta":{"footnotes":""},"categories":[12],"tags":[23,5216,5218,28,29,32,33,22,30,31,35,39,38,36,37,34,40,20,26,27,24,25,138,21],"class_list":{"0":"post-107935","1":"post","2":"type-post","3":"status-publish","4":"format-standard","5":"has-post-thumbnail","7":"category-latvija","8":"tag-aktualitates","9":"tag-bezvests","10":"tag-bezvests-pazudusais","11":"tag-breaking-news","12":"tag-breakingnews","13":"tag-featured-news","14":"tag-featurednews","15":"tag-headlines","16":"tag-latest-news","17":"tag-latestnews","18":"tag-latvia","19":"tag-latvian","20":"tag-latviesu","21":"tag-latviesu-valoda","22":"tag-latviesuvaloda","23":"tag-latvija","24":"tag-lv","25":"tag-news","26":"tag-popularakas-zinas","27":"tag-popularakaszinas","28":"tag-top-stories","29":"tag-topstories","30":"tag-valsts-policija","31":"tag-zinas"},"share_on_mastodon":{"url":"https:\/\/pubeurope.com\/@lv\/115917265517898515","error":""},"_links":{"self":[{"href":"https:\/\/www.europesays.com\/lv\/wp-json\/wp\/v2\/posts\/107935","targetHints":{"allow":["GET"]}}],"collection":[{"href":"https:\/\/www.europesays.com\/lv\/wp-json\/wp\/v2\/posts"}],"about":[{"href":"https:\/\/www.europesays.com\/lv\/wp-json\/wp\/v2\/types\/post"}],"author":[{"embeddable":true,"href":"https:\/\/www.europesays.com\/lv\/wp-json\/wp\/v2\/users\/2"}],"replies":[{"embeddable":true,"href":"https:\/\/www.europesays.com\/lv\/wp-json\/wp\/v2\/comments?post=107935"}],"version-history":[{"count":0,"href":"https:\/\/www.europesays.com\/lv\/wp-json\/wp\/v2\/posts\/107935\/revisions"}],"wp:featuredmedia":[{"embeddable":true,"href":"https:\/\/www.europesays.com\/lv\/wp-json\/wp\/v2\/media\/107936"}],"wp:attachment":[{"href":"https:\/\/www.europesays.com\/lv\/wp-json\/wp\/v2\/media?parent=107935"}],"wp:term":[{"taxonomy":"category","embeddable":true,"href":"https:\/\/www.europesays.com\/lv\/wp-json\/wp\/v2\/categories?post=107935"},{"taxonomy":"post_tag","embeddable":true,"href":"https:\/\/www.europesays.com\/lv\/wp-json\/wp\/v2\/tags?post=107935"}],"curies":[{"name":"wp","href":"https:\/\/api.w.org\/{rel}","templated":true}]}}