{"id":107937,"date":"2026-01-18T17:24:13","date_gmt":"2026-01-18T17:24:13","guid":{"rendered":"https:\/\/www.europesays.com\/lv\/107937\/"},"modified":"2026-01-18T17:24:13","modified_gmt":"2026-01-18T17:24:13","slug":"sinoptiki-sagatavojusi-laika-prognozi-jaunajai-darba-nedelai","status":"publish","type":"post","link":"https:\/\/www.europesays.com\/lv\/107937\/","title":{"rendered":"Sinopti\u0137i sagatavoju\u0161i laika prognozi jaunajai darba ned\u0113\u013cai"},"content":{"rendered":"<p>\u0160oned\u0113\u013c, atmosf\u0113ras spiedienam paaugstinoties, Latvij\u0101 iest\u0101j\u0101s stabil\u0101ks un saus\u0101ks laiks. LV\u0122MC nor\u0101da, ka ar\u012b jaunaj\u0101 darba ned\u0113\u013c\u0101 b\u016btiskas izmai\u0146as sinoptiskaj\u0101 situ\u0101cij\u0101 nav gaid\u0101mas.<\/p>\n<p>Tiek prognoz\u0113ts, ka nakt\u012bs viet\u0101m, debes\u012bm skaidrojoties, termometra stabi\u0146\u0161 nosl\u012bd\u0113s l\u012bdz -20 gr\u0101du atz\u012bmei, savuk\u0101rt dien\u0101s gana bie\u017ei starp m\u0101ko\u0146iem uzsp\u012bd\u0113s ar\u012b saule. Diennakts gai\u0161aj\u0101 laik\u0101 gaiss k\u013c\u016bs nedaudz silt\u0101ks, temperat\u016brai gan saglab\u0101joties zem 0 gr\u0101diem, bet ned\u0113\u013cas otraj\u0101 pus\u0113 sals atkal s\u0101ks pie\u0146emties sp\u0113k\u0101, k\u0101 rezult\u0101t\u0101 nakt\u012bs jau daudzviet termometra stabi\u0146\u0161 nosl\u012bd\u0113s zem -20 gr\u0101diem.<\/p>\n<p>Pirmdiena un otrdiena b\u016bs saulaina, tom\u0113r palaikam debesis aizkl\u0101s ar\u012b m\u0101ko\u0146i. Nokri\u0161\u0146i \u0161aj\u0101s dien\u0101s nav gaid\u0101mi. P\u016b\u0161ot l\u0113nam v\u0113jam, otrdien viet\u0101m veidosies migla, kas pasliktin\u0101s redzam\u012bbu.<\/p>\n<p>Nakt\u012bs valsts liel\u0101kaj\u0101 da\u013c\u0101 gaiss atdzis\u012bs l\u012bdz -13..-18 gr\u0101diem, viet\u0101m, debes\u012bm skaidrojoties, k\u013c\u016bs v\u0113l aukst\u0101k &#8211; tur l\u012bdz -20..-21 gr\u0101diem, vien\u012bgi piekrast\u0113 b\u016bs nedaudz silt\u0101k. Pirmdienas dien\u0101 termometra stabi\u0146\u0161 pak\u0101psies l\u012bdz -5..-10 gr\u0101diem, bet otrdien l\u012bdz -3..-8\u00b0 atz\u012bmei, vien\u012bgi austrumos saglab\u0101sies v\u0113s\u0101ks.<\/p>\n","protected":false},"excerpt":{"rendered":"\u0160oned\u0113\u013c, atmosf\u0113ras spiedienam paaugstinoties, Latvij\u0101 iest\u0101j\u0101s stabil\u0101ks un saus\u0101ks laiks. LV\u0122MC nor\u0101da, ka ar\u012b jaunaj\u0101 darba ned\u0113\u013c\u0101 b\u016btiskas&hellip;\n","protected":false},"author":2,"featured_media":107938,"comment_status":"","ping_status":"","sticky":false,"template":"","format":"standard","meta":{"footnotes":""},"categories":[5],"tags":[23,28,29,32,33,22,396,397,30,31,35,39,38,36,37,34,40,20,26,27,24,25,21],"class_list":{"0":"post-107937","1":"post","2":"type-post","3":"status-publish","4":"format-standard","5":"has-post-thumbnail","7":"category-aktualitates","8":"tag-aktualitates","9":"tag-breaking-news","10":"tag-breakingnews","11":"tag-featured-news","12":"tag-featurednews","13":"tag-headlines","14":"tag-laika-zinas","15":"tag-laikapstakli","16":"tag-latest-news","17":"tag-latestnews","18":"tag-latvia","19":"tag-latvian","20":"tag-latviesu","21":"tag-latviesu-valoda","22":"tag-latviesuvaloda","23":"tag-latvija","24":"tag-lv","25":"tag-news","26":"tag-popularakas-zinas","27":"tag-popularakaszinas","28":"tag-top-stories","29":"tag-topstories","30":"tag-zinas"},"share_on_mastodon":{"url":"https:\/\/pubeurope.com\/@lv\/115917269375804128","error":""},"_links":{"self":[{"href":"https:\/\/www.europesays.com\/lv\/wp-json\/wp\/v2\/posts\/107937","targetHints":{"allow":["GET"]}}],"collection":[{"href":"https:\/\/www.europesays.com\/lv\/wp-json\/wp\/v2\/posts"}],"about":[{"href":"https:\/\/www.europesays.com\/lv\/wp-json\/wp\/v2\/types\/post"}],"author":[{"embeddable":true,"href":"https:\/\/www.europesays.com\/lv\/wp-json\/wp\/v2\/users\/2"}],"replies":[{"embeddable":true,"href":"https:\/\/www.europesays.com\/lv\/wp-json\/wp\/v2\/comments?post=107937"}],"version-history":[{"count":0,"href":"https:\/\/www.europesays.com\/lv\/wp-json\/wp\/v2\/posts\/107937\/revisions"}],"wp:featuredmedia":[{"embeddable":true,"href":"https:\/\/www.europesays.com\/lv\/wp-json\/wp\/v2\/media\/107938"}],"wp:attachment":[{"href":"https:\/\/www.europesays.com\/lv\/wp-json\/wp\/v2\/media?parent=107937"}],"wp:term":[{"taxonomy":"category","embeddable":true,"href":"https:\/\/www.europesays.com\/lv\/wp-json\/wp\/v2\/categories?post=107937"},{"taxonomy":"post_tag","embeddable":true,"href":"https:\/\/www.europesays.com\/lv\/wp-json\/wp\/v2\/tags?post=107937"}],"curies":[{"name":"wp","href":"https:\/\/api.w.org\/{rel}","templated":true}]}}