{"id":107959,"date":"2026-01-18T18:04:21","date_gmt":"2026-01-18T18:04:21","guid":{"rendered":"https:\/\/www.europesays.com\/lv\/107959\/"},"modified":"2026-01-18T18:04:21","modified_gmt":"2026-01-18T18:04:21","slug":"ari-sogad-sabiedriska-transporta-biletei-bus-atlaide-kam-pieskirs-un-cik-lielu","status":"publish","type":"post","link":"https:\/\/www.europesays.com\/lv\/107959\/","title":{"rendered":"Ar\u012b \u0161ogad sabiedrisk\u0101 transporta bi\u013cetei b\u016bs atlaide \u2013 kam pie\u0161\u0137irs un cik lielu?"},"content":{"rendered":"<p>Ar\u012b \u0161ogad konkr\u0113t\u0101m iedz\u012bvot\u0101ju grup\u0101m, tostarp pirmsskolas vecuma b\u0113rniem, b\u0113rniem b\u0101re\u0146iem, politiski repres\u0113t\u0101m person\u0101m un nacion\u0101l\u0101s preto\u0161an\u0101s kust\u012bbas dal\u012bbniekiem, b\u0113rniem ar invalidit\u0101ti, person\u0101m, kur\u0101m noteikta I <a rel=\"noopener nofollow\" target=\"_blank\" href=\"https:\/\/www.delfi.lv\/temas\/44476046\/invaliditate\" tag-id=\"44476046\">invalidit\u0101tes<\/a> grupa un to pavado\u0161aj\u0101m person\u0101m, k\u0101 ar\u012b person\u0101m, kur\u0101m noteikta II invalidit\u0101tes grupa un daudzb\u0113rnu \u0123imen\u0113m sabiedriskaj\u0101 transport\u0101 tiks nodro\u0161in\u0101ti brauk\u0161anas maksas atvieglojumi, &#8220;Delfi&#8221; inform\u0113ja Satiksmes ministrij\u0101.<\/p>\n<p>Brauk\u0161anas maksas atvieglojumu sa\u0146em\u0161anai oblig\u0101ti ir j\u0101uzr\u0101da <a rel=\"noopener nofollow\" target=\"_blank\" href=\"https:\/\/likumi.lv\/ta\/id\/324287-brauksanas-maksas-atvieglojumu-noteikumi\" data-rel-date-range=\"[]\">likumos<\/a> noteiktie personu apliecino\u0161ie dokumenti.<\/p>\n<p>Vilcienos un re\u0123ion\u0101lajos autobusos bez maksas p\u0101rvieto\u0161an\u0101s tiek nodro\u0161in\u0101ta pirmsskolas vecuma b\u0113rniem, b\u0113rniem b\u0101re\u0146iem, politiski repres\u0113t\u0101m person\u0101m un nacion\u0101l\u0101s preto\u0161an\u0101s kust\u012bbas dal\u012bbniekiem. Savuk\u0101rt b\u0113rniem ar invalidit\u0101ti, person\u0101m, kur\u0101m noteikta I invalidit\u0101tes grupa un to pavado\u0161aj\u0101m person\u0101m un person\u0101m, kur\u0101m noteikta II invalidit\u0101tes grupa bez maksas p\u0101rvieto\u0161an\u0101s tiek nodro\u0161in\u0101ta gan re\u0123ion\u0101laj\u0101, gan valstpils\u0113tu sabiedriskaj\u0101 transport\u0101. Ar\u012b valstspils\u0113tu sabiedriskaj\u0101 transport\u0101 b\u0113rniem b\u0101re\u0146iem brauk\u0161ana tiek nodro\u0161in\u0101ta bez maksas.<\/p>\n<p><img decoding=\"async\" itemprop=\"image\" src=\"https:\/\/www.europesays.com\/lv\/wp-content\/uploads\/2026\/01\/9aa00476-5f10-4e51-8743-d30928dcde07.jpg\" title=\"Ar\u012b \u0161ogad sabiedrisk\u0101 transporta bi\u013cetei b\u016bs atlaide \u2013 kam pie\u0161\u0137irs un cik lielu?\" alt=\"Ar\u012b \u0161ogad sabiedrisk\u0101 transporta bi\u013cetei b\u016bs atlaide \u2013 kam pie\u0161\u0137irs un cik lielu?\" class=\"img-fluid w-100\" data-v-a1a92103=\"\"\/>Foto: Satiksmes ministrija<\/p>\n<p>Daudzb\u0113rnu \u0123ime\u0146u locek\u013ciem un \u0123imen\u0113m, kuru apr\u016bp\u0113 ir b\u0113rns ar invalidit\u0101ti vai pilngad\u012bga persona, kas nav sasniegusi 24 gadu vecumu, ja tai noteikta I vai II invalidit\u0101tes grupa ar apliec\u012bbu &#8220;Goda \u0123imene&#8221; vilcienos un re\u0123ion\u0101lajos autobusos tiek nodro\u0161in\u0101tas atlaides 50 % apm\u0113r\u0101 no brauciena bi\u013cetes pilnas cenas un 40 % apm\u0113r\u0101 no abonementa bi\u013cetes cenas.<\/p>\n<p>Person\u0101m no daudzb\u0113rnu \u0123imen\u0113m un \u0123imen\u0113m, kuru apr\u016bp\u0113 ir b\u0113rns ar invalidit\u0101ti vai pilngad\u012bga persona, kas nav sasniegusi 24 gadu vecumu, ja tai noteikta I vai II invalidit\u0101tes grupa, kuras apmekl\u0113 visp\u0101r\u0113j\u0101s pamatizgl\u012bt\u012bbas un vid\u0113j\u0101s izgl\u012bt\u012bbas iest\u0101des, k\u0101 ar\u012b turpina visp\u0101r\u0113j\u0101s, profesion\u0101l\u0101s, augst\u0101k\u0101s vai speci\u0101l\u0101s izgl\u012bt\u012bbas ieg\u016b\u0161anu, sa\u0146em brauk\u0161anas maksas atvieglojumu 90 % apm\u0113r\u0101 no brauciena bi\u013cetes pilnas cenas. Savuk\u0101rt 4. maij\u0101, 11. un 18. novembr\u012b min\u0113t\u0101 iedz\u012bvot\u0101ju grupa vilcien\u0101 vai re\u0123ion\u0101lajos autobusos var braukt bez maksas.<\/p>\n<p>Lai sa\u0146emtu brauk\u0161anas maksas atvieglojumus, oblig\u0101ts nosac\u012bjums ir personu apliecino\u0161u dokumentu uzr\u0101d\u012b\u0161ana. Tikai tad p\u0101rvad\u0101t\u0101jam ir ties\u012bbas izsniegt bi\u013ceti ar brauk\u0161anas maksas atvieglojumu. Piem\u0113ram, daudzb\u0113rnu \u0123ime\u0146u locek\u013ciem \u2013 uzr\u0101dot Latvijas Goda \u0123imenes apliec\u012bbu &#8220;Goda \u0123imene&#8221; un personu apliecino\u0161u dokumentu vai skol\u0113na vai studenta apliec\u012bbu. B\u0113rniem b\u0101re\u0146iem un bez vec\u0101ku g\u0101d\u012bbas paliku\u0161iem b\u0113rniem, kuri atrodas aud\u017eu\u0123imen\u0113s, aizbildn\u012bb\u0101, b\u0113rnu apr\u016bpes instit\u016bcij\u0101s vai m\u0101c\u0101s visp\u0101r\u0113j\u0101s vai profesion\u0101l\u0101s izgl\u012bt\u012bbas iest\u0101d\u0113s, k\u0101 ar\u012b augstskol\u0101s un koled\u017e\u0101s l\u012bdz 24 gadu vecuma sasnieg\u0161anai, ir j\u0101uzr\u0101da apliec\u012bba soci\u0101lo garantiju nodro\u0161in\u0101\u0161anai vai re\u0123istr\u0113jot braucienu ar valstspils\u0113tas p\u0101rvad\u0101t\u0101ja elektronisk\u0101s identifik\u0101cijas l\u012bdzekli.<\/p>\n<p>M\u0101c\u012bbu gada laik\u0101 papildu valsts nodro\u0161in\u0101tajam atbalstam ar\u012b pa\u0161vald\u012bbas atbalsta skol\u0113nu nok\u013c\u016b\u0161anu skol\u0101 un no skolas. Prec\u012bz\u0101ka inform\u0101cija sa\u0146emama, v\u0113r\u0161oties konkr\u0113taj\u0101 pa\u0161vald\u012bb\u0101.<\/p>\n<p>Ilgtsp\u0113j\u012bga transporta desmitgade<\/p>\n<p>Apvienoto N\u0101ciju Organiz\u0101cija (<a rel=\"noopener nofollow\" target=\"_blank\" href=\"https:\/\/www.delfi.lv\/temas\/36087960\/ano\" tag-id=\"36087960\">ANO<\/a>) pasludin\u0101jusi 2026.\u20132035. gadu par Ilgtsp\u0113j\u012bga transporta desmitgadi, aicinot valstis vis\u0101 pasaul\u0113 veidot dro\u0161as, pieejamas un klimatam draudz\u012bgas transporta sist\u0113mas, vienlaikus sniedzot ieguld\u012bjumu 2015. gad\u0101 izvirz\u012bto <a rel=\"noopener nofollow\" target=\"_blank\" href=\"https:\/\/www.mk.gov.lv\/lv\/17-ilgtspejigas-attistibas-merki\" data-rel-date-range=\"[]\">17 Ilgtsp\u0113j\u012bgas att\u012bst\u012bbas m\u0113r\u0137u<\/a> sasnieg\u0161an\u0101.<\/p>\n<p>&#8220;Ilgtsp\u0113j\u012bga transporta att\u012bst\u012bba ir valsts un pa\u0161vald\u012bbu kop\u012bgs uzdevums. Vienlaikus p\u0101rvieto\u0161an\u0101s ir m\u016bsu ikviena atbild\u012bga izv\u0113le \u2013 ikdien\u0101 gar\u0101k\u0101m distanc\u0113m izmantot vilcienu vai citu sabiedrisko transportu, savuk\u0101rt \u012bs\u0101kas distances veikt k\u0101j\u0101m vai ar mikromobilit\u0101tes r\u012bku. Latvij\u0101 iedz\u012bvot\u0101ju \u0113rt\u012bb\u0101m turpin\u0101m att\u012bst\u012bt m\u016bsdien\u012bgu, \u0113rtu un pieejamu satiksmi. T\u0101pat \u012bstenojam pas\u0101kumus cit\u0101s jom\u0101s, kas ne tikai veicin\u0101s iedz\u012bvot\u0101ju mobilit\u0101ti un re\u0123ionu savienojam\u012bbu, bet ar\u012b dos pienesumu valsts ekonomiskajai att\u012bst\u012bbai&#8221;, skaidro Satiksmes ministrijas (SM) valsts sekret\u0101ra vietnieks Art\u016brs Kokars.<\/p>\n<p>Ilgtsp\u0113j\u012bgas transporta att\u012bst\u012bbas pamats ir ilgtsp\u0113j\u012bgas transporta pl\u0101no\u0161anas politikas izstr\u0101de un ievie\u0161ana, \u0146emot v\u0113r\u0101 ekolo\u0123iskos, soci\u0101los un ekonomiskos aspektus. Galvenie att\u012bst\u012bbas virzieni ir videi draudz\u012bgu transporta l\u012bdzek\u013cu veicin\u0101\u0161ana, sabiedrisk\u0101 transporta uzlabo\u0161ana un piek\u013c\u016bstam\u012bbas nodro\u0161in\u0101\u0161ana vis\u0101m iedz\u012bvot\u0101ju grup\u0101m, velotransporta un g\u0101j\u0113ju infrastrukt\u016bras att\u012bst\u012bba, atjaun\u012bgo resursu izmanto\u0161ana, k\u0101 ar\u012b iedz\u012bvot\u0101ju inform\u0113t\u012bbas palielin\u0101\u0161ana par ilgtsp\u0113j\u012bga transporta priek\u0161roc\u012bb\u0101m. <\/p>\n<p>Lasiet ar\u012b<\/p>\n<p><a href=\"https:\/\/www.delfi.lv\/193\/politics\/120102296\/ari-sogad-bus-valsts-atbalsts-elektroauto-iegadei\" class=\"headline__image-link\" itemprop=\"url\" rel=\"nofollow noopener\" target=\"_blank\"><img decoding=\"async\" loading=\"lazy\" itemprop=\"image\" src=\"https:\/\/www.europesays.com\/lv\/wp-content\/uploads\/2026\/01\/510d0296-497e-4c5f-b0f9-81f3ee316969.jpg\" alt=\"Ar\u012b \u0161ogad b\u016bs valsts atbalsts elektroauto ieg\u0101dei\" title=\"Ar\u012b \u0161ogad b\u016bs valsts atbalsts elektroauto ieg\u0101dei\" class=\"headline__image img-fluid w-100\"\/><\/a><a href=\"https:\/\/www.delfi.lv\/193\/politics\/120102190\/koplietosanas-transportlidzekliem-bus-stingrakas-prasibas\" class=\"headline__image-link\" itemprop=\"url\" rel=\"nofollow noopener\" target=\"_blank\"><img decoding=\"async\" loading=\"lazy\" itemprop=\"image\" src=\"https:\/\/www.europesays.com\/lv\/wp-content\/uploads\/2026\/01\/3cb442eb-4de8-42aa-9089-b2dedadf7bcb.jpg\" alt=\"Koplieto\u0161anas transportl\u012bdzek\u013ciem b\u016bs stingr\u0101kas pras\u012bbas\" title=\"Koplieto\u0161anas transportl\u012bdzek\u013ciem b\u016bs stingr\u0101kas pras\u012bbas\" class=\"headline__image img-fluid w-100\"\/><\/a><\/p>\n<p>ANO nor\u0101da uz pils\u0113tpl\u0101no\u0161anas sasaisti ar transporta politiku un uzsver, ka visos transporta veidos un lietot\u0101ju grup\u0101s noz\u012bm\u012bgs ir satiksmes dro\u0161\u012bbas jaut\u0101jums. Ilgtsp\u0113j\u012bgs transports nav iesp\u0113jams bez zin\u0101tnes, tehnolo\u0123iju un inov\u0101ciju izmanto\u0161anas.<\/p>\n<p>Latvij\u0101 turpin\u0101s darbs pie ilgtsp\u0113j\u012bga transporta att\u012bst\u012bbas un pas\u0101kumu \u012bsteno\u0161anas min\u0113tajos virzienos. Kas jau ir paveikts un kas pl\u0101nots?<\/p>\n<p>Dzelzce\u013c\u0161 \u2013 sabiedrisk\u0101 transporta mugurkauls<\/p>\n<p>Latvij\u0101 dzelzce\u013ca satiksmes moderniz\u0101cijai piesaist\u012btas Eiropas Savien\u012bbas (ES) fondu, Atvese\u013co\u0161anas fonda (AF) un Eiropas infrastrukt\u016bras savieno\u0161anas instrumenta (EISI) invest\u012bcijas. Pag\u0101ju\u0161ogad satiksm\u0113 piedal\u012bj\u0101s visi 32 jaunie elektrovilcieni, vilciena pasa\u017eieru skaits turpina augt &#8211; pag\u0101ju\u0161ogad, sal\u012bdzinot ar 2024.gadu, tas ir palielin\u0101jies par 10%, sasniedzot 21,3 miljonu pasa\u017eieru. Iedz\u012bvot\u0101ju izv\u0113li par labu elektrovilcieniem veicina ar\u012b infrastrukt\u016bras moderniz\u0101cija \u2013 paaugstin\u0101tie peroni, dro\u0161\u0101ka un uzlabota piek\u013c\u016bstam\u012bba, k\u0101 ar\u012b \u010detru jaunu dzelzce\u013ca pieturu izveide R\u012bg\u0101, uzsver ministrij\u0101.<\/p>\n<p>L\u012bdz 2029. gadam pl\u0101nots ieg\u0101d\u0101ties bezemisiju bateriju (BEMU) elektrovilcienus, kas aizst\u0101s novecoju\u0161os d\u012bze\u013cvilcienus un nodro\u0161in\u0101s \u0113rtu un m\u016bsdien\u012bgu vilcienu satiksmi neelektrific\u0113taj\u0101s dzelzce\u013ca l\u012bnij\u0101s. Vienlaikus tiks izb\u016bv\u0113ta ar\u012b atbilsto\u0161a elektrouzl\u0101des infrastrukt\u016bra. Pl\u0101nots, ka BEMU elektrovilcieni s\u0101kotn\u0113ji kalpos mar\u0161rutos R\u012bga-C\u0113sis un R\u012bga-Daugavpils.<\/p>\n<p>&#8220;<a rel=\"noopener nofollow\" target=\"_blank\" href=\"https:\/\/www.delfi.lv\/temas\/37199035\/rail-baltica\" tag-id=\"37199035\">Rail Baltica<\/a>&#8221; ir viens no noz\u012bm\u012bg\u0101kajiem Eiropas transporta t\u012bkla (TEN-T) projektiem, kas ir da\u013ca no Zieme\u013cj\u016bras\u2013Baltijas koridora un Baltijas j\u016bras\u2013Meln\u0101s j\u016bras\u2013Egejas j\u016bras koridora. &#8220;Rail Baltica&#8221; integr\u0113s Baltijas valstis vienot\u0101 Eiropas dzelzce\u013ca t\u012bkl\u0101, veicinot savienojam\u012bbu ar Eiropu, milit\u0101ro mobilit\u0101ti un ekonomisko att\u012bst\u012bbu re\u0123ion\u0101.<\/p>\n<p>Sabiedrisk\u0101 transporta za\u013cin\u0101\u0161ana<\/p>\n<p>\u0160ogad tiks pabeigta Atvese\u013co\u0161an\u0101s fonda finans\u0113t\u0101 R\u012bgas un Pier\u012bgas sabiedrisk\u0101 transporta za\u013cin\u0101\u0161anas un moderniz\u0101cijas reforma, kuras ietvaros asto\u0146as dzelzce\u013ca stacijas tiek moderniz\u0113tas, izveidojot sabiedrisk\u0101 transporta savienojuma punktus &#8211; stacijas ar papla\u0161in\u0101tu funkcionalit\u0101ti jeb Stacijas 2.0.<\/p>\n<p>\u0160\u0101das multifunkcion\u0101las stacijas top Bolder\u0101j\u0101, \u0160\u0137irotav\u0101, Zemit\u0101nos, Sarkandaugav\u0101, Dauderos, Zieme\u013cbl\u0101zm\u0101, Carnikav\u0101 un Saulkrastos. T\u0101d\u0113j\u0101di tiks nodro\u0161in\u0101ta dzelzce\u013ca sasaiste ar pils\u0113tas sabiedrisko transportu, velo un g\u0101j\u0113ju infrastrukt\u016bru un citiem risin\u0101jumiem, kas veicina ilgtsp\u0113j\u012bgu mobilit\u0101ti.<\/p>\n<p>Lasiet ar\u012b<\/p>\n<p><a href=\"https:\/\/www.delfi.lv\/bizness\/56234200\/eiropas-zinas\/120080406\/dzelzcela-staciju-modernizacija-par-desmitiem-miljonu-eiro-vilciens-vel-nav-gala-pa-celam-ari-kritiski-posmi\" class=\"headline__image-link\" itemprop=\"url\" rel=\"nofollow noopener\" target=\"_blank\"><img decoding=\"async\" loading=\"lazy\" itemprop=\"image\" src=\"https:\/\/www.europesays.com\/lv\/wp-content\/uploads\/2026\/01\/66708f7a-123a-4c32-aed0-7faf37bd90b0.jpg\" alt=\"Dzelzce\u013ca staciju moderniz\u0101cija par desmitiem miljonu eiro \u2013 &quot;vilciens&quot; v\u0113l nav gal\u0101, pa ce\u013cam \u2013 ar\u012b kritiski posmi\" title=\"Dzelzce\u013ca staciju moderniz\u0101cija par desmitiem miljonu eiro \u2013 &quot;vilciens&quot; v\u0113l nav gal\u0101, pa ce\u013cam \u2013 ar\u012b kritiski posmi\" class=\"headline__image img-fluid w-100\"\/><\/a><\/p>\n<p>Reformas ietvaros tiek veikta vienotas veloinfrastrukt\u016bras att\u012bst\u012bba R\u012bg\u0101 un Pier\u012bg\u0101, izb\u016bv\u0113jot piecus ma\u0123istr\u0101los veloce\u013cu koridorus 52 kilometru kopgarum\u0101, katr\u0101 mar\u0161rut\u0101 nodro\u0161inot sasaisti starp pils\u0113tas un re\u0123ion\u0101las noz\u012bmes veloce\u013ciem.<\/p>\n<p>T\u0101pat reformas ietvaros R\u012bg\u0101 tiek izb\u016bv\u0113ts 7. tramvaja l\u012bnijas pagarin\u0101jums, ieg\u0101d\u0101ti elektroautobusi un izveidotas elektrouzl\u0101des stacijas.<\/p>\n<p>T\u0101pat tiks pabeigti b\u016bvdarbi R\u012bgas Centr\u0101l\u0101s dzelzce\u013ca stacijas dienvidu da\u013c\u0101 un \u012bstenoti dzelzce\u013ca elektrific\u0113t\u0101 t\u012bkla moderniz\u0101cijas projekti.<\/p>\n<p>Stacija 2.0 re\u0123ionos<\/p>\n<p>Pl\u0101nots, ka l\u012bdz 2029. gada beig\u0101m Latvij\u0101 tiks izveidoti v\u0113l 25 mobilit\u0101tes punkti jeb Stacijas 2.0, t\u0101d\u0113j\u0101di veicinot iedz\u012bvot\u0101ju mobilit\u0101ti vis\u0101 valsts teritorij\u0101. Pirmaj\u0101 atlases k\u0101rt\u0101 ES fondu finans\u0113jumu jau ir sa\u0146\u0113mu\u0161i devi\u0146i projekti \u2013 asto\u0146i R\u012bg\u0101 un viens C\u0113s\u012bs. Pa\u0161reiz noris projektu atlases otr\u0101 k\u0101rta, kur pa\u0161vald\u012bb\u0101m mobilit\u0101tes punktu izb\u016bvei ir pieejami vair\u0101k nek\u0101 60 miljoni eiro, lai \u012bstenotu konkr\u0113tajai vietai un iedz\u012bvot\u0101ju vajadz\u012bb\u0101m piem\u0113rot\u0101ko risin\u0101jumu.<\/p>\n<p>Virz\u012bbai uz za\u013co kursu, Latvijas liel\u0101s ostas \u012bsteno infrastrukt\u016bras moderniz\u0101cijas un atjaun\u012bg\u0101s ener\u0123ijas projektus, k\u0101 ar\u012b projektus milit\u0101r\u0101s mobilit\u0101tes kapacit\u0101tes stiprin\u0101\u0161anai. T\u0101pat ar Eiropas Komisijas atbalstu ir \u012bstenots projekts par ilgtsp\u0113j\u012bgas avi\u0101cijas degvielas tehnolo\u0123iskajiem risin\u0101jumiem un ra\u017eo\u0161anas iesp\u0113j\u0101m Igaunij\u0101 un Latvij\u0101, kas kalpo par pamatu t\u0101l\u0101kai \u0161\u012b virziena att\u012bst\u012bbai un normat\u012bv\u0101 regul\u0113juma izstr\u0101dei.<\/p>\n<p>SM virza digit\u0101lo risin\u0101jumu \u012bsteno\u0161anu p\u0101rvad\u0101jumu jom\u0101, piem\u0113ram, Starptautisk\u0101s kravu lo\u0123istikas un ostu inform\u0101cijas sist\u0113mas (SKLOIS) att\u012bst\u012bbu, kas pal\u012bdz\u0113s kravu p\u0101rvad\u0101jumus padar\u012bt \u0101tr\u0101kus un efekt\u012bv\u0101kus. T\u0101pat SM turpina \u012bstenot jaunie\u0161u iesaisti un izgl\u012bto\u0161anu par ilgtsp\u0113j\u012bgu mobilit\u0101ti un p\u0101rvieto\u0161an\u0101s paradumu mai\u0146u.<\/p>\n<p>Ofici\u0101l\u0101s desmitgades atkl\u0101\u0161anas pas\u0101kums notika 2025. gada 10. decembr\u012b \u0145ujork\u0101, tur tika prezent\u0113ts ievie\u0161anas pl\u0101ns. ANO ilgstp\u0113j\u012bgas transporta desmitgades atkl\u0101\u0161an\u0101 tika pazi\u0146otas vair\u0101k nek\u0101 80 iniciat\u012bvas vis\u0101 pasaul\u0113: no elektrisko autobusu parkiem London\u0101 l\u012bdz digit\u0101l\u0101m lo\u0123istikas platform\u0101m Eirop\u0101. Vair\u0101k inform\u0101cijas par ANO Ilgtsp\u0113j\u012bga transporta desmitgadi un Ilgtsp\u0113j\u012bgas att\u012bst\u012bbas m\u0113r\u0137iem var las\u012bt <a rel=\"noopener nofollow\" target=\"_blank\" href=\"https:\/\/sdgs.un.org\/un-decade-sustainable-transport-2026-2035\" data-rel-date-range=\"[]\">\u0161eit<\/a>.<\/p>\n<p class=\"m-0\">Seko &#8220;Delfi&#8221; ar\u012b  <a target=\"_blank\" href=\"https:\/\/www.instagram.com\/delfi.lv\/\" rel=\"nofollow noopener\">Instagram<\/a>  un <a target=\"_blank\" href=\"https:\/\/www.youtube.com\/channel\/UCw5foWtcJvAbUm64rv7jwUQ\" rel=\"nofollow noopener\">YouTube<\/a>  profil\u0101 \u2013 pievienojies, lai uzzin\u0101tu svar\u012bg\u0101ko un interesant\u0101ko pirmais!<\/p>\n<p>Publik\u0101cijas saturs vai t\u0101s jebk\u0101da apjoma da\u013ca ir aizsarg\u0101ts autorties\u012bbu objekts Autorties\u012bbu likuma izpratn\u0113, un t\u0101 izmanto\u0161ana bez izdev\u0113ja at\u013caujas ir aizliegta. Vair\u0101k lasi  <a target=\"_blank\" href=\"https:\/\/www.delfi.lv\/noteikumi#autortiesibas\" rel=\"nofollow noopener\">\u0161eit<\/a><script async src=\"\/\/www.instagram.com\/embed.js\"><\/script><\/p>\n","protected":false},"excerpt":{"rendered":"Ar\u012b \u0161ogad konkr\u0113t\u0101m iedz\u012bvot\u0101ju grup\u0101m, tostarp pirmsskolas vecuma b\u0113rniem, b\u0113rniem b\u0101re\u0146iem, politiski repres\u0113t\u0101m person\u0101m un nacion\u0101l\u0101s preto\u0161an\u0101s kust\u012bbas&hellip;\n","protected":false},"author":2,"featured_media":107960,"comment_status":"","ping_status":"","sticky":false,"template":"","format":"standard","meta":{"footnotes":""},"categories":[12],"tags":[23,341,28,29,32,33,22,22436,30,31,35,39,38,36,37,34,40,20,5207,26,27,948,24,25,8490,25137,21],"class_list":{"0":"post-107959","1":"post","2":"type-post","3":"status-publish","4":"format-standard","5":"has-post-thumbnail","7":"category-latvija","8":"tag-aktualitates","9":"tag-ano","10":"tag-breaking-news","11":"tag-breakingnews","12":"tag-featured-news","13":"tag-featurednews","14":"tag-headlines","15":"tag-invaliditate","16":"tag-latest-news","17":"tag-latestnews","18":"tag-latvia","19":"tag-latvian","20":"tag-latviesu","21":"tag-latviesu-valoda","22":"tag-latviesuvaloda","23":"tag-latvija","24":"tag-lv","25":"tag-news","26":"tag-pasazieru-parvadajumi","27":"tag-popularakas-zinas","28":"tag-popularakaszinas","29":"tag-rail-baltica","30":"tag-top-stories","31":"tag-topstories","32":"tag-transporta-nozare","33":"tag-zala-patiesiba","34":"tag-zinas"},"share_on_mastodon":{"url":"https:\/\/pubeurope.com\/@lv\/115917426743934147","error":""},"_links":{"self":[{"href":"https:\/\/www.europesays.com\/lv\/wp-json\/wp\/v2\/posts\/107959","targetHints":{"allow":["GET"]}}],"collection":[{"href":"https:\/\/www.europesays.com\/lv\/wp-json\/wp\/v2\/posts"}],"about":[{"href":"https:\/\/www.europesays.com\/lv\/wp-json\/wp\/v2\/types\/post"}],"author":[{"embeddable":true,"href":"https:\/\/www.europesays.com\/lv\/wp-json\/wp\/v2\/users\/2"}],"replies":[{"embeddable":true,"href":"https:\/\/www.europesays.com\/lv\/wp-json\/wp\/v2\/comments?post=107959"}],"version-history":[{"count":0,"href":"https:\/\/www.europesays.com\/lv\/wp-json\/wp\/v2\/posts\/107959\/revisions"}],"wp:featuredmedia":[{"embeddable":true,"href":"https:\/\/www.europesays.com\/lv\/wp-json\/wp\/v2\/media\/107960"}],"wp:attachment":[{"href":"https:\/\/www.europesays.com\/lv\/wp-json\/wp\/v2\/media?parent=107959"}],"wp:term":[{"taxonomy":"category","embeddable":true,"href":"https:\/\/www.europesays.com\/lv\/wp-json\/wp\/v2\/categories?post=107959"},{"taxonomy":"post_tag","embeddable":true,"href":"https:\/\/www.europesays.com\/lv\/wp-json\/wp\/v2\/tags?post=107959"}],"curies":[{"name":"wp","href":"https:\/\/api.w.org\/{rel}","templated":true}]}}