{"id":107969,"date":"2026-01-18T18:28:11","date_gmt":"2026-01-18T18:28:11","guid":{"rendered":"https:\/\/www.europesays.com\/lv\/107969\/"},"modified":"2026-01-18T18:28:11","modified_gmt":"2026-01-18T18:28:11","slug":"bezvests-pazudusi-13-gadus-veca-jauniete-1188-lv","status":"publish","type":"post","link":"https:\/\/www.europesays.com\/lv\/107969\/","title":{"rendered":"Bezv\u0113sts pazudusi 13 gadus veca jauniete &#8211; 1188.lv"},"content":{"rendered":"<ol>\n<li><a href=\"https:\/\/news.google.com\/rss\/articles\/CBMif0FVX3lxTE1GaVBISnRxMEhHRTJ1bUY4dWpMbEVxLUp2Sjd5TDVvOGV4WmFhY1Zfck81eVZNRS1nLTdRMUYwTjFyTUVxMENHQVQ0WWZLUmlXWUxTMU5vWGw5eHdVcm5NNXZFTjFXYnRZaXJDcmlJaXpSQnREMUo2STdlZG9lUWc?oc=5\" target=\"_blank\" rel=\"nofollow noopener\">Bezv\u0113sts pazudusi 13 gadus veca jauniete<\/a>&nbsp;&nbsp;1188.lv<\/li>\n<li><a href=\"https:\/\/news.google.com\/rss\/articles\/CBMivAFBVV95cUxNSVJ4NnRBVFNESkxmRk1pVWJLLUxGWWVmYjd5bm0zcXNLWDRBbWJIZUhSLUQzd05Xdk91ODIwSFJvYWpPQ3FoTHdncV9KeG1VMGljR1lVZ3JMTy10c0FITWU3WHF6YnI4d2wwQXhHXzJFTkYtSHJIWVBjNWdNTENzV3M3NWRuREV6V09iN21zWE8tWGN4cVFuZ2RNVXhuZ3JGdFJpcDBYY0pVeGs1dmpHaEY0d00yNzcyVXdmNA?oc=5\" target=\"_blank\" rel=\"nofollow noopener\">Policija atradusi R\u012bg\u0101 pazudu\u0161o jaunieti; tai pat iel\u0101 iepriek\u0161 pazudis v\u012brietis<\/a>&nbsp;&nbsp;Delfi<\/li>\n<li><a href=\"https:\/\/news.google.com\/rss\/articles\/CBMinAFBVV95cUxQQUR5YWtrSEotZG9QT2RHYzF0aHB5QS1meU8zNEZJRXY1dTR2ajVfUXhsU1R0R1ZneFhweTFtX0xvNVlSM2FxanhvQ3hfYkRvTUUtZC1kaDZna2JMZEllUnNDRm12UjhaUnJPc0NMTlo3QlB1N21reW5ndEZxX19kVUVLUWhxajFTT01OTXVCWVJlckxScFBROURtanE?oc=5\" target=\"_blank\" rel=\"nofollow noopener\">Bezv\u0113sts promb\u016btn\u0113 bijus\u012b Kristena Kulakova-Ezermale ir atradusies<\/a>&nbsp;&nbsp;Apollo.lv<\/li>\n<li><a href=\"https:\/\/news.google.com\/rss\/articles\/CBMimgFBVV95cUxNWDFqZFpFNzJuRWZ5enQ3dFN1c1lVb3RPOV9vdVdlczlJQUVtMFRvUnZpQ3BNMHV6Yk00QUd4dXpibW5wTDRoUXZzRmw3V0lIczJKWHVOdHFuZERHa2dFWUQ2V1pnR3JWb2NyUTQycWpVNFBwWEZkdDBBWFZUcG5lUGJOYTVzQzRiVDlHUlUwVU9nSHF2WHJLcmp3?oc=5\" target=\"_blank\" rel=\"nofollow noopener\">Valsts policija mekl\u0113 bezv\u0113sts promb\u016btn\u0113 eso\u0161o Igoru L\u0101ci<\/a>&nbsp;&nbsp;Jauns.lv<\/li>\n<li><a href=\"https:\/\/news.google.com\/rss\/articles\/CBMiygFBVV95cUxQRVFuaWZRNVdGTFRHby1hRi13UDU2aWQ1ZUR6N1dSNG9hbmpxM2xYeHRqU2Y4ckJtNWZRQmlKZEdFakl3YXJCS2g0NmJ3ZmdmRnpUQXdiZ3BrQzRUMjZJR1hhWGcyUjF4ZjBGelFtVnVWMnppazBTSHRfdUhXYTdVQzlyeTNoNnI3N1lTOGNxSUtGN214d1BGZlZTSU1PSlRQMTJXTWl1TUVPdFhTUnMwd01oMmNXZ2YzNzI1MUNocXlmRTQteWdvVlhR?oc=5\" target=\"_blank\" rel=\"nofollow noopener\">R\u012bg\u0101 mekl\u0113 pusaudzi<\/a>&nbsp;&nbsp;NRA<\/li>\n<\/ol>\n","protected":false},"excerpt":{"rendered":"Bezv\u0113sts pazudusi 13 gadus veca jauniete&nbsp;&nbsp;1188.lv Policija atradusi R\u012bg\u0101 pazudu\u0161o jaunieti; tai pat iel\u0101 iepriek\u0161 pazudis v\u012brietis&nbsp;&nbsp;Delfi Bezv\u0113sts&hellip;\n","protected":false},"author":2,"featured_media":107970,"comment_status":"","ping_status":"","sticky":false,"template":"","format":"standard","meta":{"footnotes":""},"categories":[12],"tags":[129,4973,1276,3733,23,28,29,32,33,22,30,31,35,39,38,36,37,34,40,20,26,27,3734,4974,1277,3735,4975,1278,24,25,21],"class_list":{"0":"post-107969","1":"post","2":"type-post","3":"status-publish","4":"format-standard","5":"has-post-thumbnail","7":"category-latvija","8":"tag-__typenameadvicekeyword","9":"tag-id1223","10":"tag-id561","11":"tag-id881","12":"tag-aktualitates","13":"tag-breaking-news","14":"tag-breakingnews","15":"tag-featured-news","16":"tag-featurednews","17":"tag-headlines","18":"tag-latest-news","19":"tag-latestnews","20":"tag-latvia","21":"tag-latvian","22":"tag-latviesu","23":"tag-latviesu-valoda","24":"tag-latviesuvaloda","25":"tag-latvija","26":"tag-lv","27":"tag-news","28":"tag-popularakas-zinas","29":"tag-popularakaszinas","30":"tag-slug112","31":"tag-slugbezvests-pazudis","32":"tag-slugvalsts-policija","33":"tag-title112","34":"tag-titlebezvests-pazudis","35":"tag-titlevalsts-policija","36":"tag-top-stories","37":"tag-topstories","38":"tag-zinas"},"share_on_mastodon":{"url":"https:\/\/pubeurope.com\/@lv\/115917521228487208","error":""},"_links":{"self":[{"href":"https:\/\/www.europesays.com\/lv\/wp-json\/wp\/v2\/posts\/107969","targetHints":{"allow":["GET"]}}],"collection":[{"href":"https:\/\/www.europesays.com\/lv\/wp-json\/wp\/v2\/posts"}],"about":[{"href":"https:\/\/www.europesays.com\/lv\/wp-json\/wp\/v2\/types\/post"}],"author":[{"embeddable":true,"href":"https:\/\/www.europesays.com\/lv\/wp-json\/wp\/v2\/users\/2"}],"replies":[{"embeddable":true,"href":"https:\/\/www.europesays.com\/lv\/wp-json\/wp\/v2\/comments?post=107969"}],"version-history":[{"count":0,"href":"https:\/\/www.europesays.com\/lv\/wp-json\/wp\/v2\/posts\/107969\/revisions"}],"wp:featuredmedia":[{"embeddable":true,"href":"https:\/\/www.europesays.com\/lv\/wp-json\/wp\/v2\/media\/107970"}],"wp:attachment":[{"href":"https:\/\/www.europesays.com\/lv\/wp-json\/wp\/v2\/media?parent=107969"}],"wp:term":[{"taxonomy":"category","embeddable":true,"href":"https:\/\/www.europesays.com\/lv\/wp-json\/wp\/v2\/categories?post=107969"},{"taxonomy":"post_tag","embeddable":true,"href":"https:\/\/www.europesays.com\/lv\/wp-json\/wp\/v2\/tags?post=107969"}],"curies":[{"name":"wp","href":"https:\/\/api.w.org\/{rel}","templated":true}]}}