{"id":107985,"date":"2026-01-18T19:04:10","date_gmt":"2026-01-18T19:04:10","guid":{"rendered":"https:\/\/www.europesays.com\/lv\/107985\/"},"modified":"2026-01-18T19:04:10","modified_gmt":"2026-01-18T19:04:10","slug":"baiba-bendika-pakapjas-uz-36-vietu-oberhofas-iedzisanas-sacensibas-lente-lv","status":"publish","type":"post","link":"https:\/\/www.europesays.com\/lv\/107985\/","title":{"rendered":"Baiba Bendika pak\u0101pjas uz 36. vietu Oberhofas iedz\u012b\u0161anas sacens\u012bb\u0101s\u00a0\u2014\u00a0Lente.lv"},"content":{"rendered":"<p>Bendika uzlabo rezult\u0101tu Pasaules kausa posm\u0101<\/p>\n<p>Latvijas biatloniste Baiba Bendika sv\u0113tdien, 11. janv\u0101r\u012b, V\u0101cijas tras\u0113 Oberhof\u0101, Pasaules kausa biatlona ceturtaj\u0101 posm\u0101, desmit kilometru iedz\u012b\u0161anas distanc\u0113 izc\u012bn\u012bja 36. vietu. K\u0101 zi\u0146o telekan\u0101ls TV3, ar \u0161o rezult\u0101tu vi\u0146a sp\u0113ja pak\u0101pties par 14 poz\u012bcij\u0101m sal\u012bdzin\u0101jum\u0101 ar sprint\u0101 ie\u0146emto 50. vietu. Lai gan Bendika fini\u0161\u0113ja desmit sekun\u017eu att\u0101lum\u0101 no lab\u0101ko tr\u012bsdesmitnieka, vi\u0146a demonstr\u0113ja sp\u0113ju strauji uzlabot savu sniegumu distances laik\u0101. Sacens\u012bb\u0101s Bendika pie\u013c\u0101va \u010detras k\u013c\u016bdas \u0161au\u0161an\u0101, kas kopum\u0101 liedza sasniegt lab\u0101ku rezult\u0101tu, ta\u010du vi\u0146a sp\u0113ja pak\u0101pties no 50. starta poz\u012bcijas.<\/p>\n<p>Sacens\u012bbu gaita un Bendikas sniegums<\/p>\n<p>Sievie\u0161u desmit kilometru iedz\u012b\u0161anas sacens\u012bbas Oberhof\u0101 nosl\u0113dz\u0101s ar Latvijas biatlonistes Baibas Bendikas 36. vietu. Vi\u0146a distanci veica tr\u012bs min\u016btes un 59,1 sekundi l\u0113n\u0101k nek\u0101 uzvar\u0113t\u0101ja, zviedriete Elv\u012bra \u0112berga. Bendika, kura sacens\u012bbas s\u0101ka no 50. starta poz\u012bcijas, pirmaj\u0101 apl\u012b uzr\u0101d\u012bja 11. \u0101tr\u0101ko sl\u0113pojuma laiku un pirmaj\u0101 \u0161au\u0161anas reiz\u0113 palika bez k\u013c\u016bd\u0101m, kas \u013c\u0101va pak\u0101pties uz 29. poz\u012bciju. Tom\u0113r turpm\u0101kaj\u0101s \u0161au\u0161an\u0101s pie\u013caut\u0101s k\u013c\u016bdas un tempu izmai\u0146as distanc\u0113 rezult\u0101t\u0101 noveda pie 36. vietas fini\u0161\u0101. Lai gan Bendika nebija starp lab\u0101kaj\u0101m \u0161au\u0161an\u0101, vi\u0146as sniegums kopum\u0101 apliecina sp\u0113ju atg\u016bties un uzlabot savu poz\u012bciju distances laik\u0101.<\/p>\n<p>Pasaules kausa sezona un n\u0101kamie posmi<\/p>\n<p>Oberhofas posms bija ceturtais Pasaules kausa sezon\u0101, un tas nosl\u0113dz\u0101s ar \u0161\u012bm iedz\u012b\u0161anas sacens\u012bb\u0101m sieviet\u0113m. Biatlona Pasaules kausa sezona turpin\u0101sies ar posmiem V\u0101cij\u0101, R\u016bpolding\u0101, un \u010cehij\u0101, Nove Mesto. Pirms tam biatlonistiem paredz\u0113tas svar\u012bg\u0101s 2026. gada ziemas olimpisk\u0101s sp\u0113les It\u0101lij\u0101. Oberhofas biatlona trase ir paz\u012bstama ar main\u012bgajiem laika apst\u0101k\u013ciem, kas bie\u017ei vien rada papildu izaicin\u0101jumus sportistiem.<\/p>\n<p>Baibas Bendikas karjera un sasniegumi<\/p>\n<p>Baiba Bendika ir Latvijas biatlona l\u012bdere, kura karjeras laik\u0101 ir sasniegusi vair\u0101kus iev\u0113rojamus rezult\u0101tus. Vi\u0146as karjeras lab\u0101kie pan\u0101kumi Pasaules kaus\u0101 ietver piekto vietu sprinta sacens\u012bb\u0101s Kenmor\u0101 2016. gad\u0101, kad vi\u0146a pirmo reizi nopeln\u012bja ieskaites punktus, un piekto vietu 15 km individu\u0101laj\u0101 distanc\u0113 Pok\u013cuk\u0101 2025. gad\u0101. Bendika ir ar\u012b vair\u0101kk\u0101rt\u0113ja Eiropas \u010dempion\u0101ta meda\u013cniece, tostarp 2021. gad\u0101 izc\u012bn\u012bja zeltu sprint\u0101 un 2025. gad\u0101 Martello ieguva zelta meda\u013cu iedz\u012b\u0161an\u0101 un bronzu sprint\u0101. Vi\u0146a ir ar\u012b 2024. gada vasaras biatlona Pasaules \u010dempione masu start\u0101. P\u0113c Oberhofas posma Baiba Bendika Pasaules kausa kopv\u0113rt\u0113jum\u0101 ar 54 punktiem pak\u0101p\u0101s uz 42. vietu.<\/p>\n","protected":false},"excerpt":{"rendered":"Bendika uzlabo rezult\u0101tu Pasaules kausa posm\u0101 Latvijas biatloniste Baiba Bendika sv\u0113tdien, 11. janv\u0101r\u012b, V\u0101cijas tras\u0113 Oberhof\u0101, Pasaules kausa&hellip;\n","protected":false},"author":2,"featured_media":107986,"comment_status":"","ping_status":"","sticky":false,"template":"","format":"standard","meta":{"footnotes":""},"categories":[5],"tags":[23,16007,1499,28,29,32,33,22,18330,30,31,35,39,38,36,37,34,40,20,24304,2560,26,27,24,25,21],"class_list":{"0":"post-107985","1":"post","2":"type-post","3":"status-publish","4":"format-standard","5":"has-post-thumbnail","7":"category-aktualitates","8":"tag-aktualitates","9":"tag-baiba-bendika","10":"tag-biatlons","11":"tag-breaking-news","12":"tag-breakingnews","13":"tag-featured-news","14":"tag-featurednews","15":"tag-headlines","16":"tag-iedzisana","17":"tag-latest-news","18":"tag-latestnews","19":"tag-latvia","20":"tag-latvian","21":"tag-latviesu","22":"tag-latviesu-valoda","23":"tag-latviesuvaloda","24":"tag-latvija","25":"tag-lv","26":"tag-news","27":"tag-oberhofa","28":"tag-pasaules-kauss","29":"tag-popularakas-zinas","30":"tag-popularakaszinas","31":"tag-top-stories","32":"tag-topstories","33":"tag-zinas"},"share_on_mastodon":{"url":"https:\/\/pubeurope.com\/@lv\/115917662670686053","error":""},"_links":{"self":[{"href":"https:\/\/www.europesays.com\/lv\/wp-json\/wp\/v2\/posts\/107985","targetHints":{"allow":["GET"]}}],"collection":[{"href":"https:\/\/www.europesays.com\/lv\/wp-json\/wp\/v2\/posts"}],"about":[{"href":"https:\/\/www.europesays.com\/lv\/wp-json\/wp\/v2\/types\/post"}],"author":[{"embeddable":true,"href":"https:\/\/www.europesays.com\/lv\/wp-json\/wp\/v2\/users\/2"}],"replies":[{"embeddable":true,"href":"https:\/\/www.europesays.com\/lv\/wp-json\/wp\/v2\/comments?post=107985"}],"version-history":[{"count":0,"href":"https:\/\/www.europesays.com\/lv\/wp-json\/wp\/v2\/posts\/107985\/revisions"}],"wp:featuredmedia":[{"embeddable":true,"href":"https:\/\/www.europesays.com\/lv\/wp-json\/wp\/v2\/media\/107986"}],"wp:attachment":[{"href":"https:\/\/www.europesays.com\/lv\/wp-json\/wp\/v2\/media?parent=107985"}],"wp:term":[{"taxonomy":"category","embeddable":true,"href":"https:\/\/www.europesays.com\/lv\/wp-json\/wp\/v2\/categories?post=107985"},{"taxonomy":"post_tag","embeddable":true,"href":"https:\/\/www.europesays.com\/lv\/wp-json\/wp\/v2\/tags?post=107985"}],"curies":[{"name":"wp","href":"https:\/\/api.w.org\/{rel}","templated":true}]}}