{"id":107987,"date":"2026-01-18T19:08:07","date_gmt":"2026-01-18T19:08:07","guid":{"rendered":"https:\/\/www.europesays.com\/lv\/107987\/"},"modified":"2026-01-18T19:08:07","modified_gmt":"2026-01-18T19:08:07","slug":"video-%e2%9f%a9-veikala-apsargs-krievu-specdienestiem-ilgstosi-zino-par-apmekletajiem-ar-ukrainas-simboliku-un-auto-numuriem","status":"publish","type":"post","link":"https:\/\/www.europesays.com\/lv\/107987\/","title":{"rendered":"VIDEO \u27e9 Veikala apsargs krievu specdienestiem ilgsto\u0161i zi\u0146o par apmekl\u0113t\u0101jiem ar Ukrainas simboliku un auto numuriem"},"content":{"rendered":"<p class=\"MsoNormal\">\u0160ie materi\u0101li liecina, ka &#8220;Baltijas antifa\u0161isti&#8221; nav tikai Krievijas fanu pulci\u0146\u0161 &#8211; vi\u0146i Latvij\u0101 m\u0113\u0123ina iefiltr\u0113ties dronu ra\u017eotn\u0113s, v\u0101c inform\u0101ciju par milit\u0101r\u0101s tehnikas p\u0101rvieto\u0161anos, apkopo zi\u0146as par to, kas ziedo Ukrainai vai staig\u0101 ar Ukrainas simboliku.<\/p>\n<p class=\"MsoNormal\">Viens no m\u016bsu atkl\u0101tajiem zi\u0146ot\u0101jiem intervijas laik\u0101 uzbruka \u017eurn\u0101listiem un sadauz\u012bja &#8220;Nek\u0101 person\u012bga&#8221; kameru. Vi\u0146\u0161 pa\u0161laik atrodas apcietin\u0101jum\u0101.<\/p>\n<p class=\"MsoNormal\">2022. gada novembr\u012b platform\u0101 &#8220;Telegram&#8221; par\u0101d\u012bj\u0101s kan\u0101ls &#8220;Baltijas antifa\u0161isti&#8221;. Tas pazi\u0146oja par &#8220;antifa\u0161istu&#8221; pagr\u012bdes veido\u0161anu un aicin\u0101ja zi\u0146ot par, k\u0101 vi\u0146i tos sauc, &#8220;nacistiem&#8221; Baltij\u0101 un NATO sp\u0113ku p\u0101rvieto\u0161anos. Kan\u0101l\u0101 public\u0113tas detaliz\u0113tas instrukcijas, k\u0101 pievienoties un zi\u0146ot anon\u012bmi, k\u0101 r\u012bkoties aiztur\u0113\u0161anas gad\u012bjum\u0101. Dr\u012bz ar\u012b s\u0101ka public\u0113t inform\u0101ciju par ienaidniekiem, proti, &#8220;fa\u0161istiem&#8221;, pret kuriem j\u0101c\u012bn\u0101s &#8211; politi\u0137iem, iedz\u012bvot\u0101jiem, kas karo Ukrain\u0101, labdar\u012bbas organiz\u0101ciju vad\u012bbu, cilv\u0113kiem, kas publiski pau\u017e atbalstu Ukrainai un aicina nojaukt padomju pieminek\u013cus. Kan\u0101l\u0101 par\u0101d\u012bj\u0101s fotogr\u0101fijas, telefona numuri un citi personu dati. Teju viss saturs bija velt\u012bts Latvijai. Kan\u0101la veidot\u0101ji apgalvoja, ka inform\u0101ciju nodod Krievijas varas iest\u0101d\u0113m un specdienestiem.<\/p>\n","protected":false},"excerpt":{"rendered":"\u0160ie materi\u0101li liecina, ka &#8220;Baltijas antifa\u0161isti&#8221; nav tikai Krievijas fanu pulci\u0146\u0161 &#8211; vi\u0146i Latvij\u0101 m\u0113\u0123ina iefiltr\u0113ties dronu ra\u017eotn\u0113s,&hellip;\n","protected":false},"author":2,"featured_media":107988,"comment_status":"","ping_status":"","sticky":false,"template":"","format":"standard","meta":{"footnotes":""},"categories":[14],"tags":[23,57,28,29,32,33,22,11056,74,30,31,35,39,38,36,37,34,40,20,26,27,24,25,276,54,55,56,21,58],"class_list":{"0":"post-107987","1":"post","2":"type-post","3":"status-publish","4":"format-standard","5":"has-post-thumbnail","7":"category-zinas-no-arvalstim","8":"tag-aktualitates","9":"tag-arvalstim","10":"tag-breaking-news","11":"tag-breakingnews","12":"tag-featured-news","13":"tag-featurednews","14":"tag-headlines","15":"tag-kremlis","16":"tag-krievijas-iebrukums-ukraina","17":"tag-latest-news","18":"tag-latestnews","19":"tag-latvia","20":"tag-latvian","21":"tag-latviesu","22":"tag-latviesu-valoda","23":"tag-latviesuvaloda","24":"tag-latvija","25":"tag-lv","26":"tag-news","27":"tag-popularakas-zinas","28":"tag-popularakaszinas","29":"tag-top-stories","30":"tag-topstories","31":"tag-ukraina","32":"tag-world","33":"tag-world-news","34":"tag-worldnews","35":"tag-zinas","36":"tag-zinas-no-arvalstim"},"share_on_mastodon":{"url":"https:\/\/pubeurope.com\/@lv\/115917678371468345","error":""},"_links":{"self":[{"href":"https:\/\/www.europesays.com\/lv\/wp-json\/wp\/v2\/posts\/107987","targetHints":{"allow":["GET"]}}],"collection":[{"href":"https:\/\/www.europesays.com\/lv\/wp-json\/wp\/v2\/posts"}],"about":[{"href":"https:\/\/www.europesays.com\/lv\/wp-json\/wp\/v2\/types\/post"}],"author":[{"embeddable":true,"href":"https:\/\/www.europesays.com\/lv\/wp-json\/wp\/v2\/users\/2"}],"replies":[{"embeddable":true,"href":"https:\/\/www.europesays.com\/lv\/wp-json\/wp\/v2\/comments?post=107987"}],"version-history":[{"count":0,"href":"https:\/\/www.europesays.com\/lv\/wp-json\/wp\/v2\/posts\/107987\/revisions"}],"wp:featuredmedia":[{"embeddable":true,"href":"https:\/\/www.europesays.com\/lv\/wp-json\/wp\/v2\/media\/107988"}],"wp:attachment":[{"href":"https:\/\/www.europesays.com\/lv\/wp-json\/wp\/v2\/media?parent=107987"}],"wp:term":[{"taxonomy":"category","embeddable":true,"href":"https:\/\/www.europesays.com\/lv\/wp-json\/wp\/v2\/categories?post=107987"},{"taxonomy":"post_tag","embeddable":true,"href":"https:\/\/www.europesays.com\/lv\/wp-json\/wp\/v2\/tags?post=107987"}],"curies":[{"name":"wp","href":"https:\/\/api.w.org\/{rel}","templated":true}]}}