{"id":107991,"date":"2026-01-18T19:14:11","date_gmt":"2026-01-18T19:14:11","guid":{"rendered":"https:\/\/www.europesays.com\/lv\/107991\/"},"modified":"2026-01-18T19:14:11","modified_gmt":"2026-01-18T19:14:11","slug":"ilons-masks-un-ryanair-vaditajs-viens-otru-nosauc-par-idiotiem","status":"publish","type":"post","link":"https:\/\/www.europesays.com\/lv\/107991\/","title":{"rendered":"\u012alons Masks un \u201cRyanair\u201d vad\u012bt\u0101js viens otru nosauc par \u201cidiotiem\u201d"},"content":{"rendered":"<p class=\"MsoNormal\">\u0160\u012b apmai\u0146a ar laipn\u012bb\u0101m ir tikai aisberga redzam\u0101 da\u013ca, jo nesaska\u0146u pamat\u0101 ir ekonomiska rakstura str\u012bds: \u201cRyanair\u201d noraida pied\u0101v\u0101jumu ier\u012bkot \u201cStarlink\u201d antenas sav\u0101s vair\u0101k nek\u0101 600 \u201cBoeing 737\u201d lidma\u0161\u012bn\u0101s. O&#8217;L\u012brijs apgalvo, ka \u0161\u0101ds papildu elements uz lidma\u0161\u012bnas korpusa palielina gaisa pretest\u012bbu un l\u012bdz ar to ar\u012b degvielas pat\u0113ri\u0146u. Vi\u0146\u0161 l\u0113\u0161, ka pieaugums b\u016bs aptuveni divi procenti, kas aviokomp\u0101nijai var\u0113tu izmaks\u0101t simtiem miljonu dol\u0101ru gad\u0101. Turkl\u0101t vi\u0146\u0161 ar\u012b apgalvo, ka pasa\u017eieri, visticam\u0101k, nemaks\u0101s par Wi-Fi internetu \u012bsos lidojumos.<\/p>\n<p class=\"MsoNormal\">Masks apstr\u012bd \u0161os pie\u0146\u0113mumus un nor\u0101da uz cit\u0101m aviokomp\u0101nij\u0101m, kas jau izmanto \u201cStarlink\u201d. Vi\u0146\u0161 saka, ka \u0101trs internets lidma\u0161\u012bn\u0101 daudziem ce\u013cot\u0101jiem b\u016bs iz\u0161\u0137iro\u0161s faktors, rezerv\u0113jot lidojumus.<\/p>\n","protected":false},"excerpt":{"rendered":"\u0160\u012b apmai\u0146a ar laipn\u012bb\u0101m ir tikai aisberga redzam\u0101 da\u013ca, jo nesaska\u0146u pamat\u0101 ir ekonomiska rakstura str\u012bds: \u201cRyanair\u201d noraida&hellip;\n","protected":false},"author":2,"featured_media":107992,"comment_status":"","ping_status":"","sticky":false,"template":"","format":"standard","meta":{"footnotes":""},"categories":[14],"tags":[23,57,1806,28,29,32,33,22,79,30,31,35,39,38,36,37,34,40,20,26,27,4429,1474,24,25,54,55,56,21,58],"class_list":{"0":"post-107991","1":"post","2":"type-post","3":"status-publish","4":"format-standard","5":"has-post-thumbnail","7":"category-zinas-no-arvalstim","8":"tag-aktualitates","9":"tag-arvalstim","10":"tag-aviokompanijas","11":"tag-breaking-news","12":"tag-breakingnews","13":"tag-featured-news","14":"tag-featurednews","15":"tag-headlines","16":"tag-ilons-masks","17":"tag-latest-news","18":"tag-latestnews","19":"tag-latvia","20":"tag-latvian","21":"tag-latviesu","22":"tag-latviesu-valoda","23":"tag-latviesuvaloda","24":"tag-latvija","25":"tag-lv","26":"tag-news","27":"tag-popularakas-zinas","28":"tag-popularakaszinas","29":"tag-ryanair","30":"tag-starlink","31":"tag-top-stories","32":"tag-topstories","33":"tag-world","34":"tag-world-news","35":"tag-worldnews","36":"tag-zinas","37":"tag-zinas-no-arvalstim"},"share_on_mastodon":{"url":"https:\/\/pubeurope.com\/@lv\/115917701961058877","error":""},"_links":{"self":[{"href":"https:\/\/www.europesays.com\/lv\/wp-json\/wp\/v2\/posts\/107991","targetHints":{"allow":["GET"]}}],"collection":[{"href":"https:\/\/www.europesays.com\/lv\/wp-json\/wp\/v2\/posts"}],"about":[{"href":"https:\/\/www.europesays.com\/lv\/wp-json\/wp\/v2\/types\/post"}],"author":[{"embeddable":true,"href":"https:\/\/www.europesays.com\/lv\/wp-json\/wp\/v2\/users\/2"}],"replies":[{"embeddable":true,"href":"https:\/\/www.europesays.com\/lv\/wp-json\/wp\/v2\/comments?post=107991"}],"version-history":[{"count":0,"href":"https:\/\/www.europesays.com\/lv\/wp-json\/wp\/v2\/posts\/107991\/revisions"}],"wp:featuredmedia":[{"embeddable":true,"href":"https:\/\/www.europesays.com\/lv\/wp-json\/wp\/v2\/media\/107992"}],"wp:attachment":[{"href":"https:\/\/www.europesays.com\/lv\/wp-json\/wp\/v2\/media?parent=107991"}],"wp:term":[{"taxonomy":"category","embeddable":true,"href":"https:\/\/www.europesays.com\/lv\/wp-json\/wp\/v2\/categories?post=107991"},{"taxonomy":"post_tag","embeddable":true,"href":"https:\/\/www.europesays.com\/lv\/wp-json\/wp\/v2\/tags?post=107991"}],"curies":[{"name":"wp","href":"https:\/\/api.w.org\/{rel}","templated":true}]}}