{"id":108017,"date":"2026-01-18T20:10:11","date_gmt":"2026-01-18T20:10:11","guid":{"rendered":"https:\/\/www.europesays.com\/lv\/108017\/"},"modified":"2026-01-18T20:10:11","modified_gmt":"2026-01-18T20:10:11","slug":"noskaties-%e2%9f%a9-veikala-apsargs-un-citi-ridzinieki-krievu-specdienestiem-ilgstosi-zino-par-militaro-tehniku-un-ukrainas-atbalstitajiem","status":"publish","type":"post","link":"https:\/\/www.europesays.com\/lv\/108017\/","title":{"rendered":"NOSKATIES \u27e9 Veikala apsargs un citi r\u012bdzinieki krievu specdienestiem ilgsto\u0161i zi\u0146o par milit\u0101ro tehniku un Ukrainas atbalst\u012bt\u0101jiem"},"content":{"rendered":"<p>Man nav ne maz\u0101ko \u0161aubu, ka \u0161\u012bs aktivit\u0101tes iepriek\u0161 ir tiku\u0161as saska\u0146otas Krievijas Feder\u0101cij\u0101 ar attiec\u012bgajiem dienestiem.<\/p>\n<p>Piln\u012bgi noteikti vi\u0146iem draud, ja \u0161\u012b persona ir sapratusi, ko vi\u0146a dara un apzin\u0101s savu r\u012bc\u012bbu, krimin\u0101latbild\u012bba par spiego\u0161anu. K\u0101 ar\u012b ir pla\u0161\u0101k v\u0113rt\u0113jams jaut\u0101jums, ja persona ir sapratusi, ka vi\u0146a iesaist\u0101s noziedz\u012bgas organiz\u0101cijas darb\u012bb\u0101, ka vi\u0146ai draud ar\u012b atbild\u012bba par, esot \u0161aj\u0101 noziedz\u012bgaj\u0101 organiz\u0101cij\u0101, izdar\u012btu noziedz\u012bgu nodar\u012bjumu. Un tur sankcija ir br\u012bv\u012bbas at\u0146em\u0161ana no 10 gadiem l\u012bdz 20, k\u0101 ar\u012b m\u016b\u017ea ieslodz\u012bjums.<\/p>\n<p>Dro\u0161\u012bbas eksperti mierina &#8211; \u0161\u0101das inform\u0101cijas non\u0101k\u0161ana Krievijas specdienestu rok\u0101s Latvijas dro\u0161\u012bbu nopietni neapdraudot. Tom\u0113r vi\u0146i atz\u012bst &#8211; tas palielina provok\u0101ciju un sabot\u0101\u017eu risku.<\/p>\n<p>J\u0101nis Ka\u017eoci\u0146\u0161, biju\u0161ais SAB vad\u012bt\u0101js, \u0122eopolitikas p\u0113t\u012bjumu centra vec\u0101kais p\u0113tnieks<\/p>\n<p>FSB ir milz\u012bga birokr\u0101tija pati par sevi, vi\u0146iem ir uzdots pien\u0101kums sav\u0101kt t\u0101dus sarakstus un vi\u0146i to dara.<\/p>\n<p>Vi\u0146i tagad ir t\u0101du bedri sev izraku\u0161i Ukrain\u0101, vi\u0146i negrib\u0113s ies\u0101kt \u012bstu kin\u0113tisku karu ar NATO, jo to vi\u0146i t\u016bl\u012bt zaud\u0113tu. Tas noz\u012bm\u0113, ka vi\u0146i mekl\u0113 citus veidus, k\u0101 ietekm\u0113t Baltijas valstis, k\u0101 papla\u0161in\u0101t savu intere\u0161u sf\u0113ru ar\u012b uz Rietumiem &#8211; ne tikai uz Dienvidiem, Dienvidkauk\u0101zu, un tas noz\u012bm\u0113 t\u0101das aktivit\u0101tes, kas nesasniedz [NATO l\u012bguma] 5.panta robe\u017eu, bet var\u0113tu b\u016bt \u0101rk\u0101rt\u012bgi kait\u012bgas.<\/p>\n<p>Valsts dro\u0161\u012bbas dienests inform\u0113, ka uzs\u0101cis krimin\u0101lprocesu par spiego\u0161anu un taj\u0101 \u0161om\u0113nes aiztur\u0113jis vair\u0101kus cilv\u0113kus.<\/p>\n<p>Ar\u012b iepriek\u0161 likumsargi v\u0113rsu\u0161ies pret cilv\u0113kiem, kas s\u016bt\u012bju\u0161i inform\u0101ciju \u201cBaltijas antifa\u0161istu\u201d kan\u0101l\u0101. Ska\u013c\u0101k\u0101 bija taksista Sergeja Sidorova lieta. Vi\u0146\u0161 regul\u0101ri zi\u0146oja par milit\u0101ro kravu kust\u012bbu un pat rosin\u0101jis spridzin\u0101t dronu poligonus un automa\u0161\u012bnas ar Ukrainas numuriem. Pirm\u0101s instances tiesa vi\u0146am piespriedusi septi\u0146us gadus cietum\u0101.<\/p>\n","protected":false},"excerpt":{"rendered":"Man nav ne maz\u0101ko \u0161aubu, ka \u0161\u012bs aktivit\u0101tes iepriek\u0161 ir tiku\u0161as saska\u0146otas Krievijas Feder\u0101cij\u0101 ar attiec\u012bgajiem dienestiem. Piln\u012bgi&hellip;\n","protected":false},"author":2,"featured_media":108018,"comment_status":"","ping_status":"","sticky":false,"template":"","format":"standard","meta":{"footnotes":""},"categories":[5],"tags":[668,23,25713,28,29,32,33,22,1571,234,25715,30,31,35,39,38,36,37,34,40,20,26,27,25714,24,25,21],"class_list":{"0":"post-108017","1":"post","2":"type-post","3":"status-publish","4":"format-standard","5":"has-post-thumbnail","7":"category-aktualitates","8":"tag-neka-personiga","9":"tag-aktualitates","10":"tag-baltijas-antifasisti","11":"tag-breaking-news","12":"tag-breakingnews","13":"tag-featured-news","14":"tag-featurednews","15":"tag-headlines","16":"tag-hibridkars","17":"tag-krievija","18":"tag-krievijas-specdienesti","19":"tag-latest-news","20":"tag-latestnews","21":"tag-latvia","22":"tag-latvian","23":"tag-latviesu","24":"tag-latviesu-valoda","25":"tag-latviesuvaloda","26":"tag-latvija","27":"tag-lv","28":"tag-news","29":"tag-popularakas-zinas","30":"tag-popularakaszinas","31":"tag-spiegosana-latvija","32":"tag-top-stories","33":"tag-topstories","34":"tag-zinas"},"share_on_mastodon":{"url":"","error":"Validation failed: Text character limit of 500 exceeded"},"_links":{"self":[{"href":"https:\/\/www.europesays.com\/lv\/wp-json\/wp\/v2\/posts\/108017","targetHints":{"allow":["GET"]}}],"collection":[{"href":"https:\/\/www.europesays.com\/lv\/wp-json\/wp\/v2\/posts"}],"about":[{"href":"https:\/\/www.europesays.com\/lv\/wp-json\/wp\/v2\/types\/post"}],"author":[{"embeddable":true,"href":"https:\/\/www.europesays.com\/lv\/wp-json\/wp\/v2\/users\/2"}],"replies":[{"embeddable":true,"href":"https:\/\/www.europesays.com\/lv\/wp-json\/wp\/v2\/comments?post=108017"}],"version-history":[{"count":0,"href":"https:\/\/www.europesays.com\/lv\/wp-json\/wp\/v2\/posts\/108017\/revisions"}],"wp:featuredmedia":[{"embeddable":true,"href":"https:\/\/www.europesays.com\/lv\/wp-json\/wp\/v2\/media\/108018"}],"wp:attachment":[{"href":"https:\/\/www.europesays.com\/lv\/wp-json\/wp\/v2\/media?parent=108017"}],"wp:term":[{"taxonomy":"category","embeddable":true,"href":"https:\/\/www.europesays.com\/lv\/wp-json\/wp\/v2\/categories?post=108017"},{"taxonomy":"post_tag","embeddable":true,"href":"https:\/\/www.europesays.com\/lv\/wp-json\/wp\/v2\/tags?post=108017"}],"curies":[{"name":"wp","href":"https:\/\/api.w.org\/{rel}","templated":true}]}}