{"id":108020,"date":"2026-01-18T20:15:37","date_gmt":"2026-01-18T20:15:37","guid":{"rendered":"https:\/\/www.europesays.com\/lv\/108020\/"},"modified":"2026-01-18T20:15:37","modified_gmt":"2026-01-18T20:15:37","slug":"valdiba-nevelas-lai-par-to-uzzinatu-uz-kadam-krapnieku-shemam-cilveki-uzkeras-apollo-lv","status":"publish","type":"post","link":"https:\/\/www.europesays.com\/lv\/108020\/","title":{"rendered":"&quot;Vald\u012bba nev\u0113las, lai par to uzzin\u0101tu&#8230;&quot; Uz k\u0101d\u0101m kr\u0101pnieku sh\u0113m\u0101m cilv\u0113ki uz\u0137eras &#8211; Apollo.lv"},"content":{"rendered":"<ol>\n<li><a href=\"https:\/\/news.google.com\/rss\/articles\/CBMiqwFBVV95cUxQYXFjNzREa0dwS3V2WC0xbXhlWUl3S2otUTJTVFphbXdfNDlNMGw3MElkaG5xejlCX2NEbTNWREhWdWhhY0txbjJBUkJhclQyaVV6RHVFYTF5Zk02STJZUTdNSTlrOVFBdy13U1RFYlBTTV9HR2pkal8wN1l5MEFjWm1tLUU1VklwQmd1ZGFEbmp3TjFWX0hRMUM3Si15VVlwd090QlhucE5EUG8?oc=5\" target=\"_blank\" rel=\"nofollow noopener\">&#8220;Vald\u012bba nev\u0113las, lai par to uzzin\u0101tu&#8230;&#8221; Uz k\u0101d\u0101m kr\u0101pnieku sh\u0113m\u0101m cilv\u0113ki uz\u0137eras<\/a>&nbsp;&nbsp;Apollo.lv<\/li>\n<li><a href=\"https:\/\/news.google.com\/rss\/articles\/CBMiwgFBVV95cUxQMHRtbE93QVNCQUlBajhaSEJ4VDFXV2FQeVp3ZGxZUlJvYWJicHF2cGhjZG4zTkQ0bFBYXzl4ZjRKQ2lGRjRRRWt2THFkWnRmSmpGdm1mVWVCVGg3TG1iWFZhODFsVmU2RG1RdEoxTFBkUFM3ZzB4NklrRHRkUEhjS0JrazFzT3VCTDNiN1hIOEo4TnBPbzJGcklrWVZHa3JBTHJOVzBFc0tnaFFac21PLVhHOEVzd3E1ZkZkdml0NGdkQQ?oc=5\" target=\"_blank\" rel=\"nofollow noopener\">Klusais varonis, v\u0101rda \u00abdators\u00bb ievies\u0113js. Imanta Freiberga piemi\u0146ai \/ Raksts<\/a>&nbsp;&nbsp;LSM<\/li>\n<li><a href=\"https:\/\/news.google.com\/rss\/articles\/CBMiqwFBVV95cUxNdG4zdngxSVE3OE9WNmx3aU1reldOUnJ3OUtRd0JraVROaGhBZFhwYlFEbl9obTF4T1I5anZOWDFBenJDQ3dQZUhJc0VjMVNWNjFKcFBDeThwN1VHQjMyV09CWU9nMXR0TWFSaXNCVERNMWdBVWFFQVJ0SzAyVFZUdHpkRXdZMklHTUZlOW5pQU5WOF95T2M4YVRkemhTTVlMWUs3anU3Vkk0dlU?oc=5\" target=\"_blank\" rel=\"nofollow noopener\">FOTO. Vaira V\u012b\u0137e-Freiberga aicina neuz\u0137erties un br\u012bdina par \u013coti cinisku kr\u0101pnieku g\u0101jienu<\/a>&nbsp;&nbsp;LA.LV<\/li>\n<li><a href=\"https:\/\/news.google.com\/rss\/articles\/CBMi0wFBVV95cUxNUGl4UnJ1Q2VKVFpQdFhqS2dLaE1LeEpPWHB4V1ZhNEJ5OFp5SHB6bFViTlJ3LVBKMW5lX0F4d2wtT0J4dE9nM1VMRTNpSkxnSVJrT2VsTmVxVWVVaUk3blI2TDZxN0tqUXVlWHUzWkJMRjdlYm1LTGwtRmJRVmJDM2lUcjhlSHlYQ1R1eGpBMlUweThtQXpPYm9ZTG9aaEpWUmlyaW9NNWlVX2pha2hkeWhCSG91NDdSVjJaWGdZNUpIVDVmVHF1N1ZWOWlQNGdxNHNR?oc=5\" target=\"_blank\" rel=\"nofollow noopener\">Izkr\u0101pj naudu, aizskarot miru\u0161o cie\u0146u: \u201cFacebook\u201d izplat\u0101s viltus zi\u0146as par nesen aizsaul\u0113 aizg\u0101ju\u0161ajiem<\/a>&nbsp;&nbsp;Jauns.lv<\/li>\n<li><a href=\"https:\/\/news.google.com\/rss\/articles\/CBMimwFBVV95cUxOV3BVQXp4djgydVlQRUhMTWNQSFNwcHRNbVVsVjlRUlRFUDV4RnYtcWhVVlM1V1hxX2tGSkNWNGdfMnFxaU5wVFpWZDhqYXNUdlEwQU15NEoxNnE5Q2JPV1NSQzRZLVhqMHVOaW1zZXgwb1k3Q2VMb3JsWm5XUVdzcldfMS1yRFhjbnhxTndRajVnZW9FZWhZVXJBQQ?oc=5\" target=\"_blank\" rel=\"nofollow noopener\">Vaira V\u012b\u0137e-Freiberga br\u012bdina sabiedr\u012bbu<\/a>&nbsp;&nbsp;NRA<\/li>\n<\/ol>\n","protected":false},"excerpt":{"rendered":"&#8220;Vald\u012bba nev\u0113las, lai par to uzzin\u0101tu&#8230;&#8221; Uz k\u0101d\u0101m kr\u0101pnieku sh\u0113m\u0101m cilv\u0113ki uz\u0137eras&nbsp;&nbsp;Apollo.lv Klusais varonis, v\u0101rda \u00abdators\u00bb ievies\u0113js. Imanta&hellip;\n","protected":false},"author":2,"featured_media":108021,"comment_status":"","ping_status":"","sticky":false,"template":"","format":"standard","meta":{"footnotes":""},"categories":[12],"tags":[23,28,29,4244,32,33,22,1064,1493,30,31,35,39,38,36,37,34,40,20,23512,26,27,24,25,900,21],"class_list":{"0":"post-108020","1":"post","2":"type-post","3":"status-publish","4":"format-standard","5":"has-post-thumbnail","7":"category-latvija","8":"tag-aktualitates","9":"tag-breaking-news","10":"tag-breakingnews","11":"tag-cert-lv","12":"tag-featured-news","13":"tag-featurednews","14":"tag-headlines","15":"tag-kiberdrosiba","16":"tag-kibernoziedziba","17":"tag-latest-news","18":"tag-latestnews","19":"tag-latvia","20":"tag-latvian","21":"tag-latviesu","22":"tag-latviesu-valoda","23":"tag-latviesuvaloda","24":"tag-latvija","25":"tag-lv","26":"tag-news","27":"tag-nora-ikstena","28":"tag-popularakas-zinas","29":"tag-popularakaszinas","30":"tag-top-stories","31":"tag-topstories","32":"tag-tvnet-cilvekstasti","33":"tag-zinas"},"share_on_mastodon":{"url":"https:\/\/pubeurope.com\/@lv\/115917941968664242","error":""},"_links":{"self":[{"href":"https:\/\/www.europesays.com\/lv\/wp-json\/wp\/v2\/posts\/108020","targetHints":{"allow":["GET"]}}],"collection":[{"href":"https:\/\/www.europesays.com\/lv\/wp-json\/wp\/v2\/posts"}],"about":[{"href":"https:\/\/www.europesays.com\/lv\/wp-json\/wp\/v2\/types\/post"}],"author":[{"embeddable":true,"href":"https:\/\/www.europesays.com\/lv\/wp-json\/wp\/v2\/users\/2"}],"replies":[{"embeddable":true,"href":"https:\/\/www.europesays.com\/lv\/wp-json\/wp\/v2\/comments?post=108020"}],"version-history":[{"count":0,"href":"https:\/\/www.europesays.com\/lv\/wp-json\/wp\/v2\/posts\/108020\/revisions"}],"wp:featuredmedia":[{"embeddable":true,"href":"https:\/\/www.europesays.com\/lv\/wp-json\/wp\/v2\/media\/108021"}],"wp:attachment":[{"href":"https:\/\/www.europesays.com\/lv\/wp-json\/wp\/v2\/media?parent=108020"}],"wp:term":[{"taxonomy":"category","embeddable":true,"href":"https:\/\/www.europesays.com\/lv\/wp-json\/wp\/v2\/categories?post=108020"},{"taxonomy":"post_tag","embeddable":true,"href":"https:\/\/www.europesays.com\/lv\/wp-json\/wp\/v2\/tags?post=108020"}],"curies":[{"name":"wp","href":"https:\/\/api.w.org\/{rel}","templated":true}]}}