{"id":108030,"date":"2026-01-18T20:27:19","date_gmt":"2026-01-18T20:27:19","guid":{"rendered":"https:\/\/www.europesays.com\/lv\/108030\/"},"modified":"2026-01-18T20:27:19","modified_gmt":"2026-01-18T20:27:19","slug":"noskaties-%e2%9f%a9-latvijai-var-nakties-meklet-jaunu-latvijas-bankas-prezidentu","status":"publish","type":"post","link":"https:\/\/www.europesays.com\/lv\/108030\/","title":{"rendered":"NOSKATIES \u27e9 Latvijai var n\u0101kties mekl\u0113t jaunu Latvijas Bankas prezidentu"},"content":{"rendered":"<p class=\"MsoNormal\">Ja Kaz\u0101ks patie\u0161\u0101m non\u0101ks ECB, pag\u0101ju\u0161\u0101s reizes r\u016bgt\u0101s m\u0101c\u012bbas sola \u0146emt v\u0113r\u0101 JV frakcijas vad\u012bt\u0101js Edmunds Jur\u0113vics: \u201cTeiksim god\u012bgi, lai Dievs st\u0101v kl\u0101t, ka mums neb\u016btu l\u012bdz\u012bgs process k\u0101 bija pirms gada saist\u012bb\u0101 ar Latvijas Bankas prezidenta v\u0113l\u0113\u0161an\u0101m. \u013boti labi, ka izdev\u0101s ar\u012b taj\u0101 br\u012bd\u012b iev\u0113l\u0113t M\u0101rti\u0146u Kaz\u0101ku, bet atceramies \u2013 viss \u0161is process ir bijis sare\u017e\u0123\u012bts. T\u0101d\u0113\u013c es ceru, ka visi gan poz\u012bcij\u0101, gan opoz\u012bcij\u0101, ja b\u016bs \u0161\u012b pozit\u012bv\u0101 zi\u0146a, ka M\u0101rti\u0146u Kaz\u0101ku iev\u0113l\u0113s Eiropas Centr\u0101laj\u0101 bank\u0101 un mums b\u016bs j\u0101mekl\u0113 jauns Latvijas Bankas prezidents, m\u0113s neuzk\u0101psim katra frakcija uz \u0161iem vecajiem gr\u0101bek\u013ciem.\u201d<\/p>\n<p class=\"MsoNormal\">Premjere Sili\u0146a \u0161o iepriek\u0161\u0113jo pieredzi gan nev\u0113rt\u0113 tik kritiski un apgalvo, ka toreiz tam pamat\u0101 bijis liel\u0101ks pl\u0101ns: \u201cIepriek\u0161\u0113j\u0101 reiz\u0113, kad JV izvirz\u012bja M\u0101rti\u0146u Kaz\u0101ku, bet bija skaidrs, ka vi\u0146am \u0161\u012bs balsis var\u0113tu neb\u016bt, m\u0113s ar\u012b vi\u0146u atsauc\u0101m. Tas bija piln\u012bgi skaidrs strat\u0113\u0123isks, politisks l\u0113mums, ka tas b\u016btu daudz slikt\u0101ks sign\u0101ls kaut vai \u0161\u0101dam [ECB] amatam, ja M\u0101rti\u0146\u0161 Kaz\u0101ks b\u016btu toreiz kandid\u0113jis un vi\u0146u Saeima neb\u016btu iev\u0113l\u0113jusi. M\u0113s to toreiz \u013coti labi zin\u0101j\u0101m, un t\u0101p\u0113c varb\u016bt ar\u012b bija sabiedr\u012bb\u0101 gr\u016bti uztvert, k\u0101p\u0113c m\u0113s t\u0101 r\u012bkojamies. Bet m\u0113s labi zin\u0101j\u0101m, ka, ja Saeima neiev\u0113l, tad v\u0113lreiz kandid\u0113t uz k\u0101du \u0161\u0101du amatu, pie\u0146emsim, jo vi\u0146am jau tad bija labas izredzes, nu, var\u0113tu b\u016bt apgr\u016btino\u0161i. Un tas jau Latvijai b\u016btu t\u0101ds zaud\u0113jums.\u201d<\/p>\n<p class=\"MsoNormal\">Ja \u0161ogad Kaz\u0101ks amatu ECB tom\u0113r neieg\u016bst, past\u0101v liela iesp\u0113ja, ka diskusija par LB prezidentu var uzvirmot p\u0113c gada, jo 2027. gada vid\u016b atkal atbr\u012bvosies viena vieta ECB vald\u0113. Kaz\u0101ka izredzes uz \u0161\u012bs poz\u012bcijas ieg\u016b\u0161anu var\u0113tu b\u016bt v\u0113l augst\u0101kas nek\u0101 tagad.<\/p>\n","protected":false},"excerpt":{"rendered":"Ja Kaz\u0101ks patie\u0161\u0101m non\u0101ks ECB, pag\u0101ju\u0161\u0101s reizes r\u016bgt\u0101s m\u0101c\u012bbas sola \u0146emt v\u0113r\u0101 JV frakcijas vad\u012bt\u0101js Edmunds Jur\u0113vics: \u201cTeiksim&hellip;\n","protected":false},"author":2,"featured_media":108031,"comment_status":"","ping_status":"","sticky":false,"template":"","format":"standard","meta":{"footnotes":""},"categories":[12],"tags":[23,28,29,685,548,32,33,22,30,31,35,39,38,36,37,34,46,40,45,20,26,27,24,25,21],"class_list":{"0":"post-108030","1":"post","2":"type-post","3":"status-publish","4":"format-standard","5":"has-post-thumbnail","7":"category-latvija","8":"tag-aktualitates","9":"tag-breaking-news","10":"tag-breakingnews","11":"tag-de-facto","12":"tag-ecb","13":"tag-featured-news","14":"tag-featurednews","15":"tag-headlines","16":"tag-latest-news","17":"tag-latestnews","18":"tag-latvia","19":"tag-latvian","20":"tag-latviesu","21":"tag-latviesu-valoda","22":"tag-latviesuvaloda","23":"tag-latvija","24":"tag-latvijas-banka","25":"tag-lv","26":"tag-martins-kazaks","27":"tag-news","28":"tag-popularakas-zinas","29":"tag-popularakaszinas","30":"tag-top-stories","31":"tag-topstories","32":"tag-zinas"},"share_on_mastodon":{"url":"https:\/\/pubeurope.com\/@lv\/115917989074818237","error":""},"_links":{"self":[{"href":"https:\/\/www.europesays.com\/lv\/wp-json\/wp\/v2\/posts\/108030","targetHints":{"allow":["GET"]}}],"collection":[{"href":"https:\/\/www.europesays.com\/lv\/wp-json\/wp\/v2\/posts"}],"about":[{"href":"https:\/\/www.europesays.com\/lv\/wp-json\/wp\/v2\/types\/post"}],"author":[{"embeddable":true,"href":"https:\/\/www.europesays.com\/lv\/wp-json\/wp\/v2\/users\/2"}],"replies":[{"embeddable":true,"href":"https:\/\/www.europesays.com\/lv\/wp-json\/wp\/v2\/comments?post=108030"}],"version-history":[{"count":0,"href":"https:\/\/www.europesays.com\/lv\/wp-json\/wp\/v2\/posts\/108030\/revisions"}],"wp:featuredmedia":[{"embeddable":true,"href":"https:\/\/www.europesays.com\/lv\/wp-json\/wp\/v2\/media\/108031"}],"wp:attachment":[{"href":"https:\/\/www.europesays.com\/lv\/wp-json\/wp\/v2\/media?parent=108030"}],"wp:term":[{"taxonomy":"category","embeddable":true,"href":"https:\/\/www.europesays.com\/lv\/wp-json\/wp\/v2\/categories?post=108030"},{"taxonomy":"post_tag","embeddable":true,"href":"https:\/\/www.europesays.com\/lv\/wp-json\/wp\/v2\/tags?post=108030"}],"curies":[{"name":"wp","href":"https:\/\/api.w.org\/{rel}","templated":true}]}}