{"id":108032,"date":"2026-01-18T20:28:29","date_gmt":"2026-01-18T20:28:29","guid":{"rendered":"https:\/\/www.europesays.com\/lv\/108032\/"},"modified":"2026-01-18T20:28:29","modified_gmt":"2026-01-18T20:28:29","slug":"vugd-nav-sanemis-informaciju-par-ugunsdrosibas-parkapumiem-kekavas-novada-degusaja-daudzdzivoklu-eka-lente-lv","status":"publish","type":"post","link":"https:\/\/www.europesays.com\/lv\/108032\/","title":{"rendered":"VUGD nav sa\u0146\u0113mis inform\u0101ciju par ugunsdro\u0161\u012bbas p\u0101rk\u0101pumiem \u0136ekavas novada degu\u0161aj\u0101 daudzdz\u012bvok\u013cu \u0113k\u0101\u00a0\u2014\u00a0Lente.lv"},"content":{"rendered":"<p>Ugunsgr\u0113ks Krustkalnos: VUGD izmekl\u0113 apst\u0101k\u013cus, iedz\u012bvot\u0101jiem inform\u0101cija par p\u0101rk\u0101pumiem nav sniegta<\/p>\n<p>Valsts ugunsdz\u0113s\u012bbas un gl\u0101b\u0161anas dienests (VUGD) l\u012bdz \u0161im nav sa\u0146\u0113mis nek\u0101du inform\u0101ciju no iedz\u012bvot\u0101jiem par iesp\u0113jamiem ugunsdro\u0161\u012bbas p\u0101rk\u0101pumiem Krustkalnu ciem\u0101, \u0136ekavas novad\u0101, eso\u0161aj\u0101 daudzdz\u012bvok\u013cu \u0113k\u0101, kur nesen izc\u0113l\u0101s tra\u0123isks ugunsgr\u0113ks. K\u0101 zi\u0146o av\u012bze Diena, dienests turpina akt\u012bvi str\u0101d\u0101t pie nelaimes apst\u0101k\u013cu noskaidro\u0161anas. Prec\u012bzs ugunsgr\u0113ka iemesls v\u0113l tiek skaidrots, un notikuma viet\u0101 tika veikti operat\u012bvie darbi liesmu izplat\u012b\u0161an\u0101s ierobe\u017eo\u0161anai un post\u012bjumu seku likvid\u0113\u0161anai. Kop\u0113j\u0101 deg\u0161anas plat\u012bba sasniedza 165 kvadr\u0101tmetrus.<\/p>\n<p>Tra\u0123iskie notikumi Krustkalnu ciem\u0101<\/p>\n<p>Piektdienas, 16. janv\u0101ra, agr\u0101s r\u012bta stund\u0101s izc\u0113l\u0101s ugunsgr\u0113ks \u010detru st\u0101vu dz\u012bvojam\u0101 m\u0101j\u0101 Jaunlazdu iel\u0101 5, Krustkalnu ciem\u0101. Diem\u017e\u0113l ugunsnelaim\u0113 boj\u0101 g\u0101ju\u0161i divi b\u0113rni, bet 29 cilv\u0113ki tika izgl\u0101bti. Vair\u0101ki no izgl\u0101btajiem guvu\u0161i traumas un sa\u0146\u0113mu\u0161i neatliekamo medic\u012bnisko pal\u012bdz\u012bbu, no kuriem \u010detri tika hospitaliz\u0113ti. V\u0113l 15 iedz\u012bvot\u0101ji sp\u0113ju\u0161i evaku\u0113ties pirms gl\u0101b\u0113ju iera\u0161an\u0101s. Diem\u017e\u0113l cietu\u0161o vid\u016b ir b\u0113rnu mamma, kura atrodas reanim\u0101cij\u0101, un v\u0113l viens b\u0113rns, kur\u0161 nog\u0101d\u0101ts B\u0113rnu kl\u012bniskaj\u0101 universit\u0101tes slimn\u012bc\u0101.<\/p>\n<p>Izmekl\u0113\u0161ana un dro\u0161\u012bbas pas\u0101kumi<\/p>\n<p>Valsts policija ir s\u0101kusi krimin\u0101lprocesu saist\u012bb\u0101 ar notiku\u0161o tra\u0123isko ugunsgr\u0113ku. \u0160obr\u012bd tiek skaidroti negad\u012bjuma c\u0113lo\u0146i un apst\u0101k\u013ci, ta\u010du ofici\u0101las versijas par notiku\u0161o netiek publiskotas. VUGD p\u0101rst\u0101vji nor\u0101da, ka inform\u0101cija par to, vai \u0113k\u0101 ier\u012bkot\u0101s in\u017eeniertehnisk\u0101s sist\u0113mas ugunsdro\u0161\u012bbai darboj\u0101s, tiks noskaidrota krimin\u0101lproces\u0101. T\u0101pat tiks skaidrots, vai dz\u012bvokl\u012b, kur\u0101 izc\u0113l\u0101s ugunsgr\u0113ks, bija uzst\u0101d\u012bts d\u016bmu detektors. VUGD uzsver \u0161\u0101du sist\u0113mu noz\u012bmi savlaic\u012bgai br\u012bdin\u0101\u0161anai un cilv\u0113ku evaku\u0101cijai.<\/p>\n<p>Atbalsts cietu\u0161ajiem un apsaimniekot\u0101ja r\u012bc\u012bba<\/p>\n<p>\u0136ekavas novada pa\u0161vald\u012bba un \u0113kas apsaimniekot\u0101js SIA &#8220;Fortium.lv&#8221; ir nodro\u0161in\u0101ju\u0161i pagaidu izmitin\u0101\u0161anu visiem ugunsgr\u0113k\u0101 cietu\u0161ajiem iedz\u012bvot\u0101jiem. Da\u013cai pied\u0101v\u0101ti br\u012bvie dz\u012bvok\u013ci ciemat\u0101 &#8220;Jaunlazdu m\u0101jas&#8221;, bet citiem \u2013 citos apsaimniekot\u0101ja projektos. \u0136ekavas novada pa\u0161vald\u012bbas Soci\u0101lais dienests ir tie\u0161\u0101 sazi\u0146\u0101 ar cietu\u0161aj\u0101m \u0123imen\u0113m, apzinot individu\u0101l\u0101s vajadz\u012bbas un sniedzot nepiecie\u0161amo soci\u0101lo atbalstu. T\u0101pat piesaist\u012bts b\u016bvin\u017eenieris, kur\u0161 nov\u0113rt\u0113s \u0113kas tehnisko st\u0101vokli un sniegs atzinumu par t\u0101s turpm\u0101ko izmanto\u0161anu.<\/p>\n<p>Ugunsdro\u0161\u012bbas svar\u012bgums<\/p>\n<p>Pag\u0101ju\u0161aj\u0101 gad\u0101 Latvij\u0101 re\u0123istr\u0113ti teju devi\u0146i t\u016bksto\u0161i ugunsgr\u0113ku, no kuriem vair\u0101k nek\u0101 t\u016bksto\u0161 izc\u0113lu\u0161ies tie\u0161i dz\u012bvojam\u0101s \u0113k\u0101s. VUGD uzsver, ka d\u016bmu detektoru uzst\u0101d\u012b\u0161ana un regul\u0101ra to p\u0101rbaude ir b\u016btiska, lai nodro\u0161in\u0101tu dro\u0161\u012bbu m\u0101jok\u013cos. T\u0101pat svar\u012bgi ir regul\u0101ri p\u0101rbaud\u012bt elektrisko instal\u0101ciju un apkures sist\u0113mu st\u0101vokli.<\/p>\n","protected":false},"excerpt":{"rendered":"Ugunsgr\u0113ks Krustkalnos: VUGD izmekl\u0113 apst\u0101k\u013cus, iedz\u012bvot\u0101jiem inform\u0101cija par p\u0101rk\u0101pumiem nav sniegta Valsts ugunsdz\u0113s\u012bbas un gl\u0101b\u0161anas dienests (VUGD) l\u012bdz&hellip;\n","protected":false},"author":2,"featured_media":108033,"comment_status":"","ping_status":"","sticky":false,"template":"","format":"standard","meta":{"footnotes":""},"categories":[5],"tags":[23,28,29,334,32,33,22,12492,25717,30,31,35,39,38,36,37,34,40,20,26,27,24,25,377,4908,21],"class_list":{"0":"post-108032","1":"post","2":"type-post","3":"status-publish","4":"format-standard","5":"has-post-thumbnail","7":"category-aktualitates","8":"tag-aktualitates","9":"tag-breaking-news","10":"tag-breakingnews","11":"tag-drosiba","12":"tag-featured-news","13":"tag-featurednews","14":"tag-headlines","15":"tag-kekavas-novads","16":"tag-krustkalni","17":"tag-latest-news","18":"tag-latestnews","19":"tag-latvia","20":"tag-latvian","21":"tag-latviesu","22":"tag-latviesu-valoda","23":"tag-latviesuvaloda","24":"tag-latvija","25":"tag-lv","26":"tag-news","27":"tag-popularakas-zinas","28":"tag-popularakaszinas","29":"tag-top-stories","30":"tag-topstories","31":"tag-ugunsgreks","32":"tag-vugd","33":"tag-zinas"},"share_on_mastodon":{"url":"https:\/\/pubeurope.com\/@lv\/115917992960102516","error":""},"_links":{"self":[{"href":"https:\/\/www.europesays.com\/lv\/wp-json\/wp\/v2\/posts\/108032","targetHints":{"allow":["GET"]}}],"collection":[{"href":"https:\/\/www.europesays.com\/lv\/wp-json\/wp\/v2\/posts"}],"about":[{"href":"https:\/\/www.europesays.com\/lv\/wp-json\/wp\/v2\/types\/post"}],"author":[{"embeddable":true,"href":"https:\/\/www.europesays.com\/lv\/wp-json\/wp\/v2\/users\/2"}],"replies":[{"embeddable":true,"href":"https:\/\/www.europesays.com\/lv\/wp-json\/wp\/v2\/comments?post=108032"}],"version-history":[{"count":0,"href":"https:\/\/www.europesays.com\/lv\/wp-json\/wp\/v2\/posts\/108032\/revisions"}],"wp:featuredmedia":[{"embeddable":true,"href":"https:\/\/www.europesays.com\/lv\/wp-json\/wp\/v2\/media\/108033"}],"wp:attachment":[{"href":"https:\/\/www.europesays.com\/lv\/wp-json\/wp\/v2\/media?parent=108032"}],"wp:term":[{"taxonomy":"category","embeddable":true,"href":"https:\/\/www.europesays.com\/lv\/wp-json\/wp\/v2\/categories?post=108032"},{"taxonomy":"post_tag","embeddable":true,"href":"https:\/\/www.europesays.com\/lv\/wp-json\/wp\/v2\/tags?post=108032"}],"curies":[{"name":"wp","href":"https:\/\/api.w.org\/{rel}","templated":true}]}}