{"id":108043,"date":"2026-01-18T20:54:37","date_gmt":"2026-01-18T20:54:37","guid":{"rendered":"https:\/\/www.europesays.com\/lv\/108043\/"},"modified":"2026-01-18T20:54:37","modified_gmt":"2026-01-18T20:54:37","slug":"policija-mekle-pazuduso-renaru-ukstinu","status":"publish","type":"post","link":"https:\/\/www.europesays.com\/lv\/108043\/","title":{"rendered":"Policija mekl\u0113 pazudu\u0161o Ren\u0101ru Uksti\u0146u"},"content":{"rendered":"<p>Kurzemes re\u0123iona p\u0101rvaldes Zieme\u013ckurzemes iecirknis mekl\u0113 bezv\u0113sts promb\u016btn\u0113 eso\u0161o 1986. gad\u0101 dzimu\u0161o Ren\u0101ru Uksti\u0146u, kur\u0161 no \u0161\u0101 gada 10. janv\u0101ra atrodas bezv\u0113sts promb\u016btn\u0113, port\u0101lu &#8220;Delfi&#8221; inform\u0113ja policijas Sabiedrisko attiec\u012bbu noda\u013cas vec\u0101k\u0101 speci\u0101liste L\u012bga Dzi\u013cuma.<\/p>\n<p>V\u012brie\u0161a paz\u012bmes: augums 175-180 cm, sportiskas miesas b\u016bves, tum\u0161i, \u012bsi mati. Iesp\u0113jams bija \u0123\u0113rbies zil\u0101, r\u016btain\u0101 fl\u012bsa jak\u0101, gai\u0161i zil\u0101s d\u017einsa biks\u0113s, baltos apavos un cepur\u0113 ar nagu, uz kuras ir divi burti.<\/p>\n<p class=\"m-0\">Seko &#8220;Delfi&#8221; ar\u012b  <a target=\"_blank\" href=\"https:\/\/www.instagram.com\/delfi.lv\/\" rel=\"nofollow noopener\">Instagram<\/a>  un <a target=\"_blank\" href=\"https:\/\/www.youtube.com\/channel\/UCw5foWtcJvAbUm64rv7jwUQ\" rel=\"nofollow noopener\">YouTube<\/a>  profil\u0101 \u2013 pievienojies, lai uzzin\u0101tu svar\u012bg\u0101ko un interesant\u0101ko pirmais!<\/p>\n<p>Publik\u0101cijas saturs vai t\u0101s jebk\u0101da apjoma da\u013ca ir aizsarg\u0101ts autorties\u012bbu objekts Autorties\u012bbu likuma izpratn\u0113, un t\u0101 izmanto\u0161ana bez izdev\u0113ja at\u013caujas ir aizliegta. Vair\u0101k lasi  <a target=\"_blank\" href=\"https:\/\/www.delfi.lv\/noteikumi#autortiesibas\" rel=\"nofollow noopener\">\u0161eit<\/a><script async src=\"\/\/www.instagram.com\/embed.js\"><\/script><\/p>\n","protected":false},"excerpt":{"rendered":"Kurzemes re\u0123iona p\u0101rvaldes Zieme\u013ckurzemes iecirknis mekl\u0113 bezv\u0113sts promb\u016btn\u0113 eso\u0161o 1986. gad\u0101 dzimu\u0161o Ren\u0101ru Uksti\u0146u, kur\u0161 no \u0161\u0101 gada&hellip;\n","protected":false},"author":2,"featured_media":108044,"comment_status":"","ping_status":"","sticky":false,"template":"","format":"standard","meta":{"footnotes":""},"categories":[12],"tags":[23,28,29,32,33,22,30,31,35,39,38,36,37,34,40,20,26,27,24,25,138,21],"class_list":{"0":"post-108043","1":"post","2":"type-post","3":"status-publish","4":"format-standard","5":"has-post-thumbnail","7":"category-latvija","8":"tag-aktualitates","9":"tag-breaking-news","10":"tag-breakingnews","11":"tag-featured-news","12":"tag-featurednews","13":"tag-headlines","14":"tag-latest-news","15":"tag-latestnews","16":"tag-latvia","17":"tag-latvian","18":"tag-latviesu","19":"tag-latviesu-valoda","20":"tag-latviesuvaloda","21":"tag-latvija","22":"tag-lv","23":"tag-news","24":"tag-popularakas-zinas","25":"tag-popularakaszinas","26":"tag-top-stories","27":"tag-topstories","28":"tag-valsts-policija","29":"tag-zinas"},"share_on_mastodon":{"url":"https:\/\/pubeurope.com\/@lv\/115918095181681778","error":""},"_links":{"self":[{"href":"https:\/\/www.europesays.com\/lv\/wp-json\/wp\/v2\/posts\/108043","targetHints":{"allow":["GET"]}}],"collection":[{"href":"https:\/\/www.europesays.com\/lv\/wp-json\/wp\/v2\/posts"}],"about":[{"href":"https:\/\/www.europesays.com\/lv\/wp-json\/wp\/v2\/types\/post"}],"author":[{"embeddable":true,"href":"https:\/\/www.europesays.com\/lv\/wp-json\/wp\/v2\/users\/2"}],"replies":[{"embeddable":true,"href":"https:\/\/www.europesays.com\/lv\/wp-json\/wp\/v2\/comments?post=108043"}],"version-history":[{"count":0,"href":"https:\/\/www.europesays.com\/lv\/wp-json\/wp\/v2\/posts\/108043\/revisions"}],"wp:featuredmedia":[{"embeddable":true,"href":"https:\/\/www.europesays.com\/lv\/wp-json\/wp\/v2\/media\/108044"}],"wp:attachment":[{"href":"https:\/\/www.europesays.com\/lv\/wp-json\/wp\/v2\/media?parent=108043"}],"wp:term":[{"taxonomy":"category","embeddable":true,"href":"https:\/\/www.europesays.com\/lv\/wp-json\/wp\/v2\/categories?post=108043"},{"taxonomy":"post_tag","embeddable":true,"href":"https:\/\/www.europesays.com\/lv\/wp-json\/wp\/v2\/tags?post=108043"}],"curies":[{"name":"wp","href":"https:\/\/api.w.org\/{rel}","templated":true}]}}