{"id":108066,"date":"2026-01-18T22:01:10","date_gmt":"2026-01-18T22:01:10","guid":{"rendered":"https:\/\/www.europesays.com\/lv\/108066\/"},"modified":"2026-01-18T22:01:10","modified_gmt":"2026-01-18T22:01:10","slug":"eiropadomes-priekssedetajs-sasauc-arkartas-es-samitu-trampa-draudu-parrunasanai","status":"publish","type":"post","link":"https:\/\/www.europesays.com\/lv\/108066\/","title":{"rendered":"Eiropadomes priek\u0161s\u0113d\u0113t\u0101js sasauc \u0101rk\u0101rtas ES samitu Trampa draudu p\u0101rrun\u0101\u0161anai"},"content":{"rendered":"<p>&#8220;\u0145emot v\u0113r\u0101 neseno notikumu svar\u012bgumu un nol\u016bk\u0101 koordin\u0113t turpm\u0101ko [r\u012bc\u012bbu], esmu izl\u0113mis tuv\u0101kaj\u0101s dien\u0101s sasaukt Eiropadomes \u0101rk\u0101rtas s\u0113di,&#8221; soci\u0101l\u0101s sazi\u0146as vietn\u0113s pazi\u0146ojis Ko\u0161ta.<\/p>\n<p>Vi\u0146\u0161 nor\u0101d\u012bjis, ka p\u0113c konsult\u0101cij\u0101m ar dal\u012bbvalst\u012bm guvis p\u0101rliec\u012bbu, ka spriedze saist\u012bb\u0101 ar Grenlandi apdraud transatlantisk\u0101s attiec\u012bbas un ka Trampa draudi nav savienojami ar ES un ASV tirdzniec\u012bbas l\u012bgumu.<\/p>\n<p>Ko\u0161ta piebildis, ka ES ir gatava sevi aizsarg\u0101t pret spiedienu. Taj\u0101 pa\u0161\u0101 laik\u0101 bloks v\u0113las turpin\u0101t konstrukt\u012bvu sadarb\u012bbu ar ASV.<\/p>\n<p>Past\u0101v kop\u012bgas transatlantisk\u0101s dro\u0161\u012bbas intereses Arktik\u0101, kas nodro\u0161in\u0101mas NATO sadarb\u012bbas ietvaros, uzsv\u0113ris Eiropadomes priek\u0161s\u0113d\u0113t\u0101js.<\/p>\n<p>ES amatpersonas v\u0113sta, ka samits var\u0113tu notikt ceturtdien.<\/p>\n<p>K\u0101 v\u0113st\u012bts, Tramps pazi\u0146ojis, ka domstarp\u012bbu d\u0113\u013c Grenlandes jaut\u0101jum\u0101 no 1. febru\u0101ra imports no asto\u0146\u0101m ES dal\u012bbvalst\u012bm tiek aplikts ar 10% lielu muitas nodokli.<\/p>\n<p>Jaunie tarifi attieksies uz visu importu no D\u0101nijas, Norv\u0113\u0123ijas, Zviedrijas, Francijas, V\u0101cijas, Lielbrit\u0101nijas, N\u012bderlandes un Somijas. Gad\u012bjum\u0101, ja netiks pan\u0101kta vieno\u0161an\u0101s par Grenlandes p\u0101rdo\u0161anu ASV, no j\u016bnija \u0161is tarifs tiks paaugstin\u0101ts l\u012bdz 25%.<\/p>\n<p>Tikm\u0113r laikraksts &#8220;The Financial Times&#8221; zi\u0146o, ka ES apsver atbildes pas\u0101kumus pret ASV. Tie ietver tarifus 93 miljardu eiro apm\u0113r\u0101, ar ko tiks aplikts imports no Savienotaj\u0101m Valst\u012bm, k\u0101 ar\u012b ierobe\u017eojumus amerik\u0101\u0146u uz\u0146\u0113mumiem, kas darbojas Eiropas tirg\u016b.<\/p>\n","protected":false},"excerpt":{"rendered":"&#8220;\u0145emot v\u0113r\u0101 neseno notikumu svar\u012bgumu un nol\u016bk\u0101 koordin\u0113t turpm\u0101ko [r\u012bc\u012bbu], esmu izl\u0113mis tuv\u0101kaj\u0101s dien\u0101s sasaukt Eiropadomes \u0101rk\u0101rtas s\u0113di,&#8221;&hellip;\n","protected":false},"author":2,"featured_media":108067,"comment_status":"","ping_status":"","sticky":false,"template":"","format":"standard","meta":{"footnotes":""},"categories":[5],"tags":[23,28,29,542,514,32,33,20878,22,30,31,35,39,38,36,37,34,40,20,26,27,24,25,21],"class_list":{"0":"post-108066","1":"post","2":"type-post","3":"status-publish","4":"format-standard","5":"has-post-thumbnail","7":"category-aktualitates","8":"tag-aktualitates","9":"tag-breaking-news","10":"tag-breakingnews","11":"tag-donalds-tramps","12":"tag-eiropas-savieniba","13":"tag-featured-news","14":"tag-featurednews","15":"tag-grenlande","16":"tag-headlines","17":"tag-latest-news","18":"tag-latestnews","19":"tag-latvia","20":"tag-latvian","21":"tag-latviesu","22":"tag-latviesu-valoda","23":"tag-latviesuvaloda","24":"tag-latvija","25":"tag-lv","26":"tag-news","27":"tag-popularakas-zinas","28":"tag-popularakaszinas","29":"tag-top-stories","30":"tag-topstories","31":"tag-zinas"},"share_on_mastodon":{"url":"https:\/\/pubeurope.com\/@lv\/115918358656445602","error":""},"_links":{"self":[{"href":"https:\/\/www.europesays.com\/lv\/wp-json\/wp\/v2\/posts\/108066","targetHints":{"allow":["GET"]}}],"collection":[{"href":"https:\/\/www.europesays.com\/lv\/wp-json\/wp\/v2\/posts"}],"about":[{"href":"https:\/\/www.europesays.com\/lv\/wp-json\/wp\/v2\/types\/post"}],"author":[{"embeddable":true,"href":"https:\/\/www.europesays.com\/lv\/wp-json\/wp\/v2\/users\/2"}],"replies":[{"embeddable":true,"href":"https:\/\/www.europesays.com\/lv\/wp-json\/wp\/v2\/comments?post=108066"}],"version-history":[{"count":0,"href":"https:\/\/www.europesays.com\/lv\/wp-json\/wp\/v2\/posts\/108066\/revisions"}],"wp:featuredmedia":[{"embeddable":true,"href":"https:\/\/www.europesays.com\/lv\/wp-json\/wp\/v2\/media\/108067"}],"wp:attachment":[{"href":"https:\/\/www.europesays.com\/lv\/wp-json\/wp\/v2\/media?parent=108066"}],"wp:term":[{"taxonomy":"category","embeddable":true,"href":"https:\/\/www.europesays.com\/lv\/wp-json\/wp\/v2\/categories?post=108066"},{"taxonomy":"post_tag","embeddable":true,"href":"https:\/\/www.europesays.com\/lv\/wp-json\/wp\/v2\/tags?post=108066"}],"curies":[{"name":"wp","href":"https:\/\/api.w.org\/{rel}","templated":true}]}}