{"id":108092,"date":"2026-01-18T22:32:17","date_gmt":"2026-01-18T22:32:17","guid":{"rendered":"https:\/\/www.europesays.com\/lv\/108092\/"},"modified":"2026-01-18T22:32:17","modified_gmt":"2026-01-18T22:32:17","slug":"lietuva-piemin-35-gadadienu-kops-tragiskajiem-1991-gada-13-janvara-notikumiem-lente-lv","status":"publish","type":"post","link":"https:\/\/www.europesays.com\/lv\/108092\/","title":{"rendered":"Lietuva piemin 35. gadadienu kop\u0161 tra\u0123iskajiem 1991. gada 13. janv\u0101ra notikumiem\u00a0\u2014\u00a0Lente.lv"},"content":{"rendered":"<p>35 gadi kop\u0161 asi\u0146ainajiem notikumiem Vi\u013c\u0146\u0101<\/p>\n<p>\u0160odien, 18. janv\u0101r\u012b, Lietuva atz\u012bm\u0113 35. gadadienu kop\u0161 tra\u0123iskajiem notikumiem 1991. gada 13. janv\u0101r\u012b, kad padomju karasp\u0113ka vien\u012bbas ie\u0146\u0113ma Vi\u013c\u0146as radio un telev\u012bzijas centru. \u0160aj\u0101 brut\u0101laj\u0101 uzbrukum\u0101 dz\u012bv\u012bbu zaud\u0113ja 14 cilv\u0113ki, bet vair\u0101ki simti tika ievainoti. K\u0101 inform\u0113 Latvijas Sabiedriskie Mediji, \u0161ie notikumi Lietuv\u0101 tiek uzskat\u012bti par vienu no svar\u012bg\u0101kajiem un vienlaikus bais\u0101kajiem br\u012b\u017eiem t\u0101s neatkar\u012bbas atg\u016b\u0161anas ce\u013c\u0101, l\u012bdzv\u0113rt\u012bgiem pa\u0161as neatkar\u012bbas pasludin\u0101\u0161anas dienai.<\/p>\n<p>1991. gada janv\u0101ra notikumi Lietuv\u0101, kas paz\u012bstami ar\u012b k\u0101 \u201cAsi\u0146ain\u0101 sv\u0113tdiena\u201d, bija da\u013ca no pla\u0161\u0101kas PSRS sabrukuma un Baltijas valstu neatkar\u012bbas centieniem. Padomju karasp\u0113ka uzbrukums Vi\u013c\u0146as telev\u012bzijas tornim un telev\u012bzijas un radio komitejai notika nepilnu gadu p\u0113c tam, kad Lietuva bija pasludin\u0101jusi savu neatkar\u012bbu, cen\u0161oties nov\u0113rst valsts suverenit\u0101tes atjauno\u0161anu.<\/p>\n<p>Atceres pas\u0101kumi un upuru piemin\u0113\u0161ana<\/p>\n<p>Lietuv\u0101 \u0161odien notiek da\u017e\u0101di piemi\u0146as pas\u0101kumi, lai godin\u0101tu Br\u012bv\u012bbas aizst\u0101vju piemi\u0146u. Tradicion\u0101li ziedi tiek nolikti Neatkar\u012bbas laukum\u0101 pie parlamenta \u0113kas Vi\u013c\u0146\u0101, k\u0101 ar\u012b pie pieminek\u013ca \u201cZvaigznes\u201d. Paredz\u0113ta ar\u012b karoga pacel\u0161anas ceremonija un piemi\u0146as br\u012bdis Antakalnes kaps\u0113t\u0101. Savulaik 13. janv\u0101ri kaimi\u0146valst\u012b s\u0101ka atz\u012bm\u0113t k\u0101 T\u0113vzemes aizst\u0101vju dienu.<\/p>\n<p>\u0160\u012b diena ir noz\u012bm\u012bgs atg\u0101din\u0101jums par tautas sp\u0113ku un gatav\u012bbu c\u012bn\u012bties par savu br\u012bv\u012bbu. Lietuvas Seima sp\u012bkers Viktors Pranckietis 2020. gad\u0101 uzsv\u0113ra, ka 1991. gada 13. janv\u0101ris bija b\u016btisks l\u016bzuma punkts tautas v\u0113stur\u0113, kas main\u012bja tautas pa\u0161apzi\u0146u.<\/p>\n<p>Tiesiskais process un starptautisk\u0101 reakcija<\/p>\n<p>28 gadus p\u0113c tra\u0123iskajiem notikumiem Vi\u013c\u0146as apgabaltiesa nolas\u012bja spriedumu, atz\u012bstot 67 aps\u016bdz\u0113tos par vain\u012bgiem kara noziegumos un noziegumos pret cilv\u0113ci. Vi\u0146iem piespriesti cietumsodi no \u010detriem l\u012bdz 14 gadiem, lai gan liel\u0101k\u0101 da\u013ca aps\u016bdz\u0113to ties\u0101ta aizmuguriski, jo atrodas Krievij\u0101 un cit\u0101s valst\u012bs. To vid\u016b bija ar\u012b toreiz\u0113jais Padomju Savien\u012bbas aizsardz\u012bbas ministrs Dmitrijs Jazovs, kuram piespriests 10 gadu ieslodz\u012bjums. Tom\u0113r radu\u0161ies ar\u012b m\u0113\u0123in\u0101jumi saukt pie atbild\u012bbas biju\u0161o Padomju Savien\u012bbas l\u012bderi Mihailu Gorba\u010dovu, iesniedzot civilpras\u012bbu par vi\u0146a atbild\u012bbu par notikumiem.<\/p>\n<p>\u0160ie notikumi izrais\u012bja pla\u0161u starptautisku nosod\u012bjumu un pastiprin\u0101ja spiedienu uz Padomju Savien\u012bbu, veicinot t\u0101s gal\u012bgo sabrukumu un Baltijas valstu neatkar\u012bbas nostiprin\u0101\u0161anos.<\/p>\n<p>Latvijas paral\u0113les un atceres pas\u0101kumi<\/p>\n<p>Latvij\u0101 \u0161ogad ar\u012b notiek atceres pas\u0101kumi par 1991. gada barik\u0101\u017eu notikumiem, kas sakr\u012bt ar Lietuvas piemi\u0146as datumu. S\u0101kot ar 13. janv\u0101ri, R\u012bg\u0101 un citviet Latvij\u0101 norisin\u0101s pas\u0101kumi, kas velt\u012bti barik\u0101\u017eu 35. gadadienai. Tiek r\u012bkotas fotoizst\u0101des, konferences un atceres br\u012b\u017ei, lai godin\u0101tu tos, kas aizst\u0101v\u0113ja Latvijas neatkar\u012bbu. \u0160\u012b kop\u012bg\u0101 piemi\u0146a uzsver Baltijas valstu cie\u0161o v\u0113sturisko saikni un kop\u012bgo c\u012b\u0146u par br\u012bv\u012bbu pret padomju okup\u0101ciju.<\/p>\n","protected":false},"excerpt":{"rendered":"35 gadi kop\u0161 asi\u0146ainajiem notikumiem Vi\u013c\u0146\u0101 \u0160odien, 18. janv\u0101r\u012b, Lietuva atz\u012bm\u0113 35. gadadienu kop\u0161 tra\u0123iskajiem notikumiem 1991. gada&hellip;\n","protected":false},"author":2,"featured_media":108093,"comment_status":"","ping_status":"","sticky":false,"template":"","format":"standard","meta":{"footnotes":""},"categories":[19],"tags":[25728,25730,89,90,35,39,38,36,37,34,1464,40,25729,3395],"class_list":{"0":"post-108092","1":"post","2":"type-post","3":"status-publish","4":"format-standard","5":"has-post-thumbnail","7":"category-izklaide","8":"tag-13-janvaris","9":"tag-brivibas-aizstavju-diena","10":"tag-entertainment","11":"tag-izklaide","12":"tag-latvia","13":"tag-latvian","14":"tag-latviesu","15":"tag-latviesu-valoda","16":"tag-latviesuvaloda","17":"tag-latvija","18":"tag-lietuva","19":"tag-lv","20":"tag-psrs-karaspeka-uzbrukums","21":"tag-vilna"},"share_on_mastodon":{"url":"https:\/\/pubeurope.com\/@lv\/115918480552759145","error":""},"_links":{"self":[{"href":"https:\/\/www.europesays.com\/lv\/wp-json\/wp\/v2\/posts\/108092","targetHints":{"allow":["GET"]}}],"collection":[{"href":"https:\/\/www.europesays.com\/lv\/wp-json\/wp\/v2\/posts"}],"about":[{"href":"https:\/\/www.europesays.com\/lv\/wp-json\/wp\/v2\/types\/post"}],"author":[{"embeddable":true,"href":"https:\/\/www.europesays.com\/lv\/wp-json\/wp\/v2\/users\/2"}],"replies":[{"embeddable":true,"href":"https:\/\/www.europesays.com\/lv\/wp-json\/wp\/v2\/comments?post=108092"}],"version-history":[{"count":0,"href":"https:\/\/www.europesays.com\/lv\/wp-json\/wp\/v2\/posts\/108092\/revisions"}],"wp:featuredmedia":[{"embeddable":true,"href":"https:\/\/www.europesays.com\/lv\/wp-json\/wp\/v2\/media\/108093"}],"wp:attachment":[{"href":"https:\/\/www.europesays.com\/lv\/wp-json\/wp\/v2\/media?parent=108092"}],"wp:term":[{"taxonomy":"category","embeddable":true,"href":"https:\/\/www.europesays.com\/lv\/wp-json\/wp\/v2\/categories?post=108092"},{"taxonomy":"post_tag","embeddable":true,"href":"https:\/\/www.europesays.com\/lv\/wp-json\/wp\/v2\/tags?post=108092"}],"curies":[{"name":"wp","href":"https:\/\/api.w.org\/{rel}","templated":true}]}}