{"id":108096,"date":"2026-01-18T22:35:19","date_gmt":"2026-01-18T22:35:19","guid":{"rendered":"https:\/\/www.europesays.com\/lv\/108096\/"},"modified":"2026-01-18T22:35:19","modified_gmt":"2026-01-18T22:35:19","slug":"soreiz-nebija-iluziju-ka-asv-merkis-venecuela-butu-demokratija","status":"publish","type":"post","link":"https:\/\/www.europesays.com\/lv\/108096\/","title":{"rendered":"\u0160oreiz nebija il\u016bziju, ka ASV m\u0113r\u0137is Venecu\u0113l\u0101 b\u016btu demokr\u0101tija&#8230;"},"content":{"rendered":"<p>Pirmk\u0101rt, ASV ir sena v\u0113sture, kas saist\u012bta ar iejauk\u0161anos Lat\u012b\u0146amerikas politik\u0101, balstoties uz neapstr\u012bdam\u0101m, kaut pa\u0161pasludin\u0101t\u0101m ties\u012bb\u0101m izv\u0113l\u0113ties re\u0123iona l\u012bderus. Aukst\u0101 kara laik\u0101 ASV amatpersonu apstiprin\u0101ta l\u012bdera vai vald\u012bbas iecel\u0161ana parasti tika pasniegta k\u0101 demokr\u0101tijas atbalsta kampa\u0146a, balstoties lo\u0123ik\u0101, ka Amerikas galvenais m\u0113r\u0137is ir aptur\u0113t antidemokr\u0101tisko komunismu.<\/p>\n<p>\u0160oreiz nav nek\u0101du il\u016bziju, ka m\u0113r\u0137is b\u016btu demokr\u0101tija.<\/p>\n","protected":false},"excerpt":{"rendered":"Pirmk\u0101rt, ASV ir sena v\u0113sture, kas saist\u012bta ar iejauk\u0161anos Lat\u012b\u0146amerikas politik\u0101, balstoties uz neapstr\u012bdam\u0101m, kaut pa\u0161pasludin\u0101t\u0101m ties\u012bb\u0101m izv\u0113l\u0113ties&hellip;\n","protected":false},"author":2,"featured_media":108097,"comment_status":"","ping_status":"","sticky":false,"template":"","format":"standard","meta":{"footnotes":""},"categories":[14],"tags":[23,57,28,29,542,32,33,22,30,31,35,39,38,36,37,34,40,20,5168,26,27,24,25,2238,358,54,55,56,21,58],"class_list":{"0":"post-108096","1":"post","2":"type-post","3":"status-publish","4":"format-standard","5":"has-post-thumbnail","7":"category-zinas-no-arvalstim","8":"tag-aktualitates","9":"tag-arvalstim","10":"tag-breaking-news","11":"tag-breakingnews","12":"tag-donalds-tramps","13":"tag-featured-news","14":"tag-featurednews","15":"tag-headlines","16":"tag-latest-news","17":"tag-latestnews","18":"tag-latvia","19":"tag-latvian","20":"tag-latviesu","21":"tag-latviesu-valoda","22":"tag-latviesuvaloda","23":"tag-latvija","24":"tag-lv","25":"tag-news","26":"tag-nikolass-maduro","27":"tag-popularakas-zinas","28":"tag-popularakaszinas","29":"tag-top-stories","30":"tag-topstories","31":"tag-tvnet-arvalstis","32":"tag-venecuela","33":"tag-world","34":"tag-world-news","35":"tag-worldnews","36":"tag-zinas","37":"tag-zinas-no-arvalstim"},"share_on_mastodon":{"url":"https:\/\/pubeurope.com\/@lv\/115918492334129423","error":""},"_links":{"self":[{"href":"https:\/\/www.europesays.com\/lv\/wp-json\/wp\/v2\/posts\/108096","targetHints":{"allow":["GET"]}}],"collection":[{"href":"https:\/\/www.europesays.com\/lv\/wp-json\/wp\/v2\/posts"}],"about":[{"href":"https:\/\/www.europesays.com\/lv\/wp-json\/wp\/v2\/types\/post"}],"author":[{"embeddable":true,"href":"https:\/\/www.europesays.com\/lv\/wp-json\/wp\/v2\/users\/2"}],"replies":[{"embeddable":true,"href":"https:\/\/www.europesays.com\/lv\/wp-json\/wp\/v2\/comments?post=108096"}],"version-history":[{"count":0,"href":"https:\/\/www.europesays.com\/lv\/wp-json\/wp\/v2\/posts\/108096\/revisions"}],"wp:featuredmedia":[{"embeddable":true,"href":"https:\/\/www.europesays.com\/lv\/wp-json\/wp\/v2\/media\/108097"}],"wp:attachment":[{"href":"https:\/\/www.europesays.com\/lv\/wp-json\/wp\/v2\/media?parent=108096"}],"wp:term":[{"taxonomy":"category","embeddable":true,"href":"https:\/\/www.europesays.com\/lv\/wp-json\/wp\/v2\/categories?post=108096"},{"taxonomy":"post_tag","embeddable":true,"href":"https:\/\/www.europesays.com\/lv\/wp-json\/wp\/v2\/tags?post=108096"}],"curies":[{"name":"wp","href":"https:\/\/api.w.org\/{rel}","templated":true}]}}