{"id":108099,"date":"2026-01-18T22:41:16","date_gmt":"2026-01-18T22:41:16","guid":{"rendered":"https:\/\/www.europesays.com\/lv\/108099\/"},"modified":"2026-01-18T22:41:16","modified_gmt":"2026-01-18T22:41:16","slug":"krievija-noraida-asv-miera-planu-nevis-ukrainas-prezidents-zelenskis-lente-lv","status":"publish","type":"post","link":"https:\/\/www.europesays.com\/lv\/108099\/","title":{"rendered":"Krievija noraida ASV miera pl\u0101nu, nevis Ukrainas prezidents Zelenskis\u00a0\u2014\u00a0Lente.lv"},"content":{"rendered":"<p>Polijas premjera nost\u0101ja p\u0113c Trampa izteikumiem<\/p>\n<p>Polijas premjerministrs Donalds Tusks ceturtdien platform\u0101 &#8220;X&#8221; kritiski izteicies par ASV prezidenta Donalda Trampa nesenajiem koment\u0101riem, nor\u0101dot, ka tie\u0161i Krievija, nevis Ukrainas prezidents Volodimirs Zelenskis, ir noraid\u012bjusi Amerikas Savienoto Valstu sagatavoto miera pl\u0101nu. \u0160is Tuska pazi\u0146ojums sekoja p\u0113c Trampa intervijas zi\u0146u a\u0123ent\u016brai &#8220;Reuters&#8221;, kur\u0101 vi\u0146\u0161 paudis viedokli, ka Zelenskis ir \u0161\u0137\u0113rslis miera l\u012bguma pan\u0101k\u0161anai starp Ukrainu un Krieviju. Tusks uzsv\u0113ra, ka Krievijas vien\u012bg\u0101 atbilde uz miera iniciat\u012bv\u0101m ir bijusi turpin\u0101t ra\u0137e\u0161u triecienus Ukrainas pils\u0113t\u0101m, piebilstot, ka &#8220;vien\u012bgais risin\u0101jums ir pastiprin\u0101t spiedienu uz Krieviju&#8221;.<\/p>\n<p>Trampa kritika un Krievijas reakcija<\/p>\n<p>Donalds Tramps intervij\u0101 &#8220;Reuters&#8221; paudis, ka Krievijas prezidents Vladimirs Putins ir gatav\u0101ks nosl\u0113gt vieno\u0161anos un izbeigt karu Ukrain\u0101, savuk\u0101rt Ukrainas prezidents Zelenskis ir piesardz\u012bg\u0101ks attiec\u012bb\u0101 uz miera sarunu nosl\u0113g\u0161anu. \u0160iem izteikumiem pievienoj\u0101s ar\u012b Kremlis, kas piekrita Trampa apgalvojumam, ka Zelenskis kav\u0113 miera procesu. Krievijas prezidenta preses p\u0101rst\u0101vis Dmitrijs Peskovs nor\u0101d\u012bja, ka Maskavas nost\u0101ja ir labi zin\u0101ma gan Va\u0161ingtonai, gan Kijivai, un ka situ\u0101cija Ukrainai pasliktin\u0101s katru dienu.<\/p>\n<p>ASV Miera Pl\u0101na V\u0113sturiskais Konteksts<\/p>\n<p>Jau iepriek\u0161 ir zi\u0146ots par ASV pied\u0101v\u0101to 28 punktu miera pl\u0101nu, kas, p\u0113c AFP r\u012bc\u012bb\u0101 non\u0101ku\u0161\u0101 projekta, paredz\u0113jis Ukrainas atteik\u0161anos no NATO dal\u012bbas un okup\u0113to teritoriju atdo\u0161anu Krievijai, vienlaikus pied\u0101v\u0101jot dro\u0161\u012bbas garantijas. \u0160is pl\u0101ns, kas ir raksturots k\u0101 t\u0101ds, kas vair\u0101k izdev\u012bgs Krievijai nek\u0101 Ukrainai, ar\u012b ietv\u0113ris Krievijas atgrie\u0161anos G8 un t\u0101s reintegr\u0101ciju glob\u0101laj\u0101 ekonomik\u0101. Da\u017ei avoti nor\u0101d\u012bju\u0161i, ka \u0161is pl\u0101ns b\u016bt\u012bb\u0101 l\u012bdzin\u0101jies Ukrainas kapitul\u0101cijai. Lai gan neviens ofici\u0101ls avots nav public\u0113jis pl\u0101na detaliz\u0113tu saturu, mediji zi\u0146oju\u0161i par t\u0101 galvenajiem punktiem, kas daudzos aspektos atbilst Krievijas s\u0101kotn\u0113j\u0101m pras\u012bb\u0101m.<\/p>\n<p>Polijas Poz\u012bcija un Eiropas Vienot\u012bba<\/p>\n<p>Polija ir viena no galvenaj\u0101m Ukrainas politiskaj\u0101m un milit\u0101raj\u0101m atbalst\u012bt\u0101j\u0101m, un tai ir svar\u012bga loma Rietumu milit\u0101r\u0101s pal\u012bdz\u012bbas pieg\u0101des lo\u0123istik\u0101. Donalds Tusks ir paudis ba\u017eas, ka Rietumi var zaud\u0113t, ja Krievijai izdosies sa\u0161\u0137elt Rietumu vienot\u012bbu un uzspiest savus nosac\u012bjumus. Vi\u0146\u0161 uzsv\u0113ris, ka vienot\u012bba starp Ukrainu, ASV un Eiropas valst\u012bm joproj\u0101m ir galvenais faktors, lai uzveiktu Krieviju. Tusks ar\u012b nor\u0101d\u012bjis, ka vien\u012bgais risin\u0101jums pa\u0161reiz\u0113j\u0101 situ\u0101cij\u0101 ir palielin\u0101t spiedienu uz Krieviju.<\/p>\n","protected":false},"excerpt":{"rendered":"Polijas premjera nost\u0101ja p\u0113c Trampa izteikumiem Polijas premjerministrs Donalds Tusks ceturtdien platform\u0101 &#8220;X&#8221; kritiski izteicies par ASV prezidenta&hellip;\n","protected":false},"author":2,"featured_media":108100,"comment_status":"","ping_status":"","sticky":false,"template":"","format":"standard","meta":{"footnotes":""},"categories":[14],"tags":[23,57,25731,28,29,2283,32,33,22,234,30,31,35,39,38,36,37,34,40,20,26,27,24,25,276,178,54,55,56,21,58],"class_list":{"0":"post-108099","1":"post","2":"type-post","3":"status-publish","4":"format-standard","5":"has-post-thumbnail","7":"category-zinas-no-arvalstim","8":"tag-aktualitates","9":"tag-arvalstim","10":"tag-asv-miera-plans","11":"tag-breaking-news","12":"tag-breakingnews","13":"tag-donalds-tusks","14":"tag-featured-news","15":"tag-featurednews","16":"tag-headlines","17":"tag-krievija","18":"tag-latest-news","19":"tag-latestnews","20":"tag-latvia","21":"tag-latvian","22":"tag-latviesu","23":"tag-latviesu-valoda","24":"tag-latviesuvaloda","25":"tag-latvija","26":"tag-lv","27":"tag-news","28":"tag-popularakas-zinas","29":"tag-popularakaszinas","30":"tag-top-stories","31":"tag-topstories","32":"tag-ukraina","33":"tag-volodimirs-zelenskis","34":"tag-world","35":"tag-world-news","36":"tag-worldnews","37":"tag-zinas","38":"tag-zinas-no-arvalstim"},"share_on_mastodon":{"url":"https:\/\/pubeurope.com\/@lv\/115918515912000355","error":""},"_links":{"self":[{"href":"https:\/\/www.europesays.com\/lv\/wp-json\/wp\/v2\/posts\/108099","targetHints":{"allow":["GET"]}}],"collection":[{"href":"https:\/\/www.europesays.com\/lv\/wp-json\/wp\/v2\/posts"}],"about":[{"href":"https:\/\/www.europesays.com\/lv\/wp-json\/wp\/v2\/types\/post"}],"author":[{"embeddable":true,"href":"https:\/\/www.europesays.com\/lv\/wp-json\/wp\/v2\/users\/2"}],"replies":[{"embeddable":true,"href":"https:\/\/www.europesays.com\/lv\/wp-json\/wp\/v2\/comments?post=108099"}],"version-history":[{"count":0,"href":"https:\/\/www.europesays.com\/lv\/wp-json\/wp\/v2\/posts\/108099\/revisions"}],"wp:featuredmedia":[{"embeddable":true,"href":"https:\/\/www.europesays.com\/lv\/wp-json\/wp\/v2\/media\/108100"}],"wp:attachment":[{"href":"https:\/\/www.europesays.com\/lv\/wp-json\/wp\/v2\/media?parent=108099"}],"wp:term":[{"taxonomy":"category","embeddable":true,"href":"https:\/\/www.europesays.com\/lv\/wp-json\/wp\/v2\/categories?post=108099"},{"taxonomy":"post_tag","embeddable":true,"href":"https:\/\/www.europesays.com\/lv\/wp-json\/wp\/v2\/tags?post=108099"}],"curies":[{"name":"wp","href":"https:\/\/api.w.org\/{rel}","templated":true}]}}