{"id":108128,"date":"2026-01-19T01:41:13","date_gmt":"2026-01-19T01:41:13","guid":{"rendered":"https:\/\/www.europesays.com\/lv\/108128\/"},"modified":"2026-01-19T01:41:13","modified_gmt":"2026-01-19T01:41:13","slug":"madeira-nosaukta-par-pasaules-popularako-galamerki-2026-gada-lente-lv","status":"publish","type":"post","link":"https:\/\/www.europesays.com\/lv\/108128\/","title":{"rendered":"Madeira nosaukta par pasaules popul\u0101r\u0101ko galam\u0113r\u0137i 2026. gad\u0101\u00a0\u2014\u00a0Lente.lv"},"content":{"rendered":"<p>Madeira \u2013 pasaules trend\u012bg\u0101kais galam\u0113r\u0137is 2026. gad\u0101<\/p>\n<p>Portug\u0101lei piedero\u0161\u0101 sala Madeira ir atz\u012bta par pasaul\u0113 popul\u0101r\u0101ko t\u016brisma galam\u0113r\u0137i 2026. gad\u0101, liecina platformas \u201cTripAdvisor\u201d jaun\u0101kais \u201cTravelers\u2019 Choice Awards\u201d reitings. \u0160is reitings tika veidots, analiz\u0113jot t\u016bksto\u0161iem ce\u013cot\u0101ju atsauksmes par da\u017e\u0101diem galam\u0113r\u0137iem vis\u0101 pasaul\u0113, kas iesniegtas 2025. gad\u0101. K\u0101 inform\u0113 port\u0101ls jauns.lv, Madeira \u0161aj\u0101 presti\u017eaj\u0101 sarakst\u0101 apsteigusi t\u0101dus iecien\u012btus galam\u0113r\u0137us k\u0101 Kuinjona Vjetnam\u0101, Resifi Braz\u012blij\u0101 un Puerto Eskondo Meksik\u0101. Sala, ko bie\u017ei d\u0113v\u0113 par \u201cEiropas Havaju sal\u0101m\u201d, izpeln\u012bjusies atzin\u012bbu ar sav\u0101m iespaid\u012bgaj\u0101m ainav\u0101m, daudzveid\u012bgajiem d\u0101rziem, bag\u0101t\u012bgo ziedu kl\u0101stu un lielisko sub-tropisko klimatu. Ar\u012b Latvijas ce\u013cot\u0101jiem \u0161\u012b ir lieliska zi\u0146a, jo t\u0101 sniedz jaunas idejas turpm\u0101kajiem ce\u013cojumiem.<\/p>\n<p>Madeira atrodas Atlantijas oke\u0101n\u0101, aptuveni 600 j\u016bdzes no Portug\u0101les krastiem. T\u0101 ir paz\u012bstama ar savu unik\u0101lo reljefu, kas ietver dzi\u013cas ielejas, dramatiskus kalnus, za\u013cojo\u0161as levadu takas un kilometriem garas zelta un meln\u0101s smil\u0161u pludmales. Sala ir \u012bsts parad\u012bzes st\u016bris gan dabas m\u012b\u013cot\u0101jiem, gan piedz\u012bvojumu mekl\u0113t\u0101jiem, gan tiem, kas vienk\u0101r\u0161i v\u0113las baud\u012bt jaunas un elpu aizraujo\u0161as ainavas. T\u016bristu atsauksmes izce\u013c Madeiras arhitekt\u016bru, gadalaiku maigumu, dramatisko ainavu un daudzveid\u012bg\u0101s \u0101ra aktivit\u0101tes k\u0101 galvenos ieguvumus.<\/p>\n<p>Ko pied\u0101v\u0101 Madeira?<\/p>\n<p>Madeira pied\u0101v\u0101 pla\u0161u aktivit\u0101\u0161u kl\u0101stu ikvienam ce\u013cot\u0101jam. Sala ir slavena ar sav\u0101m levad\u0101m \u2013 senu irig\u0101cijas kan\u0101lu sist\u0113mu, kas tagad p\u0101rv\u0113rsta par aizraujo\u0161iem p\u0101rg\u0101jienu mar\u0161rutiem, vijoties cauri kalniem un me\u017eiem. Viena no popul\u0101r\u0101kaj\u0101m tak\u0101m ir PR1 Pico Areeiro-Pico Ruivo, kas savieno salas augst\u0101kos virsotnes un pied\u0101v\u0101 skatus, kas liek aizrauties elpai. Savuk\u0101rt Porto Monizas dab\u012bgie vulk\u0101niskie baseini pied\u0101v\u0101 unik\u0101lu iesp\u0113ju peld\u0113ties oke\u0101n\u0101 dro\u0161\u0101 un ainavisk\u0101 vid\u0113. Funchal\u0101, salas galvaspils\u0113t\u0101, var izbaud\u012bt tradicion\u0101l\u0101s rotangpalmu kamanu brauk\u0161anas pieredzi pa pils\u0113tas iel\u0101m, kas ir neaizmirstams piedz\u012bvojums. Interesanti, ka Madeir\u0101 aug ar\u012b ban\u0101nu koki l\u012bdz\u0101s v\u012bnogul\u0101jiem, kas ir retums pasaul\u0113. Sala lepojas ar\u012b ar bag\u0101t\u012bgu kult\u016bras kalend\u0101ru visas gada garum\u0101, pied\u0101v\u0101jot da\u017e\u0101dus pas\u0101kumus, s\u0101kot no Karnev\u0101la febru\u0101r\u012b un Atlantijas festiv\u0101la vasaras s\u0101kum\u0101 l\u012bdz pat Madeiras V\u012bna festiv\u0101lam septembr\u012b.<\/p>\n<p>Praktiski padomi ce\u013cot\u0101jiem uz Madeiru 2026. gad\u0101<\/p>\n<p>Ce\u013cojot uz Madeiru 2026. gad\u0101, v\u0113rts zin\u0101t da\u017eus jaunumus un tendences. S\u0101kot ar 1. janv\u0101ri, visiem p\u0101rg\u0101jieniem ir nepiecie\u0161ama oblig\u0101ta tie\u0161saistes rezerv\u0101cija. Le\u0123end\u0101rais PR1 Pico Areeiro-Pico Ruivo takas paredz\u0113ts atv\u0113rt apr\u012bl\u012b p\u0113c 2024. gada ugunsgr\u0113kiem. Lai gan Funchalas tro\u0161u vagoni\u0146\u0161 no janv\u0101ra l\u012bdz apr\u012blim b\u016bs sl\u0113gts renov\u0101cijas d\u0113\u013c, Monte joproj\u0101m b\u016bs sasniedzams ar autobusu. 2026. gad\u0101 durvis v\u0113rs ar\u012b jauns, Nick Faldo projekt\u0113ts golfa laukums. Madeira ir k\u013cuvusi ar\u012b par ilgtsp\u0113j\u012bga t\u016brisma centru, cen\u0161oties pan\u0101kt l\u012bdzsvaru starp viesm\u012bl\u012bbu un dabas saglab\u0101\u0161anu. Ce\u013cot\u0101ji arvien vair\u0101k nov\u0113rt\u0113 autentiskas pieredzes, dabiskumu un ilgtsp\u0113j\u012bgus ce\u013cojumu veidus.<\/p>\n<p>K\u0101p\u0113c Madeira ir tik popul\u0101ra?<\/p>\n<p>Madeiras popularit\u0101te skaidrojama ar t\u0101s daudzpus\u012bbu un sp\u0113ju pied\u0101v\u0101t kaut ko ikvienam. Sal\u0101 ir satrieco\u0161as krasta l\u012bnijas un sul\u012bgs iek\u0161zemes, kas pilns ar p\u0101rsteigumiem. T\u0101 ir ide\u0101li piem\u0113rota akt\u012bviem ce\u013cot\u0101jiem, kuri mekl\u0113 ko vair\u0101k nek\u0101 tikai pludmales. Salas klimats ir pavasar\u012bgs visas vasaras garum\u0101, padarot to par pievilc\u012bgu galam\u0113r\u0137i jebkur\u0101 gadalaik\u0101. Sal\u012bdzinot ar tradicion\u0101lajiem pludmales k\u016brortiem, Madeira pied\u0101v\u0101 dzi\u013c\u0101ku un autentisk\u0101ku pieredzi, kas arvien vair\u0101k atbilst m\u016bsdienu ce\u013cot\u0101ju v\u0113lm\u0113m p\u0113c j\u0113gpilnas un neaizmirstamas ce\u013co\u0161anas.<\/p>\n<p>Citas popul\u0101r\u0101s vietas 2026. gad\u0101<\/p>\n<p>Lai gan Madeira ir ie\u0146\u0113musi pirmo vietu, citi popul\u0101rie galam\u0113r\u0137i 2026. gad\u0101 p\u0113c \u201cTripAdvisor\u201d versijas ir Tbilisi Gruzij\u0101, \u010cik\u0101ga ASV, Kuinjona Vjetnam\u0101, Puerto Eskondo Meksik\u0101, Mil\u0101na It\u0101lij\u0101, Gl\u0101zgova Lielbrit\u0101nij\u0101, Ab\u016b Dab\u012b AAE, Resifi Braz\u012blij\u0101 un Sankarlosas de Barilo\u010de Argent\u012bn\u0101. BBC eksperti ar\u012b izc\u0113lu\u0161i vietas, kur t\u016brisms pal\u012bdz viet\u0113j\u0101m kopien\u0101m un kult\u016brai, piem\u0113ram, Ab\u016b Dab\u012b, Al\u017e\u012briju, \u010c\u012bles Kol\u010dagvas ieleju, Kuka salas, Kostariku un citus. \u0160\u012bs izv\u0113les atspogu\u013co tendenci uz l\u0113n\u0101ku, apzin\u0101t\u0101ku ce\u013co\u0161anu, kas nodro\u0161ina autentiskas pieredzes un pozit\u012bvu ietekmi uz galam\u0113r\u0137i.<\/p>\n","protected":false},"excerpt":{"rendered":"Madeira \u2013 pasaules trend\u012bg\u0101kais galam\u0113r\u0137is 2026. gad\u0101 Portug\u0101lei piedero\u0161\u0101 sala Madeira ir atz\u012bta par pasaul\u0113 popul\u0101r\u0101ko t\u016brisma galam\u0113r\u0137i&hellip;\n","protected":false},"author":2,"featured_media":108129,"comment_status":"","ping_status":"","sticky":false,"template":"","format":"standard","meta":{"footnotes":""},"categories":[14],"tags":[12118,23,57,28,29,3014,32,33,22,30,31,35,39,38,36,37,34,40,25734,20,25735,26,27,24,25,4479,54,55,56,21,58],"class_list":{"0":"post-108128","1":"post","2":"type-post","3":"status-publish","4":"format-standard","5":"has-post-thumbnail","7":"category-zinas-no-arvalstim","8":"tag-2026-gads","9":"tag-aktualitates","10":"tag-arvalstim","11":"tag-breaking-news","12":"tag-breakingnews","13":"tag-celosana","14":"tag-featured-news","15":"tag-featurednews","16":"tag-headlines","17":"tag-latest-news","18":"tag-latestnews","19":"tag-latvia","20":"tag-latvian","21":"tag-latviesu","22":"tag-latviesu-valoda","23":"tag-latviesuvaloda","24":"tag-latvija","25":"tag-lv","26":"tag-madeira","27":"tag-news","28":"tag-popularakais-galamerkis","29":"tag-popularakas-zinas","30":"tag-popularakaszinas","31":"tag-top-stories","32":"tag-topstories","33":"tag-turisms","34":"tag-world","35":"tag-world-news","36":"tag-worldnews","37":"tag-zinas","38":"tag-zinas-no-arvalstim"},"share_on_mastodon":{"url":"https:\/\/pubeurope.com\/@lv\/115919223663321937","error":""},"_links":{"self":[{"href":"https:\/\/www.europesays.com\/lv\/wp-json\/wp\/v2\/posts\/108128","targetHints":{"allow":["GET"]}}],"collection":[{"href":"https:\/\/www.europesays.com\/lv\/wp-json\/wp\/v2\/posts"}],"about":[{"href":"https:\/\/www.europesays.com\/lv\/wp-json\/wp\/v2\/types\/post"}],"author":[{"embeddable":true,"href":"https:\/\/www.europesays.com\/lv\/wp-json\/wp\/v2\/users\/2"}],"replies":[{"embeddable":true,"href":"https:\/\/www.europesays.com\/lv\/wp-json\/wp\/v2\/comments?post=108128"}],"version-history":[{"count":0,"href":"https:\/\/www.europesays.com\/lv\/wp-json\/wp\/v2\/posts\/108128\/revisions"}],"wp:featuredmedia":[{"embeddable":true,"href":"https:\/\/www.europesays.com\/lv\/wp-json\/wp\/v2\/media\/108129"}],"wp:attachment":[{"href":"https:\/\/www.europesays.com\/lv\/wp-json\/wp\/v2\/media?parent=108128"}],"wp:term":[{"taxonomy":"category","embeddable":true,"href":"https:\/\/www.europesays.com\/lv\/wp-json\/wp\/v2\/categories?post=108128"},{"taxonomy":"post_tag","embeddable":true,"href":"https:\/\/www.europesays.com\/lv\/wp-json\/wp\/v2\/tags?post=108128"}],"curies":[{"name":"wp","href":"https:\/\/api.w.org\/{rel}","templated":true}]}}