{"id":108134,"date":"2026-01-19T02:07:08","date_gmt":"2026-01-19T02:07:08","guid":{"rendered":"https:\/\/www.europesays.com\/lv\/108134\/"},"modified":"2026-01-19T02:07:08","modified_gmt":"2026-01-19T02:07:08","slug":"latvijas-florbola-savieniba-lv-2025-2026-jaunumi-sparta-team-automaailm-sak-ar-golu-savos-vartos-un-kapitule-talsos","status":"publish","type":"post","link":"https:\/\/www.europesays.com\/lv\/108134\/","title":{"rendered":"Latvijas Florbola savien\u012bba \u00bb LV \u00bb 2025\/2026 \u00bb Jaunumi \u00bb &#8220;Sparta Team Automaailm&#8221; s\u0101k ar golu savos v\u0101rtos un kapitul\u0113 Talsos"},"content":{"rendered":"<p>&#8220;Sparta Team Automaailm&#8221; s\u0101k ar golu savos v\u0101rtos un kapitul\u0113 Talsos<\/p>\n<p><\/p>\n<p>\t\t\t\t\t<img decoding=\"async\" src=\"https:\/\/www.europesays.com\/lv\/wp-content\/uploads\/2026\/01\/bergmanis_talsi_vv_2026.jpg\" class=\"news-title-image\" width=\"292.5\" alt=\"bergmanis_talsi_vv_2026.jpg\" title=\"&quot;Sparta Team Automaailm&quot; s\u0101k ar golu savos v\u0101rtos un kapitul\u0113 Talsos\" \/><\/p>\n<p style=\"text-align: justify;\">Latvijas un Igaunijas florbola l\u012bg\u0101 pie \u013coti p\u0101rliecino\u0161as uzvaras tika &#8220;Talsu NSS\/Krauzers&#8221;, kas \u0161odien sav\u0101 laukum\u0101 ar <a href=\"https:\/\/www.floorball.lv\/lv\/2025\/proto\/52712-tal-spa\" rel=\"nofollow noopener\" target=\"_blank\">13:2<\/a> sak\u0101va Tallinas komandu &#8220;Sparta Team Automaailm&#8221;. Uzvar\u0113t\u0101ju sast\u0101v\u0101 ar &#8220;hat-trick&#8221; izc\u0113l\u0101s Mariss Bergmanis un R\u016bdolfs Niedr\u0101js.<\/p>\n<p>\u00a0<\/p>\n<p style=\"text-align: justify;\">Talsos notiku\u0161\u0101s sp\u0113les rezult\u0101tu 6. min\u016bt\u0113 atkl\u0101ja Tallinas florbolisti, tiesa, vad\u012bb\u0101 ar 1:0 izvirz\u012bj\u0101s talsinieki, jo viesi bumbi\u0146u ievirz\u012bja pa\u0161i savos v\u0101ros. P\u0113c pirm\u0101 perioda rezult\u0101tu tablo r\u0101d\u012bja 5:0, jo igau\u0146u v\u0101rtsargu bija sar\u016bgtin\u0101ju\u0161i ar\u012b J\u0101nis Ragovskis, R\u016bdolfs Niedr\u0101js, Artis Raitums un Toms Akme\u0146lauks. P\u0113c otr\u0101s tre\u0161da\u013cas rezult\u0101ts bija jau 10:0. P\u0113d\u0113j\u0101 perioda pirmaj\u0101 pus\u0113 pa golam iemeta tallinie\u0161i Sanders Savi un Olivers Savi (2:10), bet 58. min\u016bt\u0113 v\u0113l tr\u012bs v\u0101rtus guva m\u0101jnieki, nodro\u0161inot komandas &#8220;Talsu NSS\/Krauzers&#8221; uzvaru ar 13:2.<\/p>\n","protected":false},"excerpt":{"rendered":"&#8220;Sparta Team Automaailm&#8221; s\u0101k ar golu savos v\u0101rtos un kapitul\u0113 Talsos Latvijas un Igaunijas florbola l\u012bg\u0101 pie \u013coti&hellip;\n","protected":false},"author":2,"featured_media":108135,"comment_status":"","ping_status":"","sticky":false,"template":"","format":"standard","meta":{"footnotes":""},"categories":[5],"tags":[405,23,28,29,32,33,22,30,31,35,39,38,36,37,34,40,2727,20,19004,5616,17285,26,27,13974,4786,480,24,25,21],"class_list":{"0":"post-108134","1":"post","2":"type-post","3":"status-publish","4":"format-standard","5":"has-post-thumbnail","7":"category-aktualitates","8":"tag-405","9":"tag-aktualitates","10":"tag-breaking-news","11":"tag-breakingnews","12":"tag-featured-news","13":"tag-featurednews","14":"tag-headlines","15":"tag-latest-news","16":"tag-latestnews","17":"tag-latvia","18":"tag-latvian","19":"tag-latviesu","20":"tag-latviesu-valoda","21":"tag-latviesuvaloda","22":"tag-latvija","23":"tag-lv","24":"tag-minute","25":"tag-news","26":"tag-niedrajs","27":"tag-nss-krauzers","28":"tag-perioda","29":"tag-popularakas-zinas","30":"tag-popularakaszinas","31":"tag-rezultatu","32":"tag-rudolfs","33":"tag-talsu","34":"tag-top-stories","35":"tag-topstories","36":"tag-zinas"},"share_on_mastodon":{"url":"https:\/\/pubeurope.com\/@lv\/115919325988787141","error":""},"_links":{"self":[{"href":"https:\/\/www.europesays.com\/lv\/wp-json\/wp\/v2\/posts\/108134","targetHints":{"allow":["GET"]}}],"collection":[{"href":"https:\/\/www.europesays.com\/lv\/wp-json\/wp\/v2\/posts"}],"about":[{"href":"https:\/\/www.europesays.com\/lv\/wp-json\/wp\/v2\/types\/post"}],"author":[{"embeddable":true,"href":"https:\/\/www.europesays.com\/lv\/wp-json\/wp\/v2\/users\/2"}],"replies":[{"embeddable":true,"href":"https:\/\/www.europesays.com\/lv\/wp-json\/wp\/v2\/comments?post=108134"}],"version-history":[{"count":0,"href":"https:\/\/www.europesays.com\/lv\/wp-json\/wp\/v2\/posts\/108134\/revisions"}],"wp:featuredmedia":[{"embeddable":true,"href":"https:\/\/www.europesays.com\/lv\/wp-json\/wp\/v2\/media\/108135"}],"wp:attachment":[{"href":"https:\/\/www.europesays.com\/lv\/wp-json\/wp\/v2\/media?parent=108134"}],"wp:term":[{"taxonomy":"category","embeddable":true,"href":"https:\/\/www.europesays.com\/lv\/wp-json\/wp\/v2\/categories?post=108134"},{"taxonomy":"post_tag","embeddable":true,"href":"https:\/\/www.europesays.com\/lv\/wp-json\/wp\/v2\/tags?post=108134"}],"curies":[{"name":"wp","href":"https:\/\/api.w.org\/{rel}","templated":true}]}}