{"id":108169,"date":"2026-01-19T05:17:09","date_gmt":"2026-01-19T05:17:09","guid":{"rendered":"https:\/\/www.europesays.com\/lv\/108169\/"},"modified":"2026-01-19T05:17:09","modified_gmt":"2026-01-19T05:17:09","slug":"davosa-notiks-g7-lideru-tiksanas-ar-trampu-un-zelenski-par-drosibas-garantijam-ukrainai-lente-lv","status":"publish","type":"post","link":"https:\/\/www.europesays.com\/lv\/108169\/","title":{"rendered":"Davos\u0101 notiks G7 l\u012bderu tik\u0161an\u0101s ar Trampu un Zelenski par dro\u0161\u012bbas garantij\u0101m Ukrainai\u00a0\u2014\u00a0Lente.lv"},"content":{"rendered":"<p>G7 l\u012bderi aicin\u0101s Trampu atbalst\u012bt dro\u0161\u012bbas garantijas Ukrainai<\/p>\n<p>Pasaules ekonomikas foruma ietvaros Davos\u0101 paredz\u0113ta G7 valstu l\u012bderu tik\u0161an\u0101s ar ASV prezidentu Donaldu Trampu un Ukrainas prezidentu Volodimiru Zelenski, kuras galvenais m\u0113r\u0137is b\u016bs pan\u0101kt vieno\u0161anos par dro\u0161\u012bbas garantij\u0101m Ukrainai p\u0113c potenci\u0101la pamiera ar Krieviju. K\u0101 zi\u0146o telekan\u0101ls TV3, \u0161o inform\u0101ciju apstiprin\u0101ju\u0161i vair\u0101ki ar pl\u0101niem iepaz\u012bstin\u0101ti avoti.<\/p>\n<p>Forums, kas norisin\u0101sies no 19. l\u012bdz 23. janv\u0101rim, pulc\u0113s rekordlielu skaitu pasaules l\u012bderu, tostarp aptuveni 400 politisko fig\u016bru, tai skait\u0101 se\u0161i G7 valstu l\u012bderi. Vi\u0146u vid\u016b gaid\u0101mi It\u0101lijas, V\u0101cijas, Francijas, Kan\u0101das un Lielbrit\u0101nijas vad\u012bt\u0101ji, k\u0101 ar\u012b Eiropas Komisijas prezidente Urzula fon der Leiena. Tiek zi\u0146ots, ka \u0161\u012b tik\u0161an\u0101s ir pl\u0101nota 21. janv\u0101r\u012b un t\u0101s m\u0113r\u0137is ir nodro\u0161in\u0101t Trampa person\u012bgo atbalstu vieno\u0161an\u0101s memorandumam, kas tika pan\u0101kts Par\u012bz\u0113 iepriek\u0161\u0113j\u0101 ned\u0113\u013c\u0101. \u0160is dokuments tiek uzskat\u012bts par b\u016btisku, lai nov\u0113rstu iesp\u0113jamu kara ats\u0101k\u0161anos p\u0113c pamiera nosl\u0113g\u0161anas.<\/p>\n<p>ASV loma un Eiropas ba\u017eas<\/p>\n<p>Lai gan ASV ir atsl\u0113gas sp\u0113l\u0113t\u0101js \u0161aj\u0101 proces\u0101, Eiropas amatpersonas pau\u017e ba\u017eas par Trampa ilgtermi\u0146a ap\u0146em\u0161anos sniegt atbalstu Ukrainai, \u012bpa\u0161i gad\u012bjum\u0101, ja tiks pan\u0101kta miera vieno\u0161an\u0101s ar Krieviju. \u0160\u012bs ba\u017eas pastiprin\u0101s vair\u0101ki iepriek\u0161\u0113j\u0101 gada incidenti, kuros Tramps izteicis prorietumnieciskus koment\u0101rus attiec\u012bb\u0101 uz konfliktu. Viens no Eiropas sarunu dal\u012bbniekiem atzinis, ka bez ASV atbalsta \u0161\u0101di pl\u0101ni nav \u012bstenojami, ta\u010du nav skaidrs, k\u0101da ir Trampa galven\u0101 nost\u0101ja, \u012bpa\u0161i \u0146emot v\u0113r\u0101 diskusijas starp Lielbrit\u0101niju un Franciju par karasp\u0113ka nos\u016bt\u012b\u0161anu uz Ukrainu p\u0113c pamiera.<\/p>\n<p>Ukrainas prezidents Volodimirs Zelenskis iepriek\u0161 ir inform\u0113jis par gandr\u012bz gatavu divpus\u0113ju dokumentu par ASV dro\u0161\u012bbas garantij\u0101m Ukrainai, nor\u0101dot, ka n\u0101kamais solis b\u016bs t\u0101 pabeig\u0161ana augst\u0101kaj\u0101 l\u012bmen\u012b. Vi\u0146\u0161 ar\u012b ir nor\u0101d\u012bjis, ka Tramps var\u0113tu sniegt skaidr\u012bbu par garantiju termi\u0146u vi\u0146u kop\u012bg\u0101s tik\u0161an\u0101s laik\u0101 Davos\u0101.<\/p>\n<p>Koal\u012bcija gatavo vieno\u0161anos<\/p>\n<p>San\u0101ksm\u0113 Davos\u0101 paredz\u0113ts pan\u0101kt Trampa piekri\u0161anu vieno\u0161an\u0101m, kas nosl\u0113gtas Par\u012bz\u0113 pag\u0101ju\u0161aj\u0101 ned\u0113\u013c\u0101. T\u0101s tika veidotas ar l\u012bdzdal\u012bbu no t\u0101 d\u0113v\u0113t\u0101s Ap\u0146\u0113m\u012bbas koal\u012bcijas, ieskaitot Trampa \u012bpa\u0161o s\u016btni Ukrainai un augsta l\u012bme\u0146a Eiropas aizsardz\u012bbas komandierus. \u0160\u012bs vieno\u0161an\u0101s tiek uzskat\u012btas par kritiski svar\u012bg\u0101m, lai nov\u0113rstu jaunu konfliktu p\u0113c vieno\u0161an\u0101s par pamieru. Tiek prognoz\u0113ts, ka tik\u0161an\u0101s var\u0113tu ietvert ar\u012b citus l\u012bderus no t\u0101 d\u0113v\u0113t\u0101s Gribas koal\u012bcijas.<\/p>\n<p>Atsevi\u0161\u0137a tik\u0161an\u0101s paredz\u0113ta ar\u012b koal\u012bcijas nacion\u0101lo dro\u0161\u012bbas padomniekiem. Finan\u0161u izl\u016bkdienests (FT) ar\u012b zi\u0146o, ka G7 l\u012bderi v\u0113las pan\u0101kt Trampa person\u012bgo atbalstu dro\u0161\u012bbas garantij\u0101m Ukrainai. Neskatoties uz eso\u0161aj\u0101m vieno\u0161an\u0101m starp ASV un Ukrainu par miner\u0101lu ieguvi un atjauno\u0161anas invest\u012bciju fondu izveidi, kas tika parakst\u012btas 2025. gada s\u0101kum\u0101, Ukrainas intereses un priek\u0161likumi vienm\u0113r nav biju\u0161i piln\u012bb\u0101 \u0146emti v\u0113r\u0101, k\u0101 to apliecin\u0101ja iepriek\u0161\u0113j\u0101 gada diskusijas par retos zemju ieguves vieno\u0161anos.<\/p>\n<p>Pasaules ekonomikas forums 2026: Pla\u0161\u0101ka perspekt\u012bva<\/p>\n<p>Pasaules ekonomikas forums Davos\u0101 tradicion\u0101li pulc\u0113 pasaules politiskos un biznesa l\u012bderus, lai apspriestu glob\u0101los izaicin\u0101jumus. \u0160\u012b gada forums norisin\u0101sies no 19. l\u012bdz 23. janv\u0101rim, un t\u0101 galven\u0101 t\u0113ma ir \u201cDialoga gars\u201d. Paredzams, ka pas\u0101kum\u0101 piedal\u012bsies aptuveni 3000 da\u017e\u0101du nozaru l\u012bderi no vair\u0101k nek\u0101 130 valst\u012bm. Tas ietver gan vald\u012bbu p\u0101rst\u0101vjus, gan biznesa pasaules vado\u0161os p\u0101rst\u0101vjus, gan tehnolo\u0123iju pionierus.<\/p>\n<p>Foruma laik\u0101 tiks skat\u012bti jaut\u0101jumi par glob\u0101l\u0101s sadarb\u012bbas nepiecie\u0161am\u012bbu, tehnolo\u0123isk\u0101s inov\u0101cijas un \u0123eopolitisko disrupt\u012bvo faktoru mijiedarb\u012bbu. T\u0101pat tiks piev\u0113rsta uzman\u012bba cilv\u0113ciskiem transform\u0101cijas aspektiem, tai skait\u0101 darbasp\u0113ka notur\u012bbai, prasmju p\u0101reju atbalstam un labkl\u0101j\u012bbas uzlabo\u0161anai. Lai gan galven\u0101 uzman\u012bba tiks piev\u0113rsta Ukrainas dro\u0161\u012bbas garantij\u0101m, forums kopum\u0101 aptvers pla\u0161u kl\u0101stu ar glob\u0101liem jaut\u0101jumiem, cen\u0161oties rast risin\u0101jumus un veicin\u0101t dialogu starp da\u017e\u0101d\u0101m ieinteres\u0113taj\u0101m pus\u0113m.<\/p>\n","protected":false},"excerpt":{"rendered":"G7 l\u012bderi aicin\u0101s Trampu atbalst\u012bt dro\u0161\u012bbas garantijas Ukrainai Pasaules ekonomikas foruma ietvaros Davos\u0101 paredz\u0113ta G7 valstu l\u012bderu tik\u0161an\u0101s&hellip;\n","protected":false},"author":2,"featured_media":108170,"comment_status":"","ping_status":"","sticky":false,"template":"","format":"standard","meta":{"footnotes":""},"categories":[14],"tags":[23,57,28,29,18212,542,14308,32,33,4078,22,30,31,35,39,38,36,37,34,40,20,26,27,24,25,276,54,55,56,21,58],"class_list":{"0":"post-108169","1":"post","2":"type-post","3":"status-publish","4":"format-standard","5":"has-post-thumbnail","7":"category-zinas-no-arvalstim","8":"tag-aktualitates","9":"tag-arvalstim","10":"tag-breaking-news","11":"tag-breakingnews","12":"tag-davosa","13":"tag-donalds-tramps","14":"tag-drosibas-garantijas","15":"tag-featured-news","16":"tag-featurednews","17":"tag-g7","18":"tag-headlines","19":"tag-latest-news","20":"tag-latestnews","21":"tag-latvia","22":"tag-latvian","23":"tag-latviesu","24":"tag-latviesu-valoda","25":"tag-latviesuvaloda","26":"tag-latvija","27":"tag-lv","28":"tag-news","29":"tag-popularakas-zinas","30":"tag-popularakaszinas","31":"tag-top-stories","32":"tag-topstories","33":"tag-ukraina","34":"tag-world","35":"tag-world-news","36":"tag-worldnews","37":"tag-zinas","38":"tag-zinas-no-arvalstim"},"share_on_mastodon":{"url":"https:\/\/pubeurope.com\/@lv\/115920073062526902","error":""},"_links":{"self":[{"href":"https:\/\/www.europesays.com\/lv\/wp-json\/wp\/v2\/posts\/108169","targetHints":{"allow":["GET"]}}],"collection":[{"href":"https:\/\/www.europesays.com\/lv\/wp-json\/wp\/v2\/posts"}],"about":[{"href":"https:\/\/www.europesays.com\/lv\/wp-json\/wp\/v2\/types\/post"}],"author":[{"embeddable":true,"href":"https:\/\/www.europesays.com\/lv\/wp-json\/wp\/v2\/users\/2"}],"replies":[{"embeddable":true,"href":"https:\/\/www.europesays.com\/lv\/wp-json\/wp\/v2\/comments?post=108169"}],"version-history":[{"count":0,"href":"https:\/\/www.europesays.com\/lv\/wp-json\/wp\/v2\/posts\/108169\/revisions"}],"wp:featuredmedia":[{"embeddable":true,"href":"https:\/\/www.europesays.com\/lv\/wp-json\/wp\/v2\/media\/108170"}],"wp:attachment":[{"href":"https:\/\/www.europesays.com\/lv\/wp-json\/wp\/v2\/media?parent=108169"}],"wp:term":[{"taxonomy":"category","embeddable":true,"href":"https:\/\/www.europesays.com\/lv\/wp-json\/wp\/v2\/categories?post=108169"},{"taxonomy":"post_tag","embeddable":true,"href":"https:\/\/www.europesays.com\/lv\/wp-json\/wp\/v2\/tags?post=108169"}],"curies":[{"name":"wp","href":"https:\/\/api.w.org\/{rel}","templated":true}]}}