{"id":108192,"date":"2026-01-19T06:02:07","date_gmt":"2026-01-19T06:02:07","guid":{"rendered":"https:\/\/www.europesays.com\/lv\/108192\/"},"modified":"2026-01-19T06:02:07","modified_gmt":"2026-01-19T06:02:07","slug":"pasaule-izskan-zinas-par-fredija-merkurija-slepenas-meitas-navi-lente-lv-2","status":"publish","type":"post","link":"https:\/\/www.europesays.com\/lv\/108192\/","title":{"rendered":"Pasaul\u0113 izskan zi\u0146as par Fredija Merk\u016brija &#8220;slepen\u0101s&#8221; meitas n\u0101vi\u00a0\u2014\u00a0Lente.lv"},"content":{"rendered":"<p>Pazudusi Fredija Merk\u016brija &#8220;slepen\u0101&#8221; meita<\/p>\n<p>48 gadu vecum\u0101 m\u016b\u017e\u012bb\u0101 aizg\u0101jusi sieviete, kas sevi d\u0113v\u0113ja par le\u0123end\u0101r\u0101 grupas &#8220;Queen&#8221; solista Fredija Merk\u016brija &#8220;slepeno&#8221; meitu. K\u0101 inform\u0113 port\u0101ls jauns.lv, sievietes \u0123imene apstiprin\u0101jusi tra\u0123isko v\u0113sti, nor\u0101dot, ka vi\u0146a ilgsto\u0161i c\u012bn\u012bjusies ar retu mugurkaula v\u0113zi \u2013 hordomu. Vi\u0146as v\u012brs medijiem apstiprin\u0101jis, ka sieviete mirusi mierpilni, atst\u0101jot divus d\u0113lus, devi\u0146us un septi\u0146us gadus vecus. V\u012brs ar\u012b piebildis, ka &#8220;B tagad ir kop\u0101 ar savu m\u012b\u013coto un m\u012blo\u0161o t\u0113vu&#8221;. Sievietes pelni izkais\u012bti virs Alpiem.<\/p>\n<p>Identit\u0101te atkl\u0101ta tikai p\u0113rn<\/p>\n<p>\u0160\u012bs sievietes eksistence sabiedr\u012bbai k\u013cuva zin\u0101ma vien pag\u0101ju\u0161\u0101 gada vasar\u0101, kad tika public\u0113ta biogr\u0101fija &#8220;Love, Freddie&#8221;, ko sarakst\u012bjis autors un m\u016bzikas \u017eurn\u0101lists Leslijs-Anna D\u017eonss. Gr\u0101mat\u0101 apgalvots, ka Fredijs Merk\u016brijs vi\u0146as m\u0101ti iepazinis 1976. gad\u0101 un ka vi\u0146\u0161 ar savu meitu uztur\u0113jis cie\u0161as attiec\u012bbas l\u012bdz pat savai n\u0101vei 1991. gad\u0101. Tiek uzskat\u012bts, ka Merk\u016brijs sievieti d\u0113v\u0113jis par &#8220;Bibi&#8221;, &#8220;tr\u00e9sor&#8221; (d\u0101rgums fran\u010du valod\u0101) un &#8220;little froggie&#8221; (maz\u0101 vard\u012bte). Ir ar\u012b spekul\u0101cijas, ka divas grupas &#8220;Queen&#8221; dziesmas \u2013 &#8220;Bijou&#8221; un &#8220;Don&#8217;t Try So Hard&#8221; \u2013 var\u0113tu b\u016bt velt\u012btas tie\u0161i vi\u0146ai.<\/p>\n<p>Slepen\u0101 dz\u012bve un \u0123imenes attiec\u012bbas<\/p>\n<p>Sieviete, kas pla\u0161\u0101k paz\u012bstama k\u0101 &#8220;B&#8221;, bet priv\u0101ti d\u0113v\u0113ta par &#8220;Bibi&#8221;, visu m\u016b\u017eu sl\u0113pusi savu identit\u0101ti. Vi\u0146as st\u0101sts atkl\u0101ts gr\u0101mat\u0101, kur\u0101 apgalvots, ka Merk\u016brijs apmekl\u0113jis vi\u0146u un m\u0101ti, un vi\u0146am pat biju\u0161as atsevi\u0161\u0137as istabas vi\u0146u m\u0101j\u0101s. Pirms n\u0101ves Merk\u016brijs meitai uztic\u0113jis 17 s\u0113jumus ar sav\u0101m person\u012bgaj\u0101m dienasgr\u0101mat\u0101m. Gr\u0101matas autore apgalvo, ka vi\u0146as atkl\u0101t\u0101 inform\u0101cija balst\u012bta uz \u0161\u012bm dienasgr\u0101mat\u0101m un paudusi, ka sievietei bijusi misija \u2013 atsp\u0113kot melus un sagroz\u012bjumus par Fredija Merk\u016brija dz\u012bvi.<\/p>\n<p>\u0160aubas un skepse par apgalvojumiem<\/p>\n<p>Neskatoties uz biogr\u0101fijas rad\u012bto rezonansi, ne visi pie\u0146\u0113mu\u0161i t\u0101s pausto inform\u0101ciju. Fredija Merk\u016brija ilggad\u0113j\u0101 draudzene un bijus\u012b sudrabk\u0101zniece M\u0113rija Ostina publiski paudusi \u0161aubas par apgalvojumiem, nor\u0101dot, ka nav zin\u0101jusi par Merk\u016brija iesp\u0113jamo meitu vai vi\u0146a dienasgr\u0101mat\u0101m. Ar\u012b citi grupas &#8220;Queen&#8221; dal\u012bbnieki un tuvinieki nav publiski koment\u0113ju\u0161i \u0161o inform\u0101ciju vai paudu\u0161i skepsi par apgalvojumiem.<\/p>\n<p>C\u012b\u0146a ar slim\u012bbu un p\u0113d\u0113j\u0101 v\u0113lme<\/p>\n<p>P\u0113c biogr\u0101fes teikt\u0101, &#8220;Bibi&#8221; ar v\u0113zi slimojusi kop\u0161 b\u0113rn\u012bbas, un slim\u012bbai atk\u0101rtojoties, vi\u0146a sazin\u0101jusies ar D\u017eounsu, lai dal\u012btos sav\u0101 st\u0101st\u0101. Pirms n\u0101ves, kop\u0101 ar v\u012bru un b\u0113rniem, vi\u0146a apmekl\u0113jusi Ma\u010du Pik\u010du Dienvidamerik\u0101, piepildot senu v\u0113l\u0113\u0161anos. K\u0101 ar\u012b tika min\u0113ts, ka vi\u0146a, b\u016bdama \u0101rste, v\u0113l\u0113jusies pasarg\u0101t savu priv\u0101to dz\u012bvi un pacientus no publicit\u0101tes.<\/p>\n","protected":false},"excerpt":{"rendered":"Pazudusi Fredija Merk\u016brija &#8220;slepen\u0101&#8221; meita 48 gadu vecum\u0101 m\u016b\u017e\u012bb\u0101 aizg\u0101jusi sieviete, kas sevi d\u0113v\u0113ja par le\u0123end\u0101r\u0101 grupas &#8220;Queen&#8221;&hellip;\n","protected":false},"author":2,"featured_media":108156,"comment_status":"","ping_status":"","sticky":false,"template":"","format":"standard","meta":{"footnotes":""},"categories":[19],"tags":[25744,89,10689,90,35,39,38,36,37,34,40,10688,25745,976],"class_list":{"0":"post-108192","1":"post","2":"type-post","3":"status-publish","4":"format-standard","5":"has-post-thumbnail","7":"category-izklaide","8":"tag-bibi","9":"tag-entertainment","10":"tag-fredijs-merkurijs","11":"tag-izklaide","12":"tag-latvia","13":"tag-latvian","14":"tag-latviesu","15":"tag-latviesu-valoda","16":"tag-latviesuvaloda","17":"tag-latvija","18":"tag-lv","19":"tag-queen","20":"tag-slepena-meita","21":"tag-vezis"},"share_on_mastodon":{"url":"https:\/\/pubeurope.com\/@lv\/115920250004309075","error":""},"_links":{"self":[{"href":"https:\/\/www.europesays.com\/lv\/wp-json\/wp\/v2\/posts\/108192","targetHints":{"allow":["GET"]}}],"collection":[{"href":"https:\/\/www.europesays.com\/lv\/wp-json\/wp\/v2\/posts"}],"about":[{"href":"https:\/\/www.europesays.com\/lv\/wp-json\/wp\/v2\/types\/post"}],"author":[{"embeddable":true,"href":"https:\/\/www.europesays.com\/lv\/wp-json\/wp\/v2\/users\/2"}],"replies":[{"embeddable":true,"href":"https:\/\/www.europesays.com\/lv\/wp-json\/wp\/v2\/comments?post=108192"}],"version-history":[{"count":0,"href":"https:\/\/www.europesays.com\/lv\/wp-json\/wp\/v2\/posts\/108192\/revisions"}],"wp:featuredmedia":[{"embeddable":true,"href":"https:\/\/www.europesays.com\/lv\/wp-json\/wp\/v2\/media\/108156"}],"wp:attachment":[{"href":"https:\/\/www.europesays.com\/lv\/wp-json\/wp\/v2\/media?parent=108192"}],"wp:term":[{"taxonomy":"category","embeddable":true,"href":"https:\/\/www.europesays.com\/lv\/wp-json\/wp\/v2\/categories?post=108192"},{"taxonomy":"post_tag","embeddable":true,"href":"https:\/\/www.europesays.com\/lv\/wp-json\/wp\/v2\/tags?post=108192"}],"curies":[{"name":"wp","href":"https:\/\/api.w.org\/{rel}","templated":true}]}}