{"id":108198,"date":"2026-01-19T06:12:07","date_gmt":"2026-01-19T06:12:07","guid":{"rendered":"https:\/\/www.europesays.com\/lv\/108198\/"},"modified":"2026-01-19T06:12:07","modified_gmt":"2026-01-19T06:12:07","slug":"atcelts-aizliegums-atrasties-uz-radzu-udenskratuves-ledus-jekabpils-laiks-jekabpils-zinas","status":"publish","type":"post","link":"https:\/\/www.europesays.com\/lv\/108198\/","title":{"rendered":"Atcelts aizliegums atrasties uz Rad\u017eu \u016bdenskr\u0101tuves ledus \/ J\u0113kabpils Laiks: J\u0113kabpils zi\u0146as"},"content":{"rendered":"<p>\u0145emot v\u0113r\u0101, ka kontrolm\u0113r\u012bjumu viet\u0101s ledus biezums atz\u012bts par dro\u0161u, J\u0113kabpils novada pa\u0161vald\u012bbas izpilddirektors atc\u0113lis aizliegumu atrasties uz Rad\u017eu \u016bdenskr\u0101tuves ledus. Pa\u0161vald\u012bba gan uzsver, ka citviet \u016bdenskr\u0101tuv\u0113 ledus biezums joproj\u0101m var b\u016bt nevienm\u0113r\u012bgs, t\u0101p\u0113c iedz\u012bvot\u0101ji aicin\u0101ti r\u012bkoties atbild\u012bgi un r\u016bp\u012bgi izv\u0113rt\u0113t dro\u0161\u012bbu, pirms k\u0101pt uz ledus.<\/p>\n<p>Attiec\u012bb\u0101 uz mak\u0161\u0137er\u0113\u0161anu Rad\u017eu \u016bdenskr\u0101tuv\u0113 \u0161obr\u012bd licences nav nepiecie\u0161amas, inform\u0113 J\u0113kabpils novada Att\u012bst\u012bbas p\u0101rvaldes Vides un dabas resursu aizsardz\u012bbas noda\u013ca. Pa\u0161laik tiek izstr\u0101d\u0101ti jauni saisto\u0161ie noteikumi \u201cJ\u0113kabpils novada Rad\u017eu \u016bdenskr\u0101tuves licenc\u0113t\u0101s mak\u0161\u0137er\u0113\u0161anas, v\u0113\u017eo\u0161anas un zem\u016bdens med\u012bbu nolikums\u201d. Viedokli par noteikumu projektu iedz\u012bvot\u0101ji var izteikt l\u012bdz 22. janv\u0101rim. Licen\u010du ieg\u0101de tiks atjaunota p\u0113c jauno saisto\u0161o noteikumu st\u0101\u0161an\u0101s sp\u0113k\u0101.<\/p>\n","protected":false},"excerpt":{"rendered":"\u0145emot v\u0113r\u0101, ka kontrolm\u0113r\u012bjumu viet\u0101s ledus biezums atz\u012bts par dro\u0161u, J\u0113kabpils novada pa\u0161vald\u012bbas izpilddirektors atc\u0113lis aizliegumu atrasties uz&hellip;\n","protected":false},"author":2,"featured_media":108199,"comment_status":"","ping_status":"","sticky":false,"template":"","format":"standard","meta":{"footnotes":""},"categories":[12],"tags":[23,28,29,32,33,22,987,986,30,31,35,39,38,36,37,34,40,20,26,27,24,25,21],"class_list":{"0":"post-108198","1":"post","2":"type-post","3":"status-publish","4":"format-standard","5":"has-post-thumbnail","7":"category-latvija","8":"tag-aktualitates","9":"tag-breaking-news","10":"tag-breakingnews","11":"tag-featured-news","12":"tag-featurednews","13":"tag-headlines","14":"tag-jekabpils-zinas","15":"tag-jekabpilslaiks","16":"tag-latest-news","17":"tag-latestnews","18":"tag-latvia","19":"tag-latvian","20":"tag-latviesu","21":"tag-latviesu-valoda","22":"tag-latviesuvaloda","23":"tag-latvija","24":"tag-lv","25":"tag-news","26":"tag-popularakas-zinas","27":"tag-popularakaszinas","28":"tag-top-stories","29":"tag-topstories","30":"tag-zinas"},"share_on_mastodon":{"url":"https:\/\/pubeurope.com\/@lv\/115920289323906311","error":""},"_links":{"self":[{"href":"https:\/\/www.europesays.com\/lv\/wp-json\/wp\/v2\/posts\/108198","targetHints":{"allow":["GET"]}}],"collection":[{"href":"https:\/\/www.europesays.com\/lv\/wp-json\/wp\/v2\/posts"}],"about":[{"href":"https:\/\/www.europesays.com\/lv\/wp-json\/wp\/v2\/types\/post"}],"author":[{"embeddable":true,"href":"https:\/\/www.europesays.com\/lv\/wp-json\/wp\/v2\/users\/2"}],"replies":[{"embeddable":true,"href":"https:\/\/www.europesays.com\/lv\/wp-json\/wp\/v2\/comments?post=108198"}],"version-history":[{"count":0,"href":"https:\/\/www.europesays.com\/lv\/wp-json\/wp\/v2\/posts\/108198\/revisions"}],"wp:featuredmedia":[{"embeddable":true,"href":"https:\/\/www.europesays.com\/lv\/wp-json\/wp\/v2\/media\/108199"}],"wp:attachment":[{"href":"https:\/\/www.europesays.com\/lv\/wp-json\/wp\/v2\/media?parent=108198"}],"wp:term":[{"taxonomy":"category","embeddable":true,"href":"https:\/\/www.europesays.com\/lv\/wp-json\/wp\/v2\/categories?post=108198"},{"taxonomy":"post_tag","embeddable":true,"href":"https:\/\/www.europesays.com\/lv\/wp-json\/wp\/v2\/tags?post=108198"}],"curies":[{"name":"wp","href":"https:\/\/api.w.org\/{rel}","templated":true}]}}