{"id":108261,"date":"2026-01-19T07:24:06","date_gmt":"2026-01-19T07:24:06","guid":{"rendered":"https:\/\/www.europesays.com\/lv\/108261\/"},"modified":"2026-01-19T07:24:06","modified_gmt":"2026-01-19T07:24:06","slug":"andaluzija-notikusi-atrvilcienu-sadursme-vismaz-39-bojagajusie-un-desmitiem-ievainoto","status":"publish","type":"post","link":"https:\/\/www.europesays.com\/lv\/108261\/","title":{"rendered":"Andal\u016bzij\u0101 notikusi \u0101trvilcienu sadursme. Vismaz 39 boj\u0101g\u0101ju\u0161ie un desmitiem ievainoto"},"content":{"rendered":"<p>Negad\u012bjums notika, kad Malagas-Madrides \u0101trvilciena p\u0113d\u0113jie vagoni net\u0101lu no Adamusas nog\u0101ja no slied\u0113m un sad\u016br\u0101s ar pret\u012bbrauco\u0161o vilcienu, kas bija ce\u013c\u0101 no Madrides uz Velvu, pav\u0113st\u012bjusi Sp\u0101nijas dzelzce\u013ca infrastrukt\u016bras komp\u0101nija &#8220;Adif&#8221;.<\/p>\n<p>Vismaz 75 cilv\u0113ki ir ievainoti, 15 no vi\u0146iem smagi.<\/p>\n<p>Malagas-Madrides vilcien\u0101, kura operators bija priv\u0101t\u0101 komp\u0101nija &#8220;Iryo&#8221;, atrad\u0101s apm\u0113ram 300 cilv\u0113ku, bet Madrides-Velvas vilcien\u0101, kura operators bija Sp\u0101nijas valsts dzelzce\u013ca uz\u0146\u0113mums &#8220;Renfe&#8221;, atrad\u0101s aptuveni 200 cilv\u0113ku.<\/p>\n<p>Sp\u0101nijas satiksmes ministrs Oskars Puente sac\u012bja, ka av\u0101rijas c\u0113lonis nav zin\u0101ms. Vi\u0146\u0161 notiku\u0161o nosauca par &#8220;patiesi d\u012bvainu&#8221; negad\u012bjumu, jo tas noticis l\u012bdzen\u0101 viet\u0101 uz slie\u017eu posma, kas bija renov\u0113ts maij\u0101. Ministrs ar\u012b teica, ka <a href=\"https:\/\/www.apollo.lv\/term\/563546\/vilciens\" class=\"topicLink\" target=\"_blank\" rel=\"nofollow noopener\">vilciens<\/a>, kas nog\u0101jis no slied\u0113m, bijis maz\u0101k nek\u0101 \u010detrus gadus vecs.<\/p>\n<p>Saska\u0146\u0101 ar Puentes teikto Malagas-Madrides vilciena p\u0113d\u0113jie vagoni nog\u0101ju\u0161i no slied\u0113m un ietrieku\u0161ies Madrides-Velvas vilciena priek\u0161gal\u0101, un t\u0101d\u0113\u013c t\u0101 pirmie divi vagoni tika nogr\u016bsti lej\u0101 pa \u010detru metru nog\u0101zi. Vi\u0146\u0161 sac\u012bja, ka visliel\u0101kie boj\u0101jumi tika nodar\u012bti Madrides-Velvas vilciena priek\u0161\u0113jiem vagoniem.<\/p>\n","protected":false},"excerpt":{"rendered":"Negad\u012bjums notika, kad Malagas-Madrides \u0101trvilciena p\u0113d\u0113jie vagoni net\u0101lu no Adamusas nog\u0101ja no slied\u0113m un sad\u016br\u0101s ar pret\u012bbrauco\u0161o vilcienu,&hellip;\n","protected":false},"author":2,"featured_media":108209,"comment_status":"","ping_status":"","sticky":false,"template":"","format":"standard","meta":{"footnotes":""},"categories":[12],"tags":[23,28,29,32,33,22,30,31,35,39,38,36,37,34,40,20,26,27,1670,24,25,2020,21],"class_list":{"0":"post-108261","1":"post","2":"type-post","3":"status-publish","4":"format-standard","5":"has-post-thumbnail","7":"category-latvija","8":"tag-aktualitates","9":"tag-breaking-news","10":"tag-breakingnews","11":"tag-featured-news","12":"tag-featurednews","13":"tag-headlines","14":"tag-latest-news","15":"tag-latestnews","16":"tag-latvia","17":"tag-latvian","18":"tag-latviesu","19":"tag-latviesu-valoda","20":"tag-latviesuvaloda","21":"tag-latvija","22":"tag-lv","23":"tag-news","24":"tag-popularakas-zinas","25":"tag-popularakaszinas","26":"tag-spanija","27":"tag-top-stories","28":"tag-topstories","29":"tag-vilciens","30":"tag-zinas"},"share_on_mastodon":{"url":"https:\/\/pubeurope.com\/@lv\/115920572485664920","error":""},"_links":{"self":[{"href":"https:\/\/www.europesays.com\/lv\/wp-json\/wp\/v2\/posts\/108261","targetHints":{"allow":["GET"]}}],"collection":[{"href":"https:\/\/www.europesays.com\/lv\/wp-json\/wp\/v2\/posts"}],"about":[{"href":"https:\/\/www.europesays.com\/lv\/wp-json\/wp\/v2\/types\/post"}],"author":[{"embeddable":true,"href":"https:\/\/www.europesays.com\/lv\/wp-json\/wp\/v2\/users\/2"}],"replies":[{"embeddable":true,"href":"https:\/\/www.europesays.com\/lv\/wp-json\/wp\/v2\/comments?post=108261"}],"version-history":[{"count":0,"href":"https:\/\/www.europesays.com\/lv\/wp-json\/wp\/v2\/posts\/108261\/revisions"}],"wp:featuredmedia":[{"embeddable":true,"href":"https:\/\/www.europesays.com\/lv\/wp-json\/wp\/v2\/media\/108209"}],"wp:attachment":[{"href":"https:\/\/www.europesays.com\/lv\/wp-json\/wp\/v2\/media?parent=108261"}],"wp:term":[{"taxonomy":"category","embeddable":true,"href":"https:\/\/www.europesays.com\/lv\/wp-json\/wp\/v2\/categories?post=108261"},{"taxonomy":"post_tag","embeddable":true,"href":"https:\/\/www.europesays.com\/lv\/wp-json\/wp\/v2\/tags?post=108261"}],"curies":[{"name":"wp","href":"https:\/\/api.w.org\/{rel}","templated":true}]}}