{"id":108266,"date":"2026-01-19T07:30:08","date_gmt":"2026-01-19T07:30:08","guid":{"rendered":"https:\/\/www.europesays.com\/lv\/108266\/"},"modified":"2026-01-19T07:30:08","modified_gmt":"2026-01-19T07:30:08","slug":"skolas-kuras-ir-problemas-ar-pareju-uz-macibam-latviesu-valoda-tiks-nemtas-zem-lupas","status":"publish","type":"post","link":"https:\/\/www.europesays.com\/lv\/108266\/","title":{"rendered":"Skolas, kur\u0101s ir probl\u0113mas ar p\u0101reju uz m\u0101c\u012bb\u0101m latvie\u0161u valod\u0101, tiks &#8220;\u0146emtas zem lupas&#8221;"},"content":{"rendered":"<p>P\u0113c vi\u0146a teikt\u0101, galvaspils\u0113t\u0101 saist\u012bb\u0101 ar p\u0101reju uz m\u0101c\u012bb\u0101m latvie\u0161u valod\u0101 ir apm\u0113ram 20 problem\u0101tiskas skolas.<\/p>\n<p>Vaic\u0101ts, k\u0101 \u0161\u012bs skolas tiek apzin\u0101tas, \u0136irsis skaidroja, ka Izgl\u012bt\u012bbas kvalit\u0101tes valsts dienests (IKVD) ir veicis p\u0101rbaudi, un tuv\u0101kaj\u0101 laik\u0101 tiek gaid\u012bts t\u0101s detaliz\u0113ts izkl\u0101sts. T\u0101pat apr\u012bl\u012b ir pl\u0101nots diagnostikas darbs, ko organiz\u0113 Izgl\u012bt\u012bbas un zin\u0101tnes ministrija. &#8220;P\u0113c t\u0101 m\u0113s daudz ko redz\u0113sim,&#8221; atzina \u0136irsis.<\/p>\n<p>Politi\u0137is uzsv\u0113ra, ka skolu direktori ir galven\u0101s personas skol\u0101 un var izmantot izgl\u012bt\u012bbas iest\u0101d\u0113m papildu pie\u0161\u0137irto finans\u0113jumu, lai piesaist\u012btu pal\u012bgus, \u012bstenotu da\u017e\u0101das \u0101rpus kla\u0161u aktivit\u0101tes un taml\u012bdz\u012bgi.<\/p>\n<p>Vi\u0146\u0161 uzsv\u0113ra, ka tiks pras\u012bts rezult\u0101ts. &#8220;T\u0101s skolas, kur\u0101s b\u016bs probl\u0113mas, \u0146emsim zem lupas. Un es neizsl\u0113dzu, ka varam aiziet l\u012bdz k\u0101du izgl\u012bt\u012bbas iest\u0101\u017eu direktoru nomai\u0146ai,&#8221; vi\u0146\u0161 teica.<\/p>\n<p>\u0136irsis neizsl\u0113dza, ka \u0161\u0101das direktoru nomai\u0146as var\u0113tu b\u016bt daudzskaitl\u012bgas, bet pauda cer\u012bbu, ka t\u0101 neb\u016bs. &#8220;Ir daudz sign\u0101lu par da\u017e\u0101d\u0101m skol\u0101m, bet \u0161is ir p\u0113d\u0113jais br\u012bdis saros\u012bties,&#8221; uzsv\u0113ra \u0136irsis.<\/p>\n","protected":false},"excerpt":{"rendered":"P\u0113c vi\u0146a teikt\u0101, galvaspils\u0113t\u0101 saist\u012bb\u0101 ar p\u0101reju uz m\u0101c\u012bb\u0101m latvie\u0161u valod\u0101 ir apm\u0113ram 20 problem\u0101tiskas skolas. Vaic\u0101ts, k\u0101&hellip;\n","protected":false},"author":2,"featured_media":108267,"comment_status":"","ping_status":"","sticky":false,"template":"","format":"standard","meta":{"footnotes":""},"categories":[12],"tags":[23,28,29,32,33,22,336,30,31,35,39,38,36,37,34,40,20,26,27,49,24,25,21],"class_list":{"0":"post-108266","1":"post","2":"type-post","3":"status-publish","4":"format-standard","5":"has-post-thumbnail","7":"category-latvija","8":"tag-aktualitates","9":"tag-breaking-news","10":"tag-breakingnews","11":"tag-featured-news","12":"tag-featurednews","13":"tag-headlines","14":"tag-izglitiba","15":"tag-latest-news","16":"tag-latestnews","17":"tag-latvia","18":"tag-latvian","19":"tag-latviesu","20":"tag-latviesu-valoda","21":"tag-latviesuvaloda","22":"tag-latvija","23":"tag-lv","24":"tag-news","25":"tag-popularakas-zinas","26":"tag-popularakaszinas","27":"tag-skola","28":"tag-top-stories","29":"tag-topstories","30":"tag-zinas"},"share_on_mastodon":{"url":"https:\/\/pubeurope.com\/@lv\/115920596168402553","error":""},"_links":{"self":[{"href":"https:\/\/www.europesays.com\/lv\/wp-json\/wp\/v2\/posts\/108266","targetHints":{"allow":["GET"]}}],"collection":[{"href":"https:\/\/www.europesays.com\/lv\/wp-json\/wp\/v2\/posts"}],"about":[{"href":"https:\/\/www.europesays.com\/lv\/wp-json\/wp\/v2\/types\/post"}],"author":[{"embeddable":true,"href":"https:\/\/www.europesays.com\/lv\/wp-json\/wp\/v2\/users\/2"}],"replies":[{"embeddable":true,"href":"https:\/\/www.europesays.com\/lv\/wp-json\/wp\/v2\/comments?post=108266"}],"version-history":[{"count":0,"href":"https:\/\/www.europesays.com\/lv\/wp-json\/wp\/v2\/posts\/108266\/revisions"}],"wp:featuredmedia":[{"embeddable":true,"href":"https:\/\/www.europesays.com\/lv\/wp-json\/wp\/v2\/media\/108267"}],"wp:attachment":[{"href":"https:\/\/www.europesays.com\/lv\/wp-json\/wp\/v2\/media?parent=108266"}],"wp:term":[{"taxonomy":"category","embeddable":true,"href":"https:\/\/www.europesays.com\/lv\/wp-json\/wp\/v2\/categories?post=108266"},{"taxonomy":"post_tag","embeddable":true,"href":"https:\/\/www.europesays.com\/lv\/wp-json\/wp\/v2\/tags?post=108266"}],"curies":[{"name":"wp","href":"https:\/\/api.w.org\/{rel}","templated":true}]}}