{"id":10827,"date":"2025-10-02T17:51:12","date_gmt":"2025-10-02T17:51:12","guid":{"rendered":"https:\/\/www.europesays.com\/lv\/10827\/"},"modified":"2025-10-02T17:51:12","modified_gmt":"2025-10-02T17:51:12","slug":"plavniekos-divu-bernu-naves-lieta-rosinats-apsudzet-pmlp-darbinieku-par-ieroca-nolaidigu-glabasanu","status":"publish","type":"post","link":"https:\/\/www.europesays.com\/lv\/10827\/","title":{"rendered":"P\u013cavniekos divu b\u0113rnu n\u0101ves liet\u0101 rosin\u0101ts aps\u016bdz\u0113t PMLP darbinieku par iero\u010da nolaid\u012bgu glab\u0101\u0161anu"},"content":{"rendered":"<p>IDB guvis pier\u0101d\u012bjumus, ka <a href=\"https:\/\/www.tvnet.lv\/term\/556093\/pmlp\" class=\"topicLink\" target=\"_blank\" rel=\"nofollow noopener\">PMLP<\/a> darbinieks sav\u0101 dz\u012bvesviet\u0101 glab\u0101ja \u0161aujamieroci, p\u0101rk\u0101pjot normat\u012bvos aktus. Aizdom\u0101s tur\u0113tais nav nodro\u0161in\u0101jis t\u0101dus vi\u0146am piedero\u0161\u0101 \u0161aujamiero\u010da glab\u0101\u0161anas apst\u0101k\u013cus, kas nepie\u013cauj nejau\u0161u iero\u010da nok\u013c\u016b\u0161anu nepiedero\u0161u personu rok\u0101s, pau\u017e birojs.<\/p>\n<p>Pirmstiesas izmekl\u0113\u0161anas laik\u0101 konstat\u0113ts, ka \u0161\u0101da Pilson\u012bbas un migr\u0101cijas lietu p\u0101rvaldes darbinieka r\u012bc\u012bba novedusi pie divu mazgad\u012bgu b\u0113rnu n\u0101ves. Turkl\u0101t izmekl\u0113\u0161an\u0101 konstat\u0113ts, ka PMLP darbinieks glab\u0101ja \u0161aujamiero\u010da mun\u012bciju bez nepiecie\u0161am\u0101s at\u013caujas.<\/p>\n<p>Lieta tikusi s\u0101kta par divu mazgad\u012bgu b\u0113rnu non\u0101v\u0113\u0161anu aiz neuzman\u012bbas, un IDB taj\u0101 sadarb\u012bb\u0101 ar uzraugo\u0161o prokuroru veicis &#8220;apjom\u012bgu izmekl\u0113\u0161anu, pier\u0101d\u012bjumu ieg\u016b\u0161anu un p\u0101rbaudi notiku\u0161\u0101 faktisko apst\u0101k\u013cu noskaidro\u0161anai&#8221;. Biju\u0161as noteiktas vair\u0101kas &#8220;sare\u017e\u0123\u012btas un izpildes zi\u0146\u0101 laikietilp\u012bgas ekspert\u012bzes&#8221;. Izmekl\u0113t\u0101jiem s\u0101kotn\u0113ji nav biju\u0161i skaidri notikuma faktiskie apst\u0101k\u013ci, bet izmekl\u0113\u0161anas laik\u0101 rekonstru\u0113tas b\u0113rnu dienas gaitas un n\u0101ves iest\u0101\u0161an\u0101s apst\u0101k\u013ci, teikts IDB pazi\u0146ojum\u0101, tom\u0113r neatkl\u0101jot prec\u012bzus tra\u0123\u0113dijas apst\u0101k\u013cus.<\/p>\n<p>Pabeidzot \u0161o izmekl\u0113\u0161anu, pie\u0146emts l\u0113mums par krimin\u0101lprocesa izbeig\u0161anu da\u013c\u0101 par non\u0101v\u0113\u0161anu, jo &#8220;konstat\u0113ti krimin\u0101lprocesu nepie\u013caujo\u0161i apst\u0101k\u013ci&#8221;. Krimin\u0101lprocesa likum\u0101 uzskat\u012bti vair\u0101ki \u0161\u0101di apst\u0101k\u013ci, piem\u0113ram, ja persona, kura saucama pie krimin\u0101latbild\u012bbas, ir mirusi.<\/p>\n<p>Prokurat\u016br\u0101 a\u0123ent\u016brai LETA apliecin\u0101ja, ka \u0161odien lieta ir sa\u0146emta un tuv\u0101kaj\u0101 laik\u0101 tiks lemts par aps\u016bdz\u012bbas cel\u0161anu. Vienlaikus ar\u012b prokurat\u016bra patlaban neizpau\u017e prec\u012bzus b\u0113rnu n\u0101ves apst\u0101k\u013cus.<\/p>\n<p>Jau zi\u0146ots, ka 2025.gada 7.febru\u0101r\u012b R\u012bg\u0101, k\u0101d\u0101 P\u013cavnieku daudzdz\u012bvok\u013cu nama dz\u012bvokl\u012b, tika atrasti divi 2012.gad\u0101 dzimu\u0161u z\u0113nu l\u012b\u0137i ar \u0161aut\u0101m br\u016bc\u0113m. Latvijas Telev\u012bzija zi\u0146oja, ka tra\u0123\u0113dija notikusi, b\u0113rniem tiekot pie glab\u0101tav\u0101 eso\u0161\u0101 iero\u010da un ar to sp\u0113l\u0113joties.<\/p>\n","protected":false},"excerpt":{"rendered":"IDB guvis pier\u0101d\u012bjumus, ka PMLP darbinieks sav\u0101 dz\u012bvesviet\u0101 glab\u0101ja \u0161aujamieroci, p\u0101rk\u0101pjot normat\u012bvos aktus. Aizdom\u0101s tur\u0113tais nav nodro\u0161in\u0101jis t\u0101dus&hellip;\n","protected":false},"author":2,"featured_media":10828,"comment_status":"","ping_status":"","sticky":false,"template":"","format":"standard","meta":{"footnotes":""},"categories":[12],"tags":[23,28,29,32,33,22,4053,30,31,35,39,38,36,37,34,40,20,161,26,27,4054,24,25,21],"class_list":{"0":"post-10827","1":"post","2":"type-post","3":"status-publish","4":"format-standard","5":"has-post-thumbnail","7":"category-latvija","8":"tag-aktualitates","9":"tag-breaking-news","10":"tag-breakingnews","11":"tag-featured-news","12":"tag-featurednews","13":"tag-headlines","14":"tag-ierocis","15":"tag-latest-news","16":"tag-latestnews","17":"tag-latvia","18":"tag-latvian","19":"tag-latviesu","20":"tag-latviesu-valoda","21":"tag-latviesuvaloda","22":"tag-latvija","23":"tag-lv","24":"tag-news","25":"tag-pmlp","26":"tag-popularakas-zinas","27":"tag-popularakaszinas","28":"tag-saujamierocis","29":"tag-top-stories","30":"tag-topstories","31":"tag-zinas"},"share_on_mastodon":{"url":"","error":""},"_links":{"self":[{"href":"https:\/\/www.europesays.com\/lv\/wp-json\/wp\/v2\/posts\/10827","targetHints":{"allow":["GET"]}}],"collection":[{"href":"https:\/\/www.europesays.com\/lv\/wp-json\/wp\/v2\/posts"}],"about":[{"href":"https:\/\/www.europesays.com\/lv\/wp-json\/wp\/v2\/types\/post"}],"author":[{"embeddable":true,"href":"https:\/\/www.europesays.com\/lv\/wp-json\/wp\/v2\/users\/2"}],"replies":[{"embeddable":true,"href":"https:\/\/www.europesays.com\/lv\/wp-json\/wp\/v2\/comments?post=10827"}],"version-history":[{"count":0,"href":"https:\/\/www.europesays.com\/lv\/wp-json\/wp\/v2\/posts\/10827\/revisions"}],"wp:featuredmedia":[{"embeddable":true,"href":"https:\/\/www.europesays.com\/lv\/wp-json\/wp\/v2\/media\/10828"}],"wp:attachment":[{"href":"https:\/\/www.europesays.com\/lv\/wp-json\/wp\/v2\/media?parent=10827"}],"wp:term":[{"taxonomy":"category","embeddable":true,"href":"https:\/\/www.europesays.com\/lv\/wp-json\/wp\/v2\/categories?post=10827"},{"taxonomy":"post_tag","embeddable":true,"href":"https:\/\/www.europesays.com\/lv\/wp-json\/wp\/v2\/tags?post=10827"}],"curies":[{"name":"wp","href":"https:\/\/api.w.org\/{rel}","templated":true}]}}