{"id":108291,"date":"2026-01-19T08:01:08","date_gmt":"2026-01-19T08:01:08","guid":{"rendered":"https:\/\/www.europesays.com\/lv\/108291\/"},"modified":"2026-01-19T08:01:08","modified_gmt":"2026-01-19T08:01:08","slug":"nedelas-nogale-rigas-regiona-aiztureti-devini-dzerajsoferi","status":"publish","type":"post","link":"https:\/\/www.europesays.com\/lv\/108291\/","title":{"rendered":"Ned\u0113\u013cas nogal\u0113 R\u012bgas re\u0123ion\u0101 aiztur\u0113ti devi\u0146i dz\u0113r\u0101j\u0161oferi"},"content":{"rendered":"<p>Ned\u0113\u013cas nogal\u0113 policija R\u012bgas re\u0123ion\u0101 aiztur\u0113jusi devi\u0146us transporta l\u012bdzek\u013cu vad\u012bt\u0101jus alkohola reibum\u0101, liecina Valsts policijas inform\u0101cija.<\/p>\n<p>Diviem dz\u0113r\u0101j\u0161oferiem noform\u0113ts administrat\u012bv\u0101 p\u0101rk\u0101puma protokols, bet septi\u0146i tiks saukti pie krimin\u0101latbild\u012bbas. Vienam pie\u0137ertajam \u0161oferim konfisc\u0113s\u00a0transportl\u012bdzekli, bet se\u0161os gad\u012bjumos tiks piedz\u012bta t\u0101 v\u0113rt\u012bba.<\/p>\n<p>Kop\u0161 piektdienas R\u012bg\u0101 un galvaspils\u0113tas apk\u0101rtn\u0113 re\u0123istr\u0113ti 199 ce\u013cu satiksmes negad\u012bjumi, kuros cietu\u0161i asto\u0146i cilv\u0113ki. Cietu\u0161o vid\u016b ir viens g\u0101j\u0113js.<\/p>\n<p>P\u0113d\u0113jo dienu laik\u0101 R\u012bgas re\u0123ion\u0101 sast\u0101d\u012bti 39 administrat\u012bv\u0101 p\u0101rk\u0101puma protokoli par brauk\u0161anas \u0101truma p\u0101rsnieg\u0161anu un viens protokols par agres\u012bvu brauk\u0161anu, k\u0101 ar\u012b re\u0123istr\u0113tas divas laup\u012b\u0161anas un divas z\u0101dz\u012bbas no m\u0101jok\u013ca.<\/p>\n","protected":false},"excerpt":{"rendered":"Ned\u0113\u013cas nogal\u0113 policija R\u012bgas re\u0123ion\u0101 aiztur\u0113jusi devi\u0146us transporta l\u012bdzek\u013cu vad\u012bt\u0101jus alkohola reibum\u0101, liecina Valsts policijas inform\u0101cija. Diviem dz\u0113r\u0101j\u0161oferiem&hellip;\n","protected":false},"author":2,"featured_media":108292,"comment_status":"","ping_status":"","sticky":false,"template":"","format":"standard","meta":{"footnotes":""},"categories":[5],"tags":[23,28,29,47,32,33,22,381,64,30,31,35,39,38,36,37,34,40,20,385,26,27,172,382,384,383,24,25,21],"class_list":{"0":"post-108291","1":"post","2":"type-post","3":"status-publish","4":"format-standard","5":"has-post-thumbnail","7":"category-aktualitates","8":"tag-aktualitates","9":"tag-breaking-news","10":"tag-breakingnews","11":"tag-ekonomika","12":"tag-featured-news","13":"tag-featurednews","14":"tag-headlines","15":"tag-jaunumi","16":"tag-kultura","17":"tag-latest-news","18":"tag-latestnews","19":"tag-latvia","20":"tag-latvian","21":"tag-latviesu","22":"tag-latviesu-valoda","23":"tag-latviesuvaloda","24":"tag-latvija","25":"tag-lv","26":"tag-news","27":"tag-pieriga","28":"tag-popularakas-zinas","29":"tag-popularakaszinas","30":"tag-riga","31":"tag-sabiedriba","32":"tag-sludinajumi","33":"tag-sports-afisa","34":"tag-top-stories","35":"tag-topstories","36":"tag-zinas"},"share_on_mastodon":{"url":"https:\/\/pubeurope.com\/@lv\/115920718034311595","error":""},"_links":{"self":[{"href":"https:\/\/www.europesays.com\/lv\/wp-json\/wp\/v2\/posts\/108291","targetHints":{"allow":["GET"]}}],"collection":[{"href":"https:\/\/www.europesays.com\/lv\/wp-json\/wp\/v2\/posts"}],"about":[{"href":"https:\/\/www.europesays.com\/lv\/wp-json\/wp\/v2\/types\/post"}],"author":[{"embeddable":true,"href":"https:\/\/www.europesays.com\/lv\/wp-json\/wp\/v2\/users\/2"}],"replies":[{"embeddable":true,"href":"https:\/\/www.europesays.com\/lv\/wp-json\/wp\/v2\/comments?post=108291"}],"version-history":[{"count":0,"href":"https:\/\/www.europesays.com\/lv\/wp-json\/wp\/v2\/posts\/108291\/revisions"}],"wp:featuredmedia":[{"embeddable":true,"href":"https:\/\/www.europesays.com\/lv\/wp-json\/wp\/v2\/media\/108292"}],"wp:attachment":[{"href":"https:\/\/www.europesays.com\/lv\/wp-json\/wp\/v2\/media?parent=108291"}],"wp:term":[{"taxonomy":"category","embeddable":true,"href":"https:\/\/www.europesays.com\/lv\/wp-json\/wp\/v2\/categories?post=108291"},{"taxonomy":"post_tag","embeddable":true,"href":"https:\/\/www.europesays.com\/lv\/wp-json\/wp\/v2\/tags?post=108291"}],"curies":[{"name":"wp","href":"https:\/\/api.w.org\/{rel}","templated":true}]}}