{"id":108301,"date":"2026-01-19T08:13:12","date_gmt":"2026-01-19T08:13:12","guid":{"rendered":"https:\/\/www.europesays.com\/lv\/108301\/"},"modified":"2026-01-19T08:13:12","modified_gmt":"2026-01-19T08:13:12","slug":"sestdiena-17-janvaris-ir-parcelta-darba-diena-latvijas-valsts-un-pasvaldibu-iestades-lente-lv","status":"publish","type":"post","link":"https:\/\/www.europesays.com\/lv\/108301\/","title":{"rendered":"Sestdiena, 17. janv\u0101ris, ir p\u0101rcelta darba diena Latvijas valsts un pa\u0161vald\u012bbu iest\u0101d\u0113s\u00a0\u2014\u00a0Lente.lv"},"content":{"rendered":"<p>Valsts iest\u0101d\u0113s \u2014 darba diena sestdien\u0101<\/p>\n<p>\u0160odien, sestdien, 17. janv\u0101r\u012b, Latvijas valsts un pa\u0161vald\u012bbu instit\u016bcij\u0101s ir noteikta p\u0101rcelta darba diena. K\u0101 zi\u0146o av\u012bze Diena, tas paredz\u0113ts Ministru kabineta 2025. gada 12. j\u016bnija r\u012bkojum\u0101 Nr. 330 \u201cPar darba dienu p\u0101rcel\u0161anu 2026. gad\u0101\u201d . \u0160\u012b p\u0101rcelt\u0101 darba diena ir ieguvums no 2. janv\u0101ra, kas \u0161ogad tika svin\u0113ts k\u0101 br\u012bvdiena . \u0160\u0101da prakse nodro\u0161ina elast\u012bg\u0101ku darba un atp\u016btas laika pl\u0101no\u0161anu, \u013caujot iedz\u012bvot\u0101jiem baud\u012bt gar\u0101kus nep\u0101rtrauktus atp\u016btas periodus cit\u0101s ned\u0113\u013c\u0101s .<\/p>\n<p>R\u012bkojuma m\u0113r\u0137is un tv\u0113rums<\/p>\n<p>Ministru kabineta r\u012bkojums, kas regul\u0113 darba dienu p\u0101rcel\u0161anu, balst\u0101s uz Darba likuma 133. panta ceturto da\u013cu . T\u0101 m\u0113r\u0137is ir nodro\u0161in\u0101t efekt\u012bv\u0101ku darba laika organiz\u0113\u0161anu, vienlaikus dodot iesp\u0113ju darbiniekiem baud\u012bt ilg\u0101kas br\u012bvdienas . R\u012bkojums attiecas uz valsts p\u0101rvaldes iest\u0101d\u0113m, kur\u0101m ir noteikta piecu dienu darba ned\u0113\u013ca no pirmdienas l\u012bdz piektdienai . Tom\u0113r Ministru kabinets ar\u012b ieteicis vis\u0101m pa\u0161vald\u012bb\u0101m, komersantiem un cit\u0101m organiz\u0101cij\u0101m, pl\u0101nojot darba un atp\u016btas laiku, sekot \u0161iem p\u0101rcelto darba dienu noteikumiem .<\/p>\n<p>Trad\u012bcija un t\u0101s ieguvumi<\/p>\n<p>Darba dienu p\u0101rcel\u0161ana Latvij\u0101 nav jauna prakse; t\u0101 tiek \u012bstenota jau ilgsto\u0161i un ir k\u013cuvusi par trad\u012bciju, ko sabiedr\u012bba kopum\u0101 v\u0113rt\u0113 pozit\u012bvi . \u0160\u0101da pieeja \u013cauj elast\u012bg\u0101k sadal\u012bt darba resursus un nodro\u0161ina nep\u0101rtraukt\u012bbu darba pl\u016bsm\u0101, vienlaikus pied\u0101v\u0101jot darbiniekiem papildu br\u012bvas dienas saviem ieskatiem . Lai gan \u0161is ir vald\u012bbas r\u012bkojums, tas neuzskat\u0101ms par virsstundu darbu, un gad\u012bjumos, ja darbinieks reli\u0123isku vai citu pamatotu iemeslu d\u0113\u013c nevar str\u0101d\u0101t p\u0101rcelto dienu, t\u0101 tiek uzskat\u012bta par ikgad\u0113j\u0101 atva\u013cin\u0101juma dienu vai tiek atstr\u0101d\u0101ta cit\u0101 laik\u0101 p\u0113c vieno\u0161an\u0101s ar darba dev\u0113ju .<\/p>\n<p>Praktiskie aspekti sestdienas darba dien\u0101<\/p>\n<p>\u0160\u012bs p\u0101rcelt\u0101s darba dienas kontekst\u0101 svar\u012bgi iev\u0113rot noteiktos darba laikus. Piem\u0113ram, \u201cR\u012bgas satiksme\u201d inform\u0113, ka sestdien, 17. janv\u0101r\u012b, sabiedriskais transports kurs\u0113s p\u0113c darba dienu grafika, lai gan autost\u0101vvietas darbosies ierastaj\u0101 sestdienas re\u017e\u012bm\u0101 . Klientu centri str\u0101d\u0101s p\u0113c darba dien\u0101m rakstur\u012bg\u0101 darba laika . Ar\u012b cit\u0101s pa\u0161vald\u012bb\u0101s, piem\u0113ram, Talsu novad\u0101, iest\u0101des str\u0101d\u0101s p\u0113c p\u0101rcelt\u0101s darba dienas grafika .<\/p>\n","protected":false},"excerpt":{"rendered":"Valsts iest\u0101d\u0113s \u2014 darba diena sestdien\u0101 \u0160odien, sestdien, 17. janv\u0101r\u012b, Latvijas valsts un pa\u0161vald\u012bbu instit\u016bcij\u0101s ir noteikta p\u0101rcelta&hellip;\n","protected":false},"author":2,"featured_media":108302,"comment_status":"","ping_status":"","sticky":false,"template":"","format":"standard","meta":{"footnotes":""},"categories":[5],"tags":[25760,23,28,29,7538,32,33,22,30,31,35,39,38,36,37,34,40,5604,20,23135,26,27,24,25,21],"class_list":{"0":"post-108301","1":"post","2":"type-post","3":"status-publish","4":"format-standard","5":"has-post-thumbnail","7":"category-aktualitates","8":"tag-17-janvaris","9":"tag-aktualitates","10":"tag-breaking-news","11":"tag-breakingnews","12":"tag-darba-laiks","13":"tag-featured-news","14":"tag-featurednews","15":"tag-headlines","16":"tag-latest-news","17":"tag-latestnews","18":"tag-latvia","19":"tag-latvian","20":"tag-latviesu","21":"tag-latviesu-valoda","22":"tag-latviesuvaloda","23":"tag-latvija","24":"tag-lv","25":"tag-ministru-kabinets","26":"tag-news","27":"tag-parcelta-darba-diena","28":"tag-popularakas-zinas","29":"tag-popularakaszinas","30":"tag-top-stories","31":"tag-topstories","32":"tag-zinas"},"share_on_mastodon":{"url":"https:\/\/pubeurope.com\/@lv\/115920765179604019","error":""},"_links":{"self":[{"href":"https:\/\/www.europesays.com\/lv\/wp-json\/wp\/v2\/posts\/108301","targetHints":{"allow":["GET"]}}],"collection":[{"href":"https:\/\/www.europesays.com\/lv\/wp-json\/wp\/v2\/posts"}],"about":[{"href":"https:\/\/www.europesays.com\/lv\/wp-json\/wp\/v2\/types\/post"}],"author":[{"embeddable":true,"href":"https:\/\/www.europesays.com\/lv\/wp-json\/wp\/v2\/users\/2"}],"replies":[{"embeddable":true,"href":"https:\/\/www.europesays.com\/lv\/wp-json\/wp\/v2\/comments?post=108301"}],"version-history":[{"count":0,"href":"https:\/\/www.europesays.com\/lv\/wp-json\/wp\/v2\/posts\/108301\/revisions"}],"wp:featuredmedia":[{"embeddable":true,"href":"https:\/\/www.europesays.com\/lv\/wp-json\/wp\/v2\/media\/108302"}],"wp:attachment":[{"href":"https:\/\/www.europesays.com\/lv\/wp-json\/wp\/v2\/media?parent=108301"}],"wp:term":[{"taxonomy":"category","embeddable":true,"href":"https:\/\/www.europesays.com\/lv\/wp-json\/wp\/v2\/categories?post=108301"},{"taxonomy":"post_tag","embeddable":true,"href":"https:\/\/www.europesays.com\/lv\/wp-json\/wp\/v2\/tags?post=108301"}],"curies":[{"name":"wp","href":"https:\/\/api.w.org\/{rel}","templated":true}]}}