{"id":108311,"date":"2026-01-19T08:26:10","date_gmt":"2026-01-19T08:26:10","guid":{"rendered":"https:\/\/www.europesays.com\/lv\/108311\/"},"modified":"2026-01-19T08:26:10","modified_gmt":"2026-01-19T08:26:10","slug":"izdots-jauns-zintja-zvarta-albums-ar-raimonda-paula-melodijam-saksofonam-lente-lv","status":"publish","type":"post","link":"https:\/\/www.europesays.com\/lv\/108311\/","title":{"rendered":"Izdots jauns Zintja \u017dvarta albums ar Raimonda Paula melodij\u0101m saksofonam\u00a0\u2014\u00a0Lente.lv"},"content":{"rendered":"<p>Jauns albums &#8220;Nenotiku\u0161ais koncerts&#8221; papildina latvie\u0161u instrument\u0101l\u0101s m\u016bzikas kr\u0101jumus<\/p>\n<p>K\u0101 inform\u0113 port\u0101ls NRA, ir izdots jauns m\u016bzikas albums ar nosaukumu &#8220;Nenotiku\u0161ais koncerts&#8221;, kur\u0101 paz\u012bstamais saksofonists Zintis \u017dvarts atska\u0146o divpadsmit agr\u0101k nepublic\u0113tas komponista Raimonda Paula melodijas. \u0160is albums tiek uzskat\u012bts par v\u0113rt\u012bgu papildin\u0101jumu latvie\u0161u instrument\u0101l\u0101s m\u016bzikas kl\u0101stam, pied\u0101v\u0101jot klaus\u012bt\u0101jiem unik\u0101lu skan\u0113jumu. Darbu pie albuma produc\u0113jis un aran\u017e\u0113jis Art\u016brs Palkevi\u010ds, bet t\u0101 izdev\u0113js ir SIA &#8220;Izdevniec\u012bba MicRec&#8221;.<\/p>\n<p>Melodiju izcelsme un albuma nosaukums<\/p>\n<p>Album\u0101 iek\u013cautie ska\u0146darbi s\u0101kotn\u0113ji tika rad\u012bti koncertuzvedumam &#8220;Lips Tulians&#8221;, kas l\u012bdz \u0161im izskan\u0113jis tikai vienu reizi. \u0160is fakts ar\u012b iedvesmoja Maestro Raimondu Paulu dot albumam nosaukumu &#8220;Nenotiku\u0161ais koncerts&#8221;, jo citas \u0161\u012b uzveduma izr\u0101des t\u0101 ar\u012b nenotika. L\u012bdz ar to da\u017eu ska\u0146darbu nosaukumi, piem\u0113ram, &#8220;M\u012blas melodija&#8221;, &#8220;Hedviga&#8221;, &#8220;C\u012b\u0146as gar\u0161a&#8221;, &#8220;Piedo\u0161ana&#8221;, &#8220;Sapnis par k\u0101z\u0101m&#8221;, &#8220;Sievietes m\u016b\u017es&#8221;, &#8220;Siksp\u0101rnis&#8221;, &#8220;Venus templis&#8221; un &#8220;Nabagu pateic\u012bba&#8221;, pla\u0161\u0101kam klaus\u012bt\u0101ju lokam var\u0113tu neb\u016bt zin\u0101mi.<\/p>\n<p>M\u016bzi\u0137u sadarb\u012bba un iepriek\u0161\u0113jie projekti<\/p>\n<p>\u0160is nav pirmais Zintja \u017dvarta un Raimonda Paula kopdarbs. Iepriek\u0161, sadarbojoties ar &#8220;Izdevniec\u012bbu MicRec&#8221;, tika izdots albums &#8220;Rudens. Saksofons&#8221;, kas ir da\u013ca no instrument\u0101l\u0101s m\u016bzikas s\u0113rijas &#8220;Gadalaiki&#8221;. \u0160aj\u0101 s\u0113rij\u0101 jau iepriek\u0161 izn\u0101ku\u0161i albumi &#8220;Gadalaiki. Ziema. Klavieres&#8221; (pianists Normunds Kalni\u0146\u0161), &#8220;Gadalaiki. Pavasaris. \u0122it\u0101ra&#8221; (\u0123it\u0101ristu Rihards L\u012bbietis) un &#8220;Gadalaiki. Vasara. St\u012bgas&#8221; (st\u012bgu ansamblis Normunda Kalni\u0146a vad\u012bb\u0101). <\/p>\n<p>Par m\u0101ksliniekiem un izdev\u0113ju<\/p>\n<p>Zintis \u017dvarts ir atz\u012bts un pieredz\u0113jis saksofonists, kura karjera ir bag\u0101ta ar da\u017e\u0101diem muzik\u0101liem projektiem. Art\u016brs Palkevi\u010ds, kur\u0161 piedal\u012bjies albuma tap\u0161an\u0101 k\u0101 aran\u017e\u0113t\u0101js un producents, ir daudzpus\u012bgs m\u016bzi\u0137is un producents, kur\u0161 kop\u0161 2001. gada akt\u012bvi darbojies Latvijas m\u016bzikas industrij\u0101, sadarbojoties ar vair\u0101kiem taut\u0101 m\u012bl\u0113tiem m\u0101ksliniekiem un grup\u0101m. &#8220;Izdevniec\u012bba MicRec&#8221;, dibin\u0101ta 1998. gad\u0101, ir viena no vado\u0161aj\u0101m m\u016bzikas izdevniec\u012bb\u0101m Latvij\u0101, kuras \u012bpa\u0161nieks un vad\u012bt\u0101js ir Guntars Ra\u010ds. Izdevniec\u012bba akt\u012bvi nodarbojas ar Latvijas autoru darbu populariz\u0113\u0161anu gan Latvij\u0101, gan \u0101rvalst\u012bs, tostarp ar\u012b Raimonda Paula dai\u013crades populariz\u0113\u0161anu.<\/p>\n<p>Raimonda Paula dai\u013crade un jaunie projekti<\/p>\n<p>Raimonds Pauls, kur\u0161 nesen atz\u012bm\u0113jis savu 90. jubileju, joproj\u0101m ir akt\u012bvs m\u016bzikas dz\u012bv\u0113. Vi\u0146a dai\u013crade ir pla\u0161a un daudzveid\u012bga, aptverot da\u017e\u0101dus \u017eanrus un formas. Papildus jaunajam albumam tiek veidoti ar\u012b citi projekti, piem\u0113ram, kordiri\u0123enta J\u0101\u0146a \u0160varcbaha p\u0101rska\u0146ot\u0101s Raimonda Paula dziesmas, kas tiek public\u0113tas katru m\u0113nesi k\u0101 da\u013ca no kalend\u0101ra.<\/p>\n","protected":false},"excerpt":{"rendered":"Jauns albums &#8220;Nenotiku\u0161ais koncerts&#8221; papildina latvie\u0161u instrument\u0101l\u0101s m\u016bzikas kr\u0101jumus K\u0101 inform\u0113 port\u0101ls NRA, ir izdots jauns m\u016bzikas albums&hellip;\n","protected":false},"author":2,"featured_media":108312,"comment_status":"","ping_status":"","sticky":false,"template":"","format":"standard","meta":{"footnotes":""},"categories":[19],"tags":[89,90,309,35,39,38,25764,36,37,34,40,25763,2672,25762],"class_list":{"0":"post-108311","1":"post","2":"type-post","3":"status-publish","4":"format-standard","5":"has-post-thumbnail","7":"category-izklaide","8":"tag-entertainment","9":"tag-izklaide","10":"tag-jauns-albums","11":"tag-latvia","12":"tag-latvian","13":"tag-latviesu","14":"tag-latviesu-instrumentala-muzika","15":"tag-latviesu-valoda","16":"tag-latviesuvaloda","17":"tag-latvija","18":"tag-lv","19":"tag-nenotikusais-koncerts","20":"tag-raimonds-pauls","21":"tag-zintis-zvarts"},"share_on_mastodon":{"url":"https:\/\/pubeurope.com\/@lv\/115920816230717062","error":""},"_links":{"self":[{"href":"https:\/\/www.europesays.com\/lv\/wp-json\/wp\/v2\/posts\/108311","targetHints":{"allow":["GET"]}}],"collection":[{"href":"https:\/\/www.europesays.com\/lv\/wp-json\/wp\/v2\/posts"}],"about":[{"href":"https:\/\/www.europesays.com\/lv\/wp-json\/wp\/v2\/types\/post"}],"author":[{"embeddable":true,"href":"https:\/\/www.europesays.com\/lv\/wp-json\/wp\/v2\/users\/2"}],"replies":[{"embeddable":true,"href":"https:\/\/www.europesays.com\/lv\/wp-json\/wp\/v2\/comments?post=108311"}],"version-history":[{"count":0,"href":"https:\/\/www.europesays.com\/lv\/wp-json\/wp\/v2\/posts\/108311\/revisions"}],"wp:featuredmedia":[{"embeddable":true,"href":"https:\/\/www.europesays.com\/lv\/wp-json\/wp\/v2\/media\/108312"}],"wp:attachment":[{"href":"https:\/\/www.europesays.com\/lv\/wp-json\/wp\/v2\/media?parent=108311"}],"wp:term":[{"taxonomy":"category","embeddable":true,"href":"https:\/\/www.europesays.com\/lv\/wp-json\/wp\/v2\/categories?post=108311"},{"taxonomy":"post_tag","embeddable":true,"href":"https:\/\/www.europesays.com\/lv\/wp-json\/wp\/v2\/tags?post=108311"}],"curies":[{"name":"wp","href":"https:\/\/api.w.org\/{rel}","templated":true}]}}