{"id":108344,"date":"2026-01-19T09:01:19","date_gmt":"2026-01-19T09:01:19","guid":{"rendered":"https:\/\/www.europesays.com\/lv\/108344\/"},"modified":"2026-01-19T09:01:19","modified_gmt":"2026-01-19T09:01:19","slug":"preilos-busins-izraisijis-satiksmes-negadijumu-automasina-nonakusi-gravi-lente-lv","status":"publish","type":"post","link":"https:\/\/www.europesays.com\/lv\/108344\/","title":{"rendered":"Prei\u013cos busi\u0146\u0161 izrais\u012bjis satiksmes negad\u012bjumu, automa\u0161\u012bna non\u0101kusi gr\u0101v\u012b\u00a0\u2014\u00a0Lente.lv"},"content":{"rendered":"<p>Smaga sadursme Prei\u013cos<\/p>\n<p>Aizvad\u012btaj\u0101 piektdien\u0101, 17. janv\u0101r\u012b, Prei\u013cu novad\u0101 notikusi satiksmes negad\u012bjums, kur\u0101 iesaist\u012bts mikroautobuss un viegl\u0101 automa\u0161\u012bna &#8220;\u0160koda Octavia&#8221;. K\u0101 inform\u0113 port\u0101ls jauns.lv, negad\u012bjums fiks\u0113ts video, kas public\u0113ts soci\u0101lajos t\u012bklos un zi\u0146u port\u0101los.<\/p>\n<p>Negad\u012bjum\u0101 automa\u0161\u012bna &#8220;\u0160koda Octavia&#8221; non\u0101kusi gr\u0101v\u012b. Detaliz\u0113t\u0101ka inform\u0101cija par negad\u012bjuma apst\u0101k\u013ciem, cietu\u0161ajiem un t\u0101 prec\u012bzo norises laiku v\u0113l tiek preciz\u0113ta.<\/p>\n<p>Videoieraksts dokument\u0113 notiku\u0161o<\/p>\n<p>Soci\u0101lajos t\u012bklos un zi\u0146u platform\u0101s izplat\u012bjies video, kur\u0101 redzams, k\u0101 mikroautobuss veic manevru, kas izraisa sadursmi ar pretimbrauco\u0161o &#8220;\u0160koda Octavia&#8221;. Sadursmes rezult\u0101t\u0101 viegl\u0101 automa\u0161\u012bna iebraukusi gr\u0101v\u012b. Video redzamais liecina par p\u0113k\u0161\u0146u un negaid\u012btu notikumu att\u012bst\u012bbu.<\/p>\n<p>Izmekl\u0113\u0161ana turpin\u0101s<\/p>\n<p>Valsts policija patlaban skaidro negad\u012bjuma apst\u0101k\u013cus. Prec\u012bza inform\u0101cija par to, vai negad\u012bjum\u0101 ir cietu\u0161ie un k\u0101da ir vi\u0146u vesel\u012bbas st\u0101voklis, v\u0113l nav publiskota. P\u0113c s\u0101kotn\u0113j\u0101s inform\u0101cijas, ko izplat\u012bjis &#8220;Sadursme.lv&#8221;, noticis sadursme starp busi\u0146u un &#8220;\u0160koda Octavia&#8221;. Tiek gaid\u012bts ofici\u0101ls policijas pazi\u0146ojums par negad\u012bjuma c\u0113lo\u0146iem un sek\u0101m.<\/p>\n","protected":false},"excerpt":{"rendered":"Smaga sadursme Prei\u013cos Aizvad\u012btaj\u0101 piektdien\u0101, 17. janv\u0101r\u012b, Prei\u013cu novad\u0101 notikusi satiksmes negad\u012bjums, kur\u0101 iesaist\u012bts mikroautobuss un viegl\u0101 automa\u0161\u012bna&hellip;\n","protected":false},"author":2,"featured_media":108345,"comment_status":"","ping_status":"","sticky":false,"template":"","format":"standard","meta":{"footnotes":""},"categories":[5],"tags":[23,2849,28,29,25765,32,33,22,30,31,35,39,38,36,37,34,40,20,26,27,545,15401,25766,24,25,21],"class_list":{"0":"post-108344","1":"post","2":"type-post","3":"status-publish","4":"format-standard","5":"has-post-thumbnail","7":"category-aktualitates","8":"tag-aktualitates","9":"tag-avarija","10":"tag-breaking-news","11":"tag-breakingnews","12":"tag-busins","13":"tag-featured-news","14":"tag-featurednews","15":"tag-headlines","16":"tag-latest-news","17":"tag-latestnews","18":"tag-latvia","19":"tag-latvian","20":"tag-latviesu","21":"tag-latviesu-valoda","22":"tag-latviesuvaloda","23":"tag-latvija","24":"tag-lv","25":"tag-news","26":"tag-popularakas-zinas","27":"tag-popularakaszinas","28":"tag-preili","29":"tag-satiksmes-negadijums","30":"tag-skoda-octavia","31":"tag-top-stories","32":"tag-topstories","33":"tag-zinas"},"share_on_mastodon":{"url":"https:\/\/pubeurope.com\/@lv\/115920953950291372","error":""},"_links":{"self":[{"href":"https:\/\/www.europesays.com\/lv\/wp-json\/wp\/v2\/posts\/108344","targetHints":{"allow":["GET"]}}],"collection":[{"href":"https:\/\/www.europesays.com\/lv\/wp-json\/wp\/v2\/posts"}],"about":[{"href":"https:\/\/www.europesays.com\/lv\/wp-json\/wp\/v2\/types\/post"}],"author":[{"embeddable":true,"href":"https:\/\/www.europesays.com\/lv\/wp-json\/wp\/v2\/users\/2"}],"replies":[{"embeddable":true,"href":"https:\/\/www.europesays.com\/lv\/wp-json\/wp\/v2\/comments?post=108344"}],"version-history":[{"count":0,"href":"https:\/\/www.europesays.com\/lv\/wp-json\/wp\/v2\/posts\/108344\/revisions"}],"wp:featuredmedia":[{"embeddable":true,"href":"https:\/\/www.europesays.com\/lv\/wp-json\/wp\/v2\/media\/108345"}],"wp:attachment":[{"href":"https:\/\/www.europesays.com\/lv\/wp-json\/wp\/v2\/media?parent=108344"}],"wp:term":[{"taxonomy":"category","embeddable":true,"href":"https:\/\/www.europesays.com\/lv\/wp-json\/wp\/v2\/categories?post=108344"},{"taxonomy":"post_tag","embeddable":true,"href":"https:\/\/www.europesays.com\/lv\/wp-json\/wp\/v2\/tags?post=108344"}],"curies":[{"name":"wp","href":"https:\/\/api.w.org\/{rel}","templated":true}]}}