{"id":108376,"date":"2026-01-19T09:35:09","date_gmt":"2026-01-19T09:35:09","guid":{"rendered":"https:\/\/www.europesays.com\/lv\/108376\/"},"modified":"2026-01-19T09:35:09","modified_gmt":"2026-01-19T09:35:09","slug":"krievija-uz-ukrainu-raidijusi-145-dronus","status":"publish","type":"post","link":"https:\/\/www.europesays.com\/lv\/108376\/","title":{"rendered":"Krievija uz Ukrainu raid\u012bjusi 145 dronus"},"content":{"rendered":"<p>126 droni notriekti vai neitraliz\u0113ti ar radioelektroniskiem l\u012bdzek\u013ciem.<\/p>\n<p>Re\u0123istr\u0113ti 13 trieciendronu tr\u0101p\u012bjumi 13 viet\u0101s.<\/p>\n<p>Sumu apgabal\u0101 nodar\u012bti post\u012bjumi civilajai infrastrukt\u016brai un dz\u012bvojamai \u0113kai, zi\u0146u par cietu\u0161ajiem nav.<\/p>\n<p>Krievijas karasp\u0113ka dz\u012bv\u0101 sp\u0113ka zaud\u0113jumi Ukrain\u0101 l\u012bdz pirmdienas r\u012btam sasniegu\u0161i 1 227 440 karav\u012brus, zi\u0146o Ukrainas armijas \u0123ener\u0101l\u0161t\u0101bs.<\/p>\n<p>Saska\u0146\u0101 ar \u0123ener\u0101l\u0161t\u0101ba datiem diennakts laik\u0101 izn\u012bcin\u0101ti 1020 iebruc\u0113ji.<\/p>\n<p>Kop\u0161 atk\u0101rtot\u0101 iebrukuma s\u0101kuma 2022. gada 24. febru\u0101r\u012b <a href=\"https:\/\/www.tvnet.lv\/term\/555452\/krievija\" class=\"topicLink\" target=\"_blank\" rel=\"nofollow noopener\">Krievija<\/a> zaud\u0113jusi 11 573 tankus, 23 922 bru\u0146utransportierus, 36 333 lielgabalus un m\u012bnmet\u0113jus, 1617 daudzl\u0101di\u0146u reakt\u012bv\u0101s iek\u0101rtas, 1278 zen\u012btartil\u0113rijas iek\u0101rtas, 434 lidma\u0161\u012bnas, 347 helikopterus, 110 215 bezpilota lidapar\u0101tus, 4163 sp\u0101rnot\u0101s ra\u0137etes, 28 ku\u0123us un \u0101trlaivas, divas zem\u016bdenes, 74 876 automobi\u013cus un autocisternas, k\u0101 ar\u012b 4045 specializ\u0113t\u0101s tehnikas vien\u012bbas.<\/p>\n<p>Krievijas zaud\u0113jumu apm\u0113rs tiek preciz\u0113ts, jo inform\u0101cijas ieguvi trauc\u0113 karadarb\u012bba.<\/p>\n","protected":false},"excerpt":{"rendered":"126 droni notriekti vai neitraliz\u0113ti ar radioelektroniskiem l\u012bdzek\u013ciem. Re\u0123istr\u0113ti 13 trieciendronu tr\u0101p\u012bjumi 13 viet\u0101s. Sumu apgabal\u0101 nodar\u012bti post\u012bjumi&hellip;\n","protected":false},"author":2,"featured_media":108377,"comment_status":"","ping_status":"","sticky":false,"template":"","format":"standard","meta":{"footnotes":""},"categories":[14],"tags":[23,57,3700,28,29,32,33,22,234,74,30,31,35,39,38,36,37,34,40,20,26,27,24,25,276,54,55,56,21,58],"class_list":{"0":"post-108376","1":"post","2":"type-post","3":"status-publish","4":"format-standard","5":"has-post-thumbnail","7":"category-zinas-no-arvalstim","8":"tag-aktualitates","9":"tag-arvalstim","10":"tag-autoritarisma-ena-par-eiropu","11":"tag-breaking-news","12":"tag-breakingnews","13":"tag-featured-news","14":"tag-featurednews","15":"tag-headlines","16":"tag-krievija","17":"tag-krievijas-iebrukums-ukraina","18":"tag-latest-news","19":"tag-latestnews","20":"tag-latvia","21":"tag-latvian","22":"tag-latviesu","23":"tag-latviesu-valoda","24":"tag-latviesuvaloda","25":"tag-latvija","26":"tag-lv","27":"tag-news","28":"tag-popularakas-zinas","29":"tag-popularakaszinas","30":"tag-top-stories","31":"tag-topstories","32":"tag-ukraina","33":"tag-world","34":"tag-world-news","35":"tag-worldnews","36":"tag-zinas","37":"tag-zinas-no-arvalstim"},"share_on_mastodon":{"url":"https:\/\/pubeurope.com\/@lv\/115921087604702244","error":""},"_links":{"self":[{"href":"https:\/\/www.europesays.com\/lv\/wp-json\/wp\/v2\/posts\/108376","targetHints":{"allow":["GET"]}}],"collection":[{"href":"https:\/\/www.europesays.com\/lv\/wp-json\/wp\/v2\/posts"}],"about":[{"href":"https:\/\/www.europesays.com\/lv\/wp-json\/wp\/v2\/types\/post"}],"author":[{"embeddable":true,"href":"https:\/\/www.europesays.com\/lv\/wp-json\/wp\/v2\/users\/2"}],"replies":[{"embeddable":true,"href":"https:\/\/www.europesays.com\/lv\/wp-json\/wp\/v2\/comments?post=108376"}],"version-history":[{"count":0,"href":"https:\/\/www.europesays.com\/lv\/wp-json\/wp\/v2\/posts\/108376\/revisions"}],"wp:featuredmedia":[{"embeddable":true,"href":"https:\/\/www.europesays.com\/lv\/wp-json\/wp\/v2\/media\/108377"}],"wp:attachment":[{"href":"https:\/\/www.europesays.com\/lv\/wp-json\/wp\/v2\/media?parent=108376"}],"wp:term":[{"taxonomy":"category","embeddable":true,"href":"https:\/\/www.europesays.com\/lv\/wp-json\/wp\/v2\/categories?post=108376"},{"taxonomy":"post_tag","embeddable":true,"href":"https:\/\/www.europesays.com\/lv\/wp-json\/wp\/v2\/tags?post=108376"}],"curies":[{"name":"wp","href":"https:\/\/api.w.org\/{rel}","templated":true}]}}