{"id":108388,"date":"2026-01-19T09:42:08","date_gmt":"2026-01-19T09:42:08","guid":{"rendered":"https:\/\/www.europesays.com\/lv\/108388\/"},"modified":"2026-01-19T09:42:08","modified_gmt":"2026-01-19T09:42:08","slug":"ventspili-plano-uzlabot-velo-infrastrukturu","status":"publish","type":"post","link":"https:\/\/www.europesays.com\/lv\/108388\/","title":{"rendered":"Ventspil\u012b pl\u0101no uzlabot velo infrastrukt\u016bru"},"content":{"rendered":"<p>Domes atbalst\u012btais projekts paredz \u012bstenot apvienot\u0101 g\u0101j\u0113ju un veloceli\u0146a izb\u016bvi 600 metru garum\u0101 Vasarn\u012bcu iel\u0101 posm\u0101 no Parka ielas l\u012bdz Ostas ielai, veloceli\u0146a izb\u016bvi 1 kilometra (km) garum\u0101 Kuld\u012bgas iel\u0101 posm\u0101 no Liel\u0101 prospekta l\u012bdz B\u0113rzu ielai, Ventspil\u012b.<\/p>\n<p>T\u0101pat pl\u0101nots uzb\u016bv\u0113t velosip\u0113du novietnes (nojumes) ar velosip\u0113du remonta staciju pie <a href=\"https:\/\/www.tvnet.lv\/term\/3053\/ventspils\" class=\"topicLink\" target=\"_blank\" rel=\"nofollow noopener\">Ventspils<\/a> autoostas.<\/p>\n<p>Projekta \u012bsteno\u0161anai pl\u0101nots piesaist\u012bt Eiropas Re\u0123ion\u0101l\u0101s att\u012bst\u012bbas fonda (ERAF) finans\u0113jumu, iesniedzot projekta pieteikumu Eiropas Savien\u012bbas koh\u0113zijas politikas programmai.<\/p>\n<p>Projekta kop\u0113j\u0101s izmaksas ir 817 272 eiro. Projekta kop\u0113j\u0101s pl\u0101not\u0101s attiecin\u0101m\u0101s izmaksas ir 805 667 eiro. Pl\u0101notais ERAF finans\u0113jums ir 664 247 jeb 79,99% no attiecin\u0101maj\u0101m izmaks\u0101m. Ventspils pa\u0161vald\u012bbas finans\u0113jums ir 161 214 eiro, no k\u0101 20,01% ir l\u012bdzfinans\u0113jums no attiecin\u0101maj\u0101m izmaks\u0101m un projekta kop\u0113j\u0101s neattiecin\u0101m\u0101s izmaksas ir 11 605 eiro.<\/p>\n<p>Projekta pieteikumu pl\u0101nots iesniegt l\u012bdz 9. febru\u0101rim un t\u0101 \u012bsteno\u0161ana pl\u0101nota l\u012bdz 2027. gada augustam.<\/p>\n","protected":false},"excerpt":{"rendered":"Domes atbalst\u012btais projekts paredz \u012bstenot apvienot\u0101 g\u0101j\u0113ju un veloceli\u0146a izb\u016bvi 600 metru garum\u0101 Vasarn\u012bcu iel\u0101 posm\u0101 no Parka&hellip;\n","protected":false},"author":2,"featured_media":108389,"comment_status":"","ping_status":"","sticky":false,"template":"","format":"standard","meta":{"footnotes":""},"categories":[12],"tags":[23,28,29,32,33,22,30,31,35,39,38,36,37,34,40,20,26,27,24,25,4882,25770,2988,21],"class_list":{"0":"post-108388","1":"post","2":"type-post","3":"status-publish","4":"format-standard","5":"has-post-thumbnail","7":"category-latvija","8":"tag-aktualitates","9":"tag-breaking-news","10":"tag-breakingnews","11":"tag-featured-news","12":"tag-featurednews","13":"tag-headlines","14":"tag-latest-news","15":"tag-latestnews","16":"tag-latvia","17":"tag-latvian","18":"tag-latviesu","19":"tag-latviesu-valoda","20":"tag-latviesuvaloda","21":"tag-latvija","22":"tag-lv","23":"tag-news","24":"tag-popularakas-zinas","25":"tag-popularakaszinas","26":"tag-top-stories","27":"tag-topstories","28":"tag-transports-un-logistika","29":"tag-velosipedi","30":"tag-ventspils","31":"tag-zinas"},"share_on_mastodon":{"url":"https:\/\/pubeurope.com\/@lv\/115921115236867331","error":""},"_links":{"self":[{"href":"https:\/\/www.europesays.com\/lv\/wp-json\/wp\/v2\/posts\/108388","targetHints":{"allow":["GET"]}}],"collection":[{"href":"https:\/\/www.europesays.com\/lv\/wp-json\/wp\/v2\/posts"}],"about":[{"href":"https:\/\/www.europesays.com\/lv\/wp-json\/wp\/v2\/types\/post"}],"author":[{"embeddable":true,"href":"https:\/\/www.europesays.com\/lv\/wp-json\/wp\/v2\/users\/2"}],"replies":[{"embeddable":true,"href":"https:\/\/www.europesays.com\/lv\/wp-json\/wp\/v2\/comments?post=108388"}],"version-history":[{"count":0,"href":"https:\/\/www.europesays.com\/lv\/wp-json\/wp\/v2\/posts\/108388\/revisions"}],"wp:featuredmedia":[{"embeddable":true,"href":"https:\/\/www.europesays.com\/lv\/wp-json\/wp\/v2\/media\/108389"}],"wp:attachment":[{"href":"https:\/\/www.europesays.com\/lv\/wp-json\/wp\/v2\/media?parent=108388"}],"wp:term":[{"taxonomy":"category","embeddable":true,"href":"https:\/\/www.europesays.com\/lv\/wp-json\/wp\/v2\/categories?post=108388"},{"taxonomy":"post_tag","embeddable":true,"href":"https:\/\/www.europesays.com\/lv\/wp-json\/wp\/v2\/tags?post=108388"}],"curies":[{"name":"wp","href":"https:\/\/api.w.org\/{rel}","templated":true}]}}