{"id":108408,"date":"2026-01-19T09:55:08","date_gmt":"2026-01-19T09:55:08","guid":{"rendered":"https:\/\/www.europesays.com\/lv\/108408\/"},"modified":"2026-01-19T09:55:08","modified_gmt":"2026-01-19T09:55:08","slug":"energetikas-nozare-noversti-vairaki-ar-krieviju-saistiti-kiberuzbrukumi","status":"publish","type":"post","link":"https:\/\/www.europesays.com\/lv\/108408\/","title":{"rendered":"Ener\u0123\u0113tikas nozar\u0113 nov\u0113rsti vair\u0101ki ar Krieviju saist\u012bti kiberuzbrukumi"},"content":{"rendered":"<p>Kop\u0161 draudu med\u012bbu s\u0101k\u0161anas b\u016btiski uzlabota <a href=\"https:\/\/www.tvnet.lv\/term\/555884\/kiberdrosiba\" class=\"topicLink\" target=\"_blank\" rel=\"nofollow noopener\">kiberdro\u0161\u012bba<\/a> vair\u0101k nek\u0101 40 publisk\u0101 sektora un kritisk\u0101s infrastrukt\u016bras objektos. Gandr\u012bz piektda\u013c\u0101 analiz\u0113to iek\u0101rtu tika identific\u0113ta un nov\u0113rsta citu valstu atbalst\u012btu uzbruc\u0113ju kl\u0101tb\u016btne. Tas par\u0101da, ka Latvijas organiz\u0101cijas, tostarp kritisk\u0101s infrastrukt\u016bras tur\u0113t\u0101ji, ir Krievijas m\u0113r\u0137is un ka ieviestie &#8220;Cert.lv&#8221; pakalpojumi kombin\u0101cij\u0101 ar viet\u0113jo un starptautisko partner\u012bbu padara Latviju par arvien neparoc\u012bg\u0101ku m\u0113r\u0137i, jo uzbruc\u0113ju darb\u012bbas tiek atkl\u0101tas un nov\u0113rstas \u0101tr\u0101k un tiek pan\u0101kts atturo\u0161s efekts.<\/p>\n<p>&#8220;Cert.lv&#8221; ir Latvijas Universit\u0101tes Matem\u0101tikas un inform\u0101tikas instit\u016bta strukt\u016brvien\u012bba, kuras uzdevumi ir uztur\u0113t vienotu elektronisk\u0101s inform\u0101cijas telp\u0101 notieko\u0161o darb\u012bbu atainojumu, sniegt atbalstu inform\u0101cijas tehnolo\u0123iju dro\u0161\u012bbas incidentu nov\u0113r\u0161an\u0101 vai koordin\u0113t to nov\u0113r\u0161anu Latvijas IP adre\u0161u apgabalos un &#8220;.lv&#8221; dom\u0113na v\u0101rdu zon\u0101.<\/p>\n<p>Jau zi\u0146ots, ka Polija tur aizdom\u0101s Krieviju par decembr\u012b notiku\u0161ajiem koordin\u0113tajiem kiberuzbrukumiem, kuru m\u0113r\u0137is bija izrais\u012bt elektroener\u0123ijas pieg\u0101des p\u0101rtraukumus.<\/p>\n<p>Tas bija liel\u0101kais uzbrukums Polijas ener\u0123\u0113tikas infrastrukt\u016brai p\u0113d\u0113jo gadu laik\u0101, ta\u010du savu m\u0113r\u0137i tas nesasniedza.<\/p>\n<p>Amatpersonas atkl\u0101ja, ka decembra beig\u0101s Polij\u0101 notika m\u0113\u0123in\u0101jumi veikt kiberuzbrukumus vair\u0101kiem ener\u0123\u0113tikas objektiem, lai p\u0101rtrauktu komunik\u0101ciju starp elektrostacij\u0101m un t\u012bkla operatoriem.<\/p>\n<p>Polijas ener\u0123\u0113tikas ministrs Milo\u0161s Motika nor\u0101d\u012bja, ka Polija l\u012bdz \u0161im nebija piedz\u012bvojusi \u0161\u0101du uzbrukumu ener\u0123\u0113tikas infrastrukt\u016brai. Uzbrukumi tika veikti vienlaikus pret da\u017e\u0101diem objektiem, atkl\u0101ja ministrs, piebilstot, ka uzbrukums tika veiksm\u012bgi nov\u0113rsts.<\/p>\n","protected":false},"excerpt":{"rendered":"Kop\u0161 draudu med\u012bbu s\u0101k\u0161anas b\u016btiski uzlabota kiberdro\u0161\u012bba vair\u0101k nek\u0101 40 publisk\u0101 sektora un kritisk\u0101s infrastrukt\u016bras objektos. Gandr\u012bz piektda\u013c\u0101&hellip;\n","protected":false},"author":2,"featured_media":108409,"comment_status":"","ping_status":"","sticky":false,"template":"","format":"standard","meta":{"footnotes":""},"categories":[5],"tags":[23,28,29,4111,32,33,22,1064,30,31,35,39,38,36,37,34,40,20,26,27,24,25,21],"class_list":{"0":"post-108408","1":"post","2":"type-post","3":"status-publish","4":"format-standard","5":"has-post-thumbnail","7":"category-aktualitates","8":"tag-aktualitates","9":"tag-breaking-news","10":"tag-breakingnews","11":"tag-cert","12":"tag-featured-news","13":"tag-featurednews","14":"tag-headlines","15":"tag-kiberdrosiba","16":"tag-latest-news","17":"tag-latestnews","18":"tag-latvia","19":"tag-latvian","20":"tag-latviesu","21":"tag-latviesu-valoda","22":"tag-latviesuvaloda","23":"tag-latvija","24":"tag-lv","25":"tag-news","26":"tag-popularakas-zinas","27":"tag-popularakaszinas","28":"tag-top-stories","29":"tag-topstories","30":"tag-zinas"},"share_on_mastodon":{"url":"https:\/\/pubeurope.com\/@lv\/115921166190724746","error":""},"_links":{"self":[{"href":"https:\/\/www.europesays.com\/lv\/wp-json\/wp\/v2\/posts\/108408","targetHints":{"allow":["GET"]}}],"collection":[{"href":"https:\/\/www.europesays.com\/lv\/wp-json\/wp\/v2\/posts"}],"about":[{"href":"https:\/\/www.europesays.com\/lv\/wp-json\/wp\/v2\/types\/post"}],"author":[{"embeddable":true,"href":"https:\/\/www.europesays.com\/lv\/wp-json\/wp\/v2\/users\/2"}],"replies":[{"embeddable":true,"href":"https:\/\/www.europesays.com\/lv\/wp-json\/wp\/v2\/comments?post=108408"}],"version-history":[{"count":0,"href":"https:\/\/www.europesays.com\/lv\/wp-json\/wp\/v2\/posts\/108408\/revisions"}],"wp:featuredmedia":[{"embeddable":true,"href":"https:\/\/www.europesays.com\/lv\/wp-json\/wp\/v2\/media\/108409"}],"wp:attachment":[{"href":"https:\/\/www.europesays.com\/lv\/wp-json\/wp\/v2\/media?parent=108408"}],"wp:term":[{"taxonomy":"category","embeddable":true,"href":"https:\/\/www.europesays.com\/lv\/wp-json\/wp\/v2\/categories?post=108408"},{"taxonomy":"post_tag","embeddable":true,"href":"https:\/\/www.europesays.com\/lv\/wp-json\/wp\/v2\/tags?post=108408"}],"curies":[{"name":"wp","href":"https:\/\/api.w.org\/{rel}","templated":true}]}}