{"id":108420,"date":"2026-01-19T10:18:08","date_gmt":"2026-01-19T10:18:08","guid":{"rendered":"https:\/\/www.europesays.com\/lv\/108420\/"},"modified":"2026-01-19T10:18:08","modified_gmt":"2026-01-19T10:18:08","slug":"jelgava-ugunsgreka-cietuso-maju-aiznaglos","status":"publish","type":"post","link":"https:\/\/www.europesays.com\/lv\/108420\/","title":{"rendered":"Jelgav\u0101 ugunsgr\u0113k\u0101 cietu\u0161o m\u0101ju aiznaglos"},"content":{"rendered":"<p>Vi\u0146\u0161 atg\u0101din\u0101ja, ka viena ugunsnelaim\u0113 cietus\u012b m\u0101jsaimniec\u012bba ir sa\u0146\u0113musi pagaidu m\u0101jokli, k\u0101 ar\u012b visiem \u010detriem \u0123imenes locek\u013ciem izmaks\u0101ts kr\u012bzes pabalsts. Pa\u0161vald\u012bbai zin\u0101ms, ka kr\u012bzes pabalstu gatavojas l\u016bgt v\u0113l divi cilv\u0113ki, kas dz\u012bvoju\u0161i \u0161aj\u0101 m\u0101j\u0101.<\/p>\n<p>Pl\u0101nots, ka pirmdien JN\u012aP nodro\u0161in\u0101s, lai \u0161aj\u0101 \u0113k\u0101 nevar iek\u013c\u016bt nepiedero\u0161as personas. L\u012bdz ar to pie \u0113kas vairs neb\u016bs nepiecie\u0161ams nodro\u0161in\u0101t pa\u0161vald\u012bbas policijas apsardzi.<\/p>\n<p>Da\u0123is atkl\u0101ja, ka da\u013ca iedz\u012bvot\u0101ju ir pa\u0146\u0113musi person\u012bg\u0101s mantas no degu\u0161\u0101s m\u0101jas, bet citi, kas to v\u0113l\u0113sies, mantas var\u0113s pa\u0146emt ar JN\u012aP atbalstu.<\/p>\n<p>Pa\u0161vald\u012bba gaida ar\u012b tehnisk\u0101s apseko\u0161anas atzinumu, lai var\u0113tu lemt par turpm\u0101ko \u0113kas likteni.<\/p>\n<p>Jau zi\u0146ots, ka p\u0113c ugunsgr\u0113ka Jelgav\u0101, Ausek\u013ca iel\u0101 38, nav izmantojama septi\u0146u dz\u012bvok\u013cu m\u0101ja.<\/p>\n<p>Saska\u0146\u0101 ar Valsts ugunsdz\u0113s\u012bbas un gl\u0101b\u0161anas dienesta (<a href=\"https:\/\/www.tvnet.lv\/term\/555464\/vugd\" class=\"topicLink\" target=\"_blank\" rel=\"nofollow noopener\">VUGD<\/a>) zi\u0146oto, dienests 15. janv\u0101r\u012b sa\u0146\u0113ma izsaukumu uz Ausek\u013ca ielu Jelgav\u0101, kur divst\u0101vu dz\u012bvojam\u0101s m\u0101jas otr\u0101 st\u0101va dz\u012bvokl\u012b dega sadz\u012bves mantas un starpst\u0101vu p\u0101rsegums 60 kvadr\u0101tmetru plat\u012bb\u0101.<\/p>\n","protected":false},"excerpt":{"rendered":"Vi\u0146\u0161 atg\u0101din\u0101ja, ka viena ugunsnelaim\u0113 cietus\u012b m\u0101jsaimniec\u012bba ir sa\u0146\u0113musi pagaidu m\u0101jokli, k\u0101 ar\u012b visiem \u010detriem \u0123imenes locek\u013ciem izmaks\u0101ts&hellip;\n","protected":false},"author":2,"featured_media":108421,"comment_status":"","ping_status":"","sticky":false,"template":"","format":"standard","meta":{"footnotes":""},"categories":[12],"tags":[23,28,29,32,33,22,30,31,35,39,38,36,37,34,40,20,26,27,24,25,4909,4908,21],"class_list":{"0":"post-108420","1":"post","2":"type-post","3":"status-publish","4":"format-standard","5":"has-post-thumbnail","7":"category-latvija","8":"tag-aktualitates","9":"tag-breaking-news","10":"tag-breakingnews","11":"tag-featured-news","12":"tag-featurednews","13":"tag-headlines","14":"tag-latest-news","15":"tag-latestnews","16":"tag-latvia","17":"tag-latvian","18":"tag-latviesu","19":"tag-latviesu-valoda","20":"tag-latviesuvaloda","21":"tag-latvija","22":"tag-lv","23":"tag-news","24":"tag-popularakas-zinas","25":"tag-popularakaszinas","26":"tag-top-stories","27":"tag-topstories","28":"tag-valsts-ugunsdzesibas-un-glabsanas-dienests-vugd","29":"tag-vugd","30":"tag-zinas"},"share_on_mastodon":{"url":"https:\/\/pubeurope.com\/@lv\/115921256726616083","error":""},"_links":{"self":[{"href":"https:\/\/www.europesays.com\/lv\/wp-json\/wp\/v2\/posts\/108420","targetHints":{"allow":["GET"]}}],"collection":[{"href":"https:\/\/www.europesays.com\/lv\/wp-json\/wp\/v2\/posts"}],"about":[{"href":"https:\/\/www.europesays.com\/lv\/wp-json\/wp\/v2\/types\/post"}],"author":[{"embeddable":true,"href":"https:\/\/www.europesays.com\/lv\/wp-json\/wp\/v2\/users\/2"}],"replies":[{"embeddable":true,"href":"https:\/\/www.europesays.com\/lv\/wp-json\/wp\/v2\/comments?post=108420"}],"version-history":[{"count":0,"href":"https:\/\/www.europesays.com\/lv\/wp-json\/wp\/v2\/posts\/108420\/revisions"}],"wp:featuredmedia":[{"embeddable":true,"href":"https:\/\/www.europesays.com\/lv\/wp-json\/wp\/v2\/media\/108421"}],"wp:attachment":[{"href":"https:\/\/www.europesays.com\/lv\/wp-json\/wp\/v2\/media?parent=108420"}],"wp:term":[{"taxonomy":"category","embeddable":true,"href":"https:\/\/www.europesays.com\/lv\/wp-json\/wp\/v2\/categories?post=108420"},{"taxonomy":"post_tag","embeddable":true,"href":"https:\/\/www.europesays.com\/lv\/wp-json\/wp\/v2\/tags?post=108420"}],"curies":[{"name":"wp","href":"https:\/\/api.w.org\/{rel}","templated":true}]}}