{"id":10843,"date":"2025-10-02T18:34:13","date_gmt":"2025-10-02T18:34:13","guid":{"rendered":"https:\/\/www.europesays.com\/lv\/10843\/"},"modified":"2025-10-02T18:34:13","modified_gmt":"2025-10-02T18:34:13","slug":"odesa-pec-dronu-trieciena-palikusi-bez-elektribas-2","status":"publish","type":"post","link":"https:\/\/www.europesays.com\/lv\/10843\/","title":{"rendered":"Odesa p\u0113c dronu trieciena palikusi bez elektr\u012bbas"},"content":{"rendered":"<p>P\u0113c nakt\u012b uz ceturtdienu notiku\u0161\u0101 Krievijas dronu trieciena vair\u0101ki Odesas rajoni paliku\u0161i bez elektr\u012bbas un \u016bdens, izc\u0113lies liels ugunsgr\u0113ks, v\u0113sta viet\u0113jie &#8220;Telegram&#8221; kan\u0101li.<\/p>\n<p>&#8220;P\u0113c trieciena ener\u0123\u0113tikas nozarei tagad debes\u012bs ir milz\u012bga atbl\u0101zma. Da\u017eiem iedz\u012bvot\u0101jiem nav nedz elektr\u012bbas, nedz \u016bdens,&#8221; v\u0113sta kan\u0101ls &#8220;Odesa INFO&#8221;.<\/p>\n<p>Kan\u0101la ierakstam pievienots ar\u012b video.<\/p>\n<p>Ap plkst. 3 Odesai un tuv\u0101kajam re\u0123ionam noticis uzbrukums ar 20 droniem &#8220;Shahed&#8221;, un da\u017ei tr\u0101p\u012bju\u0161i ener\u0123\u0113tikas objektam, v\u0113sta viet\u0113jie &#8220;Telegram&#8221; kan\u0101li.<\/p>\n<p><\/p>\n<p><img decoding=\"async\" src=\"https:\/\/www.europesays.com\/lv\/wp-content\/uploads\/2025\/10\/955d6fb677b8a1b1393f3c1627883e93.png\" title=\"Foto: Ekr\u0101nuz\u0146\u0113mums no video\" alt=\"Foto: Ekr\u0101nuz\u0146\u0113mums no video\"\/><\/p>\n<p class=\"article-img-desc\">Foto: Ekr\u0101nuz\u0146\u0113mums no video<\/p>\n","protected":false},"excerpt":{"rendered":"P\u0113c nakt\u012b uz ceturtdienu notiku\u0161\u0101 Krievijas dronu trieciena vair\u0101ki Odesas rajoni paliku\u0161i bez elektr\u012bbas un \u016bdens, izc\u0113lies liels&hellip;\n","protected":false},"author":2,"featured_media":10484,"comment_status":"","ping_status":"","sticky":false,"template":"","format":"standard","meta":{"footnotes":""},"categories":[5],"tags":[129,3260,23,28,29,32,33,22,30,31,35,39,38,36,37,34,40,20,26,27,3261,3262,24,25,21],"class_list":{"0":"post-10843","1":"post","2":"type-post","3":"status-publish","4":"format-standard","5":"has-post-thumbnail","7":"category-aktualitates","8":"tag-__typenameadvicekeyword","9":"tag-id553","10":"tag-aktualitates","11":"tag-breaking-news","12":"tag-breakingnews","13":"tag-featured-news","14":"tag-featurednews","15":"tag-headlines","16":"tag-latest-news","17":"tag-latestnews","18":"tag-latvia","19":"tag-latvian","20":"tag-latviesu","21":"tag-latviesu-valoda","22":"tag-latviesuvaloda","23":"tag-latvija","24":"tag-lv","25":"tag-news","26":"tag-popularakas-zinas","27":"tag-popularakaszinas","28":"tag-slugukraina","29":"tag-titleukraina","30":"tag-top-stories","31":"tag-topstories","32":"tag-zinas"},"share_on_mastodon":{"url":"","error":""},"_links":{"self":[{"href":"https:\/\/www.europesays.com\/lv\/wp-json\/wp\/v2\/posts\/10843","targetHints":{"allow":["GET"]}}],"collection":[{"href":"https:\/\/www.europesays.com\/lv\/wp-json\/wp\/v2\/posts"}],"about":[{"href":"https:\/\/www.europesays.com\/lv\/wp-json\/wp\/v2\/types\/post"}],"author":[{"embeddable":true,"href":"https:\/\/www.europesays.com\/lv\/wp-json\/wp\/v2\/users\/2"}],"replies":[{"embeddable":true,"href":"https:\/\/www.europesays.com\/lv\/wp-json\/wp\/v2\/comments?post=10843"}],"version-history":[{"count":0,"href":"https:\/\/www.europesays.com\/lv\/wp-json\/wp\/v2\/posts\/10843\/revisions"}],"wp:featuredmedia":[{"embeddable":true,"href":"https:\/\/www.europesays.com\/lv\/wp-json\/wp\/v2\/media\/10484"}],"wp:attachment":[{"href":"https:\/\/www.europesays.com\/lv\/wp-json\/wp\/v2\/media?parent=10843"}],"wp:term":[{"taxonomy":"category","embeddable":true,"href":"https:\/\/www.europesays.com\/lv\/wp-json\/wp\/v2\/categories?post=10843"},{"taxonomy":"post_tag","embeddable":true,"href":"https:\/\/www.europesays.com\/lv\/wp-json\/wp\/v2\/tags?post=10843"}],"curies":[{"name":"wp","href":"https:\/\/api.w.org\/{rel}","templated":true}]}}