{"id":108441,"date":"2026-01-19T10:41:07","date_gmt":"2026-01-19T10:41:07","guid":{"rendered":"https:\/\/www.europesays.com\/lv\/108441\/"},"modified":"2026-01-19T10:41:07","modified_gmt":"2026-01-19T10:41:07","slug":"pasvaldibam-veja-elektrostaciju-buvniecibas-ierobezosana-japamato-ar-datiem-norada-ministrija","status":"publish","type":"post","link":"https:\/\/www.europesays.com\/lv\/108441\/","title":{"rendered":"Pa\u0161vald\u012bb\u0101m v\u0113ja elektrostaciju b\u016bvniec\u012bbas ierobe\u017eo\u0161ana j\u0101pamato ar datiem, nor\u0101da ministrija"},"content":{"rendered":"<p>Ministrij\u0101 nor\u0101da, ka pa\u0161vald\u012bbas teritorijas pl\u0101nojums ir tas tiesiskais instruments, ar kuru var ierobe\u017eot ties\u012bbas uz \u012bpa\u0161umu, tom\u0113r j\u0101\u0146em v\u0113r\u0101, ka jebkur\u0161 \u0161\u0101ds ierobe\u017eojums, ne tikai attiec\u012bb\u0101 uz v\u0113ja elektrostaciju b\u016bvniec\u012bbu, ir j\u0101pamato, balstoties uz datiem un faktiem.<\/p>\n<p>Tostarp j\u0101balst\u0101s uz datiem, kas izriet ne tikai no pa\u0161vald\u012bbas ilgtermi\u0146a att\u012bst\u012bbas strat\u0113\u0123ij\u0101 noteikt\u0101, bet ar\u012b no p\u0113t\u012bjumiem, kas veikti un attiecin\u0101mi uz konkr\u0113to teritoriju.<\/p>\n<p>\u012astenojot pa\u0161vald\u012bbu darb\u012bbas tiesiskuma uzraudz\u012bbu, <a href=\"https:\/\/www.tvnet.lv\/term\/688041\/ministrija\" class=\"topicLink\" target=\"_blank\" rel=\"nofollow noopener\">ministrija<\/a> vair\u0101kk\u0101rt uzsv\u0113rusi \u0161o b\u016btisko faktoru, lai noteiktos ierobe\u017eojumus, tai skait\u0101 teritorijas, kur\u0101s ir aizliegta v\u0113ja elektrostaciju izvieto\u0161ana, var\u0113tu atz\u012bt par le\u0123it\u012bmiem.<\/p>\n<p>VARAM vienlaikus nor\u0101da, ka vair\u0101k nek\u0101 desmit gadu laik\u0101, kop\u0161 sp\u0113k\u0101 ir Visp\u0101r\u012bgie teritorijas pl\u0101no\u0161anas, izmanto\u0161anas un apb\u016bves noteikumi, ir att\u012bst\u012bju\u0161\u0101s tehnolo\u0123ijas un main\u012bju\u0161ies ar\u012b v\u0113ja elektrostaciju tehniskie parametri.<\/p>\n<p>VARAM ieskat\u0101, b\u016btisk\u0101kais instruments, kas \u013cauj skaidri noteikt konkr\u0113t\u0101s ieceres \u012bsteno\u0161anas apjomu, ir ietekmes uz vidi nov\u0113rt\u0113jums, kur\u0101 tiek v\u0113rt\u0113ta v\u0113ja elektrostaciju iesp\u0113jam\u0101 ietekme uz cilv\u0113ka vesel\u012bbu, biolo\u0123isko daudzveid\u012bbu, augsni, ainavu, kult\u016bras un dabas mantojumu.<\/p>\n","protected":false},"excerpt":{"rendered":"Ministrij\u0101 nor\u0101da, ka pa\u0161vald\u012bbas teritorijas pl\u0101nojums ir tas tiesiskais instruments, ar kuru var ierobe\u017eot ties\u012bbas uz \u012bpa\u0161umu, tom\u0113r&hellip;\n","protected":false},"author":2,"featured_media":108442,"comment_status":"","ping_status":"","sticky":false,"template":"","format":"standard","meta":{"footnotes":""},"categories":[12],"tags":[23,28,29,32,33,22,30,31,35,39,38,36,37,34,40,20735,20,26,27,24,25,18966,21],"class_list":{"0":"post-108441","1":"post","2":"type-post","3":"status-publish","4":"format-standard","5":"has-post-thumbnail","7":"category-latvija","8":"tag-aktualitates","9":"tag-breaking-news","10":"tag-breakingnews","11":"tag-featured-news","12":"tag-featurednews","13":"tag-headlines","14":"tag-latest-news","15":"tag-latestnews","16":"tag-latvia","17":"tag-latvian","18":"tag-latviesu","19":"tag-latviesu-valoda","20":"tag-latviesuvaloda","21":"tag-latvija","22":"tag-lv","23":"tag-ministrija","24":"tag-news","25":"tag-popularakas-zinas","26":"tag-popularakaszinas","27":"tag-top-stories","28":"tag-topstories","29":"tag-vides-aizsardzibas-un-regionalas-attistibas-ministrija","30":"tag-zinas"},"share_on_mastodon":{"url":"https:\/\/pubeurope.com\/@lv\/115921347203651974","error":""},"_links":{"self":[{"href":"https:\/\/www.europesays.com\/lv\/wp-json\/wp\/v2\/posts\/108441","targetHints":{"allow":["GET"]}}],"collection":[{"href":"https:\/\/www.europesays.com\/lv\/wp-json\/wp\/v2\/posts"}],"about":[{"href":"https:\/\/www.europesays.com\/lv\/wp-json\/wp\/v2\/types\/post"}],"author":[{"embeddable":true,"href":"https:\/\/www.europesays.com\/lv\/wp-json\/wp\/v2\/users\/2"}],"replies":[{"embeddable":true,"href":"https:\/\/www.europesays.com\/lv\/wp-json\/wp\/v2\/comments?post=108441"}],"version-history":[{"count":0,"href":"https:\/\/www.europesays.com\/lv\/wp-json\/wp\/v2\/posts\/108441\/revisions"}],"wp:featuredmedia":[{"embeddable":true,"href":"https:\/\/www.europesays.com\/lv\/wp-json\/wp\/v2\/media\/108442"}],"wp:attachment":[{"href":"https:\/\/www.europesays.com\/lv\/wp-json\/wp\/v2\/media?parent=108441"}],"wp:term":[{"taxonomy":"category","embeddable":true,"href":"https:\/\/www.europesays.com\/lv\/wp-json\/wp\/v2\/categories?post=108441"},{"taxonomy":"post_tag","embeddable":true,"href":"https:\/\/www.europesays.com\/lv\/wp-json\/wp\/v2\/tags?post=108441"}],"curies":[{"name":"wp","href":"https:\/\/api.w.org\/{rel}","templated":true}]}}