{"id":108452,"date":"2026-01-19T10:49:06","date_gmt":"2026-01-19T10:49:06","guid":{"rendered":"https:\/\/www.europesays.com\/lv\/108452\/"},"modified":"2026-01-19T10:49:06","modified_gmt":"2026-01-19T10:49:06","slug":"jana-rozentala-160-jubilejas-godinasanai-veltits-pasakumu-cikls-risinasies-riga-lente-lv","status":"publish","type":"post","link":"https:\/\/www.europesays.com\/lv\/108452\/","title":{"rendered":"Ja\u0146a Rozent\u0101la 160. jubilejas godin\u0101\u0161anai velt\u012bts pas\u0101kumu cikls risin\u0101sies R\u012bg\u0101\u00a0\u2014\u00a0Lente.lv"},"content":{"rendered":"<p>Aicin\u0101jums uz kult\u016bras notikumu<\/p>\n<p>Svinot izcil\u0101 latvie\u0161u gleznot\u0101ja Ja\u0146a Rozent\u0101la 160. jubileju, Ja\u0146a Rozent\u0101la un R\u016bdolfa Blauma\u0146a muzejs R\u012bg\u0101, Alberta iel\u0101 12, aicina apmekl\u0113t piecu pas\u0101kumu ciklu ar nosaukumu \u201cJa\u0146a Rozent\u0101la desmitgades\u201d. \u0160is pas\u0101kumu kopums sniegs dzi\u013c\u0101ku ieskatu m\u0101kslinieka biogr\u0101fij\u0101 un rado\u0161aj\u0101 darb\u012bb\u0101, apl\u016bkojot piecas noz\u012bm\u012bgas desmitgades vi\u0146a dz\u012bv\u0113.<\/p>\n<p>Pirmais pas\u0101kums: \u201cJa\u0146a Rozent\u0101la desmitgades\u201d s\u0101kums<\/p>\n<p>Cikla atkl\u0101\u0161anas pas\u0101kums notiks ceturtdien, 29. janv\u0101r\u012b, plkst. 18.00. Tas b\u016bs velt\u012bts Ja\u0146a Rozent\u0101la pirmajiem dz\u012bves gadiem, iepaz\u012bstinot kl\u0101teso\u0161os ar vi\u0146a dzimtas sakn\u0113m, \u0123imeni, b\u0113rn\u012bbas m\u0101j\u0101m \u201cBebri\u201d Saldus novad\u0101 un pirmajiem rado\u0161\u0101s darb\u012bbas impulsie. Lai gan par \u0161o periodu zin\u0101ms maz\u0101k, tas ir \u013coti b\u016btisks, jo ir ietekm\u0113jis visu m\u0101kslinieka turpm\u0101ko dz\u012bvi un karjeru.<\/p>\n<p>Turpin\u0101jums un bi\u013ce\u0161u inform\u0101cija<\/p>\n<p>P\u0113c pirm\u0101 pas\u0101kuma, kas velt\u012bts Ja\u0146a Rozent\u0101la pirmajai dz\u012bves desmitgadei, turpm\u0101kie cikla notikumi paredz\u0113ti 26. febru\u0101r\u012b, 18. mart\u0101, 23. apr\u012bl\u012b un 21. maij\u0101. Katrs pas\u0101kums sec\u012bgi piev\u0113rs\u012bsies n\u0101kamajiem Ja\u0146a Rozent\u0101la dz\u012bves posmiem. Bi\u013cetes cena uz pas\u0101kumiem ir 7,00 eiro, savuk\u0101rt skol\u0113niem, studentiem un senioriem pieejama atlaide \u2013 4,00 eiro. \u0160is pas\u0101kumu cikls ir da\u013ca no pla\u0161\u0101ka Ja\u0146a Rozent\u0101la jubilejas gada atz\u012bm\u0113\u0161anas, kas iek\u013cauts ar\u012b UNESCO svinamo dienu kalend\u0101r\u0101.<\/p>\n<p>Par Janu Rozent\u0101lu<\/p>\n<p>Janis Rozent\u0101ls (1866\u20131916) bija ne tikai talant\u012bgs gleznot\u0101js un grafi\u0137is, bet ar\u012b m\u0101kslas kriti\u0137is, kur\u0161 akt\u012bvi interes\u0113j\u0101s par te\u0101tri, m\u016bziku un literat\u016bru. Neskatoties uz sal\u012bdzino\u0161i \u012bso m\u016b\u017eu, vi\u0146\u0161 sasniedza augstas m\u0101kslas virsotnes un tiek uzskat\u012bts par vienu no izcil\u0101kajiem latvie\u0161u m\u0101ksliniekiem. Vi\u0146a dz\u012bvoklis R\u012bg\u0101, Alberta iel\u0101 12, kur\u0101 atrad\u0101s ar\u012b vi\u0146a darbn\u012bca, \u0161obr\u012bd ir muzejs, kas saglab\u0101 m\u0101kslinieka un vi\u0146a laikabiedru rado\u0161o un kult\u016bras mantojumu.<\/p>\n","protected":false},"excerpt":{"rendered":"Aicin\u0101jums uz kult\u016bras notikumu Svinot izcil\u0101 latvie\u0161u gleznot\u0101ja Ja\u0146a Rozent\u0101la 160. jubileju, Ja\u0146a Rozent\u0101la un R\u016bdolfa Blauma\u0146a muzejs&hellip;\n","protected":false},"author":2,"featured_media":108453,"comment_status":"","ping_status":"","sticky":false,"template":"","format":"standard","meta":{"footnotes":""},"categories":[19],"tags":[89,90,25780,2916,35,39,38,36,37,34,40,2286,9318,2680],"class_list":{"0":"post-108452","1":"post","2":"type-post","3":"status-publish","4":"format-standard","5":"has-post-thumbnail","7":"category-izklaide","8":"tag-entertainment","9":"tag-izklaide","10":"tag-janis-rozentals","11":"tag-jubileja","12":"tag-latvia","13":"tag-latvian","14":"tag-latviesu","15":"tag-latviesu-valoda","16":"tag-latviesuvaloda","17":"tag-latvija","18":"tag-lv","19":"tag-maksla","20":"tag-muzejs","21":"tag-pasakumi"},"share_on_mastodon":{"url":"https:\/\/pubeurope.com\/@lv\/115921378568207492","error":""},"_links":{"self":[{"href":"https:\/\/www.europesays.com\/lv\/wp-json\/wp\/v2\/posts\/108452","targetHints":{"allow":["GET"]}}],"collection":[{"href":"https:\/\/www.europesays.com\/lv\/wp-json\/wp\/v2\/posts"}],"about":[{"href":"https:\/\/www.europesays.com\/lv\/wp-json\/wp\/v2\/types\/post"}],"author":[{"embeddable":true,"href":"https:\/\/www.europesays.com\/lv\/wp-json\/wp\/v2\/users\/2"}],"replies":[{"embeddable":true,"href":"https:\/\/www.europesays.com\/lv\/wp-json\/wp\/v2\/comments?post=108452"}],"version-history":[{"count":0,"href":"https:\/\/www.europesays.com\/lv\/wp-json\/wp\/v2\/posts\/108452\/revisions"}],"wp:featuredmedia":[{"embeddable":true,"href":"https:\/\/www.europesays.com\/lv\/wp-json\/wp\/v2\/media\/108453"}],"wp:attachment":[{"href":"https:\/\/www.europesays.com\/lv\/wp-json\/wp\/v2\/media?parent=108452"}],"wp:term":[{"taxonomy":"category","embeddable":true,"href":"https:\/\/www.europesays.com\/lv\/wp-json\/wp\/v2\/categories?post=108452"},{"taxonomy":"post_tag","embeddable":true,"href":"https:\/\/www.europesays.com\/lv\/wp-json\/wp\/v2\/tags?post=108452"}],"curies":[{"name":"wp","href":"https:\/\/api.w.org\/{rel}","templated":true}]}}