{"id":108459,"date":"2026-01-19T10:55:12","date_gmt":"2026-01-19T10:55:12","guid":{"rendered":"https:\/\/www.europesays.com\/lv\/108459\/"},"modified":"2026-01-19T10:55:12","modified_gmt":"2026-01-19T10:55:12","slug":"izstades-koncerti-un-teatra-izrades-lente-lv-2","status":"publish","type":"post","link":"https:\/\/www.europesays.com\/lv\/108459\/","title":{"rendered":"izst\u0101des, koncerti un te\u0101tra izr\u0101des\u00a0\u2014\u00a0Lente.lv"},"content":{"rendered":"<p>Pasauli bag\u0101tina kult\u016bras pied\u0101v\u0101jums ned\u0113\u013cai<\/p>\n<p>Lai gan ziema turpina savu vald\u012b\u0161anu un aukstums liek sasild\u012bties, Latvijas kult\u016bras dz\u012bve pied\u0101v\u0101 daudzveid\u012bgus notikumus, kas vilina doties \u0101rpus m\u0101j\u0101m no 19. l\u012bdz 25. janv\u0101rim. K\u0101 inform\u0113 port\u0101ls jauns.lv, \u0161aj\u0101 ned\u0113\u013c\u0101 ikviens interesents var\u0113s atrast sev piem\u0113rot\u0101ko kult\u016bras baud\u012bjumu \u2013 s\u0101kot no aizraujo\u0161\u0101m izst\u0101d\u0113m un izgl\u012btojo\u0161iem pas\u0101kumiem l\u012bdz pat kr\u0101\u0161\u0146iem koncertiem un aizkustino\u0161\u0101m te\u0101tra izr\u0101d\u0113m.<\/p>\n<p>Izst\u0101\u017eu daudzveid\u012bba da\u017e\u0101d\u0101m gaum\u0113m<\/p>\n<p>\u0160oned\u0113\u013c Latvij\u0101 apskat\u0101mas vair\u0101kas interesantas izst\u0101des. No 15. janv\u0101ra l\u012bdz 5. febru\u0101rim muzej\u0101 \u201cLatvie\u0161i pasaul\u0113\u201d Berga baz\u0101r\u0101 R\u012bg\u0101, Dzirnavu iel\u0101 84, skat\u0101ma izst\u0101de \u201cTviterkonvojs\u201d, kas iepriek\u0161 bijusi ekspon\u0113ta Eiropas Parlament\u0101 Brisel\u0113. T\u0101 st\u0101sta par Ukrainas atbalsta kust\u012bbas ra\u0161anos un att\u012bst\u012bbu, izsekojot t\u0101s p\u0101rtap\u0161anai par pla\u0161u starptautisku fenomenu. Izst\u0101des atkl\u0101\u0161an\u0101 piedal\u012bsies Eiropas Parlamenta deput\u0101ts Reinis Poz\u0146aks. <\/p>\n<p>Savuk\u0101rt Latvijas Nacion\u0101laj\u0101 m\u0101kslas muzej\u0101 l\u012bdz 25. janv\u0101rim skat\u0101ma izst\u0101de \u201cOj\u0101rs \u0100bols. Cilv\u0113ka absurdie projekti uz Zemes\u201d. T\u0101pat l\u012bdz 7. febru\u0101rim Dekorat\u012bv\u0101s m\u0101kslas un dizaina muzej\u0101 ir apskat\u0101ma Ilgneses Avoti\u0146as izst\u0101de \u201cRetro\u201d. Stikla m\u0101kslas izst\u0101de \u201cCer\u012bbas sald\u0101 upe\u201d Mencendorfa nam\u0101, R\u012bdzinieku iel\u0101 84, skat\u0101ma l\u012bdz 21. janv\u0101rim. Maz\u0101s \u0123ildes logos Amatu iel\u0101 3 ir apl\u016bkojama b\u0113rnu m\u0101kslas studijas izst\u0101de \u201cDraudz\u012bgi savienojumi\u201d l\u012bdz 22. janv\u0101rim, kur\u0101 jaunie m\u0101kslinieki izv\u0113rt\u0113 draudz\u012bbas t\u0113mu.<\/p>\n<p>Koncerti un muzik\u0101lie baud\u012bjumi<\/p>\n<p>Muzik\u0101li bag\u0101ta b\u016bs \u0161\u012b ned\u0113\u013ca, pied\u0101v\u0101jot da\u017e\u0101dus koncertus. 19. janv\u0101r\u012b plkst. 19:00 Latvijas M\u0101kslas akad\u0113mijas aul\u0101 notiks koncerts, kur\u0101 skan\u0113s darbi no cikla \u201cM\u016bzika tev\u201d. Taj\u0101 pa\u0161\u0101 dien\u0101 plkst. 19:00 R\u012bgas Kongresu nam\u0101 gaid\u0101ms \u201cLatvie\u0161u simfonisk\u0101s m\u016bzikas Lielkoncerts 2026\u201d. K\u0101 inform\u0113 port\u0101ls jaunis.lv, 23. janv\u0101r\u012b plkst. 19:00 Latvijas M\u0101kslas akad\u0113mijas aul\u0101 notiks \u201cVasks. Bahs. Veismanes pasaules pirmatska\u0146ojums\u201d. <\/p>\n<p>19. janv\u0101r\u012b plkst. 19:00 LU Lielaj\u0101 aul\u0101 var\u0113s baud\u012bt \u201cSinfonietta R\u012bga\u201d sniegumu ar Haidna Simfoniju un \u0160\u016bma\u0146a Konzertst\u00fcck \u010detriem me\u017eragiem. T\u0101pat 23. janv\u0101r\u012b plkst. 19:00 R\u012bgas Kongresu nam\u0101 notiks \u201cLatvie\u0161u simfonisk\u0101s m\u016bzikas Lielkoncerts 2026\u201d. Ned\u0113\u013cas nogal\u0113, 25. janv\u0101r\u012b plkst. 19:00, R\u012bgas pa\u0161vald\u012bbas kult\u016bras iest\u0101\u017eu apvien\u012bbas koncertorganiz\u0101cija \u201cAVE SOL\u201d aicina uz IV kok\u013cu m\u016bzikas festiv\u0101lu \u201cKok\u013cu ska\u0146as ziemas mirdzum\u0101\u201d, kas notiks \u201cMazaj\u0101 \u0123ild\u0113\u201d. Festiv\u0101l\u0101 skan\u0113s latvie\u0161u tautasdziesmu apdares un latvie\u0161u komponistu ori\u0123in\u0101lm\u016bzika.<\/p>\n<p>Te\u0101tra un dramatur\u0123ijas skarbums un jaukums<\/p>\n<p>Te\u0101tra cien\u012bt\u0101jus priec\u0113s pla\u0161s izr\u0101\u017eu kl\u0101sts. Jau v\u0113st\u012bts, ka 3. un 4. janv\u0101r\u012b Dailes te\u0101tra Lielaj\u0101 z\u0101l\u0113 notika \u201cShen Yun\u201d uzvedums. Savuk\u0101rt 29. janv\u0101r\u012b Dailes te\u0101tra Jaunaj\u0101 z\u0101l\u0113 pirmizr\u0101di piedz\u012bvos izr\u0101de \u201cMilzis\u201d \u2013 tra\u0123ikom\u0113dija, kas balst\u012bta uz Roalda D\u0101la dz\u012bves notikumiem un vi\u0146a pretrun\u012bgo dai\u013cradi. Izr\u0101de p\u0113ta rakstnieka person\u012bbas tum\u0161\u0101s puses un sabiedr\u012bbas reakciju uz vi\u0146a izteikumiem. <\/p>\n<p>Nacion\u0101lais te\u0101tris janv\u0101r\u012b pied\u0101v\u0101 daudzveid\u012bgu repertu\u0101ru, tostarp izr\u0101des \u201cIlgu tramvajs\u201d, \u201cBastardi\u201d, \u201cViss par Ievu\u201d un citas. Savuk\u0101rt Latvijas Nacion\u0101l\u0101 opera un balets janv\u0101r\u012b turpina gadumijas koncertu s\u0113riju, k\u0101 ar\u012b pied\u0101v\u0101 Ben\u017eam\u0113na Bernheima solokoncertu. Ogres te\u0101tris 24. janv\u0101r\u012b pied\u0101v\u0101 izr\u0101di \u201cKRED\u012aTS\u201d un \u201cSa\u0161a Gitr\u012b FRAN\u010cU KADRI\u013bA\u201d 18. janv\u0101r\u012b.<\/p>\n<p>Citas kult\u016bras norises<\/p>\n<p>Ned\u0113\u013cas nogal\u0113, 31. janv\u0101r\u012b, \u0136\u012bpsalas izst\u0101\u017eu centr\u0101 notiks Baltij\u0101 liel\u0101k\u0101 k\u0101zu izst\u0101de \u201cRIGA WEDDING EXPO 2026\u201d, kas pied\u0101v\u0101s iepaz\u012bties ar pla\u0161u k\u0101zu pakalpojumu kl\u0101stu, modes \u0161oviem un semin\u0101riem.<\/p>\n","protected":false},"excerpt":{"rendered":"Pasauli bag\u0101tina kult\u016bras pied\u0101v\u0101jums ned\u0113\u013cai Lai gan ziema turpina savu vald\u012b\u0161anu un aukstums liek sasild\u012bties, Latvijas kult\u016bras dz\u012bve&hellip;\n","protected":false},"author":2,"featured_media":108223,"comment_status":"","ping_status":"","sticky":false,"template":"","format":"standard","meta":{"footnotes":""},"categories":[19],"tags":[89,90,2429,2017,6224,35,39,38,36,37,34,40,1176],"class_list":{"0":"post-108459","1":"post","2":"type-post","3":"status-publish","4":"format-standard","5":"has-post-thumbnail","7":"category-izklaide","8":"tag-entertainment","9":"tag-izklaide","10":"tag-izstades","11":"tag-koncerti","12":"tag-kulturas-pasakumi","13":"tag-latvia","14":"tag-latvian","15":"tag-latviesu","16":"tag-latviesu-valoda","17":"tag-latviesuvaloda","18":"tag-latvija","19":"tag-lv","20":"tag-teatris"},"share_on_mastodon":{"url":"https:\/\/pubeurope.com\/@lv\/115921402129677026","error":""},"_links":{"self":[{"href":"https:\/\/www.europesays.com\/lv\/wp-json\/wp\/v2\/posts\/108459","targetHints":{"allow":["GET"]}}],"collection":[{"href":"https:\/\/www.europesays.com\/lv\/wp-json\/wp\/v2\/posts"}],"about":[{"href":"https:\/\/www.europesays.com\/lv\/wp-json\/wp\/v2\/types\/post"}],"author":[{"embeddable":true,"href":"https:\/\/www.europesays.com\/lv\/wp-json\/wp\/v2\/users\/2"}],"replies":[{"embeddable":true,"href":"https:\/\/www.europesays.com\/lv\/wp-json\/wp\/v2\/comments?post=108459"}],"version-history":[{"count":0,"href":"https:\/\/www.europesays.com\/lv\/wp-json\/wp\/v2\/posts\/108459\/revisions"}],"wp:featuredmedia":[{"embeddable":true,"href":"https:\/\/www.europesays.com\/lv\/wp-json\/wp\/v2\/media\/108223"}],"wp:attachment":[{"href":"https:\/\/www.europesays.com\/lv\/wp-json\/wp\/v2\/media?parent=108459"}],"wp:term":[{"taxonomy":"category","embeddable":true,"href":"https:\/\/www.europesays.com\/lv\/wp-json\/wp\/v2\/categories?post=108459"},{"taxonomy":"post_tag","embeddable":true,"href":"https:\/\/www.europesays.com\/lv\/wp-json\/wp\/v2\/tags?post=108459"}],"curies":[{"name":"wp","href":"https:\/\/api.w.org\/{rel}","templated":true}]}}