{"id":108492,"date":"2026-01-19T11:43:12","date_gmt":"2026-01-19T11:43:12","guid":{"rendered":"https:\/\/www.europesays.com\/lv\/108492\/"},"modified":"2026-01-19T11:43:12","modified_gmt":"2026-01-19T11:43:12","slug":"patrisha-izdod-dziesmu-un-muzikas-video-zemudene","status":"publish","type":"post","link":"https:\/\/www.europesays.com\/lv\/108492\/","title":{"rendered":"Patrisha izdod dziesmu un m\u016bzikas video &#8220;Zem\u016bdene&#8221;"},"content":{"rendered":"<p>Ska\u0146darbs v\u0113sta par cilv\u0113ka iek\u0161\u0113jo pasauli un atbild\u012bbu par savu dz\u012bvi. L\u012bdz ar jauno ska\u0146darbu tiek prezent\u0113ts ar\u012b videoklips \u0161ai dziesmai. Singls \u201cZem\u016bdene\u201d tapis \u012bpa\u0161os apst\u0101k\u013cos un iemieso dzi\u013ci personisku pieredzi, iek\u0161\u0113ju c\u012b\u0146u un pa\u0161izzi\u0146u.<\/p>\n<p>\u00a0<\/p>\n<p>Dziesma aizs\u0101k\u0101s k\u0101d\u0101 saulain\u0101, bet aukst\u0101 dien\u0101, kad, neskatoties uz p\u0113k\u0161\u0146u saslim\u0161anu, <a href=\"https:\/\/sejas.tvnet.lv\/term\/579931\/patrisha\" class=\"topicLink\" target=\"_blank\" rel=\"nofollow noopener\">Patrisha<\/a> dev\u0101s uz iepriek\u0161 iepl\u0101notu studijas sesiju, lai rad\u012btu jaunu m\u016bziku vai vismaz skici n\u0101kamajam darbam.<\/p>\n<p>Dzied\u0101t\u0101jai bija aptuvena dziesmas v\u012bzija, savuk\u0101rt producentam Kristapam \u0112rglim izdev\u0101s to struktur\u0113t un izveidot s\u0101kotn\u0113jo formu, kas \u013c\u0101va att\u012bst\u012bt melodiju un teksta idejas. V\u0113l\u0101k studijas darbam pievienoj\u0101s ar\u012b R\u016bdolfs Macats, kur\u0161 iesp\u0113l\u0113ja tausti\u0146instrumentus un rad\u012bja izteiksm\u012bgus bekvok\u0101lus dziesmas piedzied\u0101jumam.<\/p>\n<p>\u201cZem\u016bdene\u201d gandr\u012bz tr\u012bs gadus dz\u012bvoja autores telefon\u0101 k\u0101 nepabeigts ieraksts, l\u012bdz beidzot aizvad\u012bt\u0101 gada vasar\u0101 t\u0101 tika piln\u012bb\u0101 pabeigta un ierakst\u012bta gala versij\u0101. Jau dziesmas tap\u0161anas proces\u0101 Patrisha skaidri izt\u0113loj\u0101s ar\u012b t\u0101s vizualiz\u0101ciju, t\u0101p\u0113c \u201cZem\u016bdenei\u201d tapis ar\u012b videoklips, kuru veidoju\u0161i video m\u0101kslinieki <a href=\"https:\/\/sejas.tvnet.lv\/term\/853882\/ritvars-bluka\" class=\"topicLink\" target=\"_blank\" rel=\"nofollow noopener\">Ritvars Bluka<\/a> un <a href=\"https:\/\/sejas.tvnet.lv\/term\/853883\/reinis-ubelis\" class=\"topicLink\" target=\"_blank\" rel=\"nofollow noopener\">Reinis \u016abelis<\/a>.<\/p>\n","protected":false},"excerpt":{"rendered":"Ska\u0146darbs v\u0113sta par cilv\u0113ka iek\u0161\u0113jo pasauli un atbild\u012bbu par savu dz\u012bvi. L\u012bdz ar jauno ska\u0146darbu tiek prezent\u0113ts ar\u012b&hellip;\n","protected":false},"author":2,"featured_media":108493,"comment_status":"","ping_status":"","sticky":false,"template":"","format":"standard","meta":{"footnotes":""},"categories":[19],"tags":[89,90,35,39,38,36,37,34,40,12010,25791,10952],"class_list":{"0":"post-108492","1":"post","2":"type-post","3":"status-publish","4":"format-standard","5":"has-post-thumbnail","7":"category-izklaide","8":"tag-entertainment","9":"tag-izklaide","10":"tag-latvia","11":"tag-latvian","12":"tag-latviesu","13":"tag-latviesu-valoda","14":"tag-latviesuvaloda","15":"tag-latvija","16":"tag-lv","17":"tag-patrisha","18":"tag-reinis-ubelis","19":"tag-ritvars-bluka"},"share_on_mastodon":{"url":"https:\/\/pubeurope.com\/@lv\/115921590914272753","error":""},"_links":{"self":[{"href":"https:\/\/www.europesays.com\/lv\/wp-json\/wp\/v2\/posts\/108492","targetHints":{"allow":["GET"]}}],"collection":[{"href":"https:\/\/www.europesays.com\/lv\/wp-json\/wp\/v2\/posts"}],"about":[{"href":"https:\/\/www.europesays.com\/lv\/wp-json\/wp\/v2\/types\/post"}],"author":[{"embeddable":true,"href":"https:\/\/www.europesays.com\/lv\/wp-json\/wp\/v2\/users\/2"}],"replies":[{"embeddable":true,"href":"https:\/\/www.europesays.com\/lv\/wp-json\/wp\/v2\/comments?post=108492"}],"version-history":[{"count":0,"href":"https:\/\/www.europesays.com\/lv\/wp-json\/wp\/v2\/posts\/108492\/revisions"}],"wp:featuredmedia":[{"embeddable":true,"href":"https:\/\/www.europesays.com\/lv\/wp-json\/wp\/v2\/media\/108493"}],"wp:attachment":[{"href":"https:\/\/www.europesays.com\/lv\/wp-json\/wp\/v2\/media?parent=108492"}],"wp:term":[{"taxonomy":"category","embeddable":true,"href":"https:\/\/www.europesays.com\/lv\/wp-json\/wp\/v2\/categories?post=108492"},{"taxonomy":"post_tag","embeddable":true,"href":"https:\/\/www.europesays.com\/lv\/wp-json\/wp\/v2\/tags?post=108492"}],"curies":[{"name":"wp","href":"https:\/\/api.w.org\/{rel}","templated":true}]}}