{"id":108496,"date":"2026-01-19T11:45:06","date_gmt":"2026-01-19T11:45:06","guid":{"rendered":"https:\/\/www.europesays.com\/lv\/108496\/"},"modified":"2026-01-19T11:45:06","modified_gmt":"2026-01-19T11:45:06","slug":"rigas-laku-un-krasu-rupnica-atklaj-pirmo-ekspoziciju-kina-dienas-bizness","status":"publish","type":"post","link":"https:\/\/www.europesays.com\/lv\/108496\/","title":{"rendered":"R\u012bgas laku un kr\u0101su r\u016bpn\u012bca atkl\u0101j pirmo ekspoz\u012bciju \u0136\u012bn\u0101 :: Dienas Bizness"},"content":{"rendered":"<p class=\"text-font font-size--text-xlarge margin-3--bottom font-weight--bold padding-1--top\">Janv\u0101ra s\u0101kum\u0101 R\u012bgas laku un kr\u0101su r\u016bpn\u012bca (RILAK) atkl\u0101ja savu pirmo ekspoz\u012bciju \u0136\u012bnas tirg\u016b, \u012bstenojot noz\u012bm\u012bgu posmu uz\u0146\u0113muma ilgtermi\u0146a eksporta strat\u0113\u0123ij\u0101 un pak\u0101peniski veidojot kl\u0101tb\u016btni \u0100zijas tirg\u016b.<\/p>\n<p class=\"text-font font-size--text-xlarge margin-3--bottom\">Guand\u017eou pils\u0113t\u0101, Guandunas un Latvijas ekonomikas un tirdzniec\u012bbas foruma (Guangdong \u2013 Latvia Economic and Trade Forum) ietvaros, demonstr\u0101ciju z\u0101les atkl\u0101\u0161an\u0101 piedal\u012bj\u0101s uz\u0146\u0113m\u0113ji un instit\u016bciju p\u0101rst\u0101vji no vair\u0101k\u0101m \u0136\u012bnas provinc\u0113m.<\/p>\n<p class=\"text-font font-size--text-xlarge margin-3--bottom\">\u201cEkspoz\u012bcijas atkl\u0101\u0161ana Guand\u017eou apliecina uz\u0146\u0113muma sp\u0113ju ilgtermi\u0146\u0101 str\u0101d\u0101t starptautisk\u0101 vid\u0113. Izv\u0113l\u0113t\u0101 att\u012bst\u012bbas pieeja, kas balst\u012bta padzi\u013cin\u0101t\u0101 tirgus izp\u0113t\u0113, normat\u012bv\u0101s vides izpratn\u0113 un m\u0113r\u0137tiec\u012bg\u0101 produktu piel\u0101go\u0161an\u0101, \u013c\u0101va uz\u0146\u0113mumam ne vien ien\u0101kt \u0136\u012bnas tirg\u016b, bet to dar\u012bt p\u0101rliecino\u0161i, ar augstu pievienoto v\u0113rt\u012bbu un skaidri defin\u0113tu konkurences priek\u0161roc\u012bbu. \u0160\u012b pieeja ir noz\u012bm\u012bga ne vien r\u016bpn\u012bcas izaugsmei, bet ar\u012b k\u0101 piem\u0113rs tam, k\u0101 Latvijas ra\u017eot\u0101ji var sekm\u012bgi stiprin\u0101t savu poz\u012bciju vien\u0101 no pasaules sare\u017e\u0123\u012bt\u0101kajiem tirgiem,\u201d nor\u0101da Ivars Osis, \u201cR\u012bgas laku un kr\u0101su r\u016bpn\u012bca\u201d valdes loceklis.<\/p>\n<p class=\"text-font font-size--text-xlarge margin-3--bottom\">R\u012bgas laku un kr\u0101su r\u016bpn\u012bcas kl\u0101tb\u016btne \u0136\u012bn\u0101 ir ilgtermi\u0146\u0101 veidota strat\u0113\u0123iska procesa rezult\u0101ts, kur r\u016bp\u012bga un praktiska sagatavot\u012bba darb\u012bbai viet\u0113j\u0101 tirg\u016b veido pamatu vis\u0101m aktivit\u0101t\u0113m. Vair\u0101ku gadu garum\u0101 uz\u0146\u0113mums m\u0113r\u0137tiec\u012bgi stiprin\u0101ja savu gatav\u012bbu, bet laikposm\u0101 no 2024. l\u012bdz 2025. gadam nodro\u0161in\u0101ja produktu test\u0113\u0161anu, test\u0113ja atbilst\u012bbu sertifik\u0101cijas pras\u012bb\u0101m un pilnveidoja lo\u0123istikas risin\u0101jumus, radot dro\u0161u un ilgtsp\u0113j\u012bgu pamatu veiksm\u012bgai att\u012bst\u012bbai \u0136\u012bn\u0101. Se\u0161i RILAK produkti tika p\u0101rbaud\u012bti neatkar\u012bg\u0101s laboratorij\u0101s \u0136\u012bn\u0101, apliecinot to atbilst\u012bbu viet\u0113jiem kvalit\u0101tes un dro\u0161\u012bbas standartiem, savuk\u0101rt \u016bdens b\u0101zes iek\u0161darbu kr\u0101s\u0101m ieg\u016btais CCC sertifik\u0101ts nodro\u0161in\u0101ja produktu pieejam\u012bbu \u0136\u012bnas tirg\u016b.<\/p>\n<p class=\"text-font font-size--text-xlarge margin-3--bottom\">Paral\u0113li tika uzs\u0101kta RILAK pre\u010du z\u012bmes re\u0123istr\u0101cija \u0136\u012bn\u0101, veidojot stabilu pamatu z\u012bmola kl\u0101tb\u016btnei tirg\u016b. Z\u012bmola identit\u0101te ir apzin\u0101ti piel\u0101gota \u0136\u012bnas tirgus kult\u016bras \u012bpatn\u012bb\u0101m un biznesa videi, veidojot lok\u0101li saprotamu un konkur\u0113tsp\u0113j\u012bgu vizu\u0101lo koncepciju.<\/p>\n<p class=\"text-font font-size--text-xlarge margin-3--bottom\">RILAK eksporta att\u012bst\u012bba \u0136\u012bn\u0101 norisin\u0101j\u0101s cie\u0161\u0101 sadarb\u012bb\u0101 ar institucion\u0101lajiem partneriem un nozares organiz\u0101cij\u0101m. Savuk\u0101rt produktu test\u0113\u0161ana, CCC sertifik\u0101cijas process un pre\u010du z\u012bmes re\u0123istr\u0101cija tika \u012bstenota ar Eiropas Savien\u012bbas l\u012bdzfinans\u0113jumu Latvijas Invest\u012bciju un att\u012bst\u012bbas a\u0123ent\u016bras eksporta atbalsta programmas ietvaros.<\/p>\n<p class=\"text-font font-size--text-xlarge margin-3--bottom\">Guand\u017eou demonstr\u0101ciju z\u0101le darbojas sadarb\u012bb\u0101 ar viet\u0113jo p\u0101rst\u0101vi Lijia International Technology, nodro\u0161inot cie\u0161u sadarb\u012bbu ar profesion\u0101lajiem lietot\u0101jiem, k\u0101 ar\u012b past\u0101v\u012bgu komunik\u0101ciju ar klientiem un partneriem. Atkl\u0101\u0161anas pas\u0101kuma laik\u0101 tika parakst\u012btas vair\u0101kas sadarb\u012bbas vieno\u0161an\u0101s, tostarp izplat\u012b\u0161anas l\u012bgums Iek\u0161\u0113j\u0101 Mongolij\u0101 (\u0136\u012bnas autonomaj\u0101 re\u0123ion\u0101), k\u0101 ar\u012b strat\u0113\u0123isk\u0101s partner\u012bbas l\u012bgumi ar Guandunas provinces uz\u0146\u0113m\u0113ju organiz\u0101cij\u0101m.<\/p>\n<p class=\"text-font font-size--text-xlarge margin-3--bottom\">Procesa laik\u0101 RILAK eksporta aktivit\u0101tes \u0136\u012bn\u0101 sa\u0146\u0113mu\u0161as atbalstu no Latvijas Invest\u012bciju un att\u012bst\u012bbas a\u0123ent\u016bras, Latvijas \u0136\u012bmijas un farm\u0101cijas asoci\u0101cijas un Latvijas Tirdzniec\u012bbas un r\u016bpniec\u012bbas kameras, k\u0101 ar\u012b Latvijas Republikas \u0100rlietu ministrijas un v\u0113stniec\u012bbas \u0136\u012bn\u0101, nodro\u0161inot uz\u0146\u0113mumam stabilu un ilgtsp\u0113j\u012bgu pamatu darb\u012bbai jaunaj\u0101 tirg\u016b.<\/p>\n<p>Skat\u012bties p\u0101r\u0113jos att\u0113lus<\/p>\n","protected":false},"excerpt":{"rendered":"Janv\u0101ra s\u0101kum\u0101 R\u012bgas laku un kr\u0101su r\u016bpn\u012bca (RILAK) atkl\u0101ja savu pirmo ekspoz\u012bciju \u0136\u012bnas tirg\u016b, \u012bstenojot noz\u012bm\u012bgu posmu uz\u0146\u0113muma&hellip;\n","protected":false},"author":2,"featured_media":108497,"comment_status":"","ping_status":"","sticky":false,"template":"","format":"standard","meta":{"footnotes":""},"categories":[16],"tags":[869,77,870,76,867,35,39,38,36,37,34,871,868,40,21],"class_list":{"0":"post-108496","1":"post","2":"type-post","3":"status-publish","4":"format-standard","5":"has-post-thumbnail","7":"category-bizness","8":"tag-biznesa-zinas","9":"tag-bizness","10":"tag-bizness-latvija","11":"tag-business","12":"tag-dienas-zinas","13":"tag-latvia","14":"tag-latvian","15":"tag-latviesu","16":"tag-latviesu-valoda","17":"tag-latviesuvaloda","18":"tag-latvija","19":"tag-latvijas-biznesa-zinas","20":"tag-latvijas-zinas","21":"tag-lv","22":"tag-zinas"},"share_on_mastodon":{"url":"https:\/\/pubeurope.com\/@lv\/115921598753826302","error":""},"_links":{"self":[{"href":"https:\/\/www.europesays.com\/lv\/wp-json\/wp\/v2\/posts\/108496","targetHints":{"allow":["GET"]}}],"collection":[{"href":"https:\/\/www.europesays.com\/lv\/wp-json\/wp\/v2\/posts"}],"about":[{"href":"https:\/\/www.europesays.com\/lv\/wp-json\/wp\/v2\/types\/post"}],"author":[{"embeddable":true,"href":"https:\/\/www.europesays.com\/lv\/wp-json\/wp\/v2\/users\/2"}],"replies":[{"embeddable":true,"href":"https:\/\/www.europesays.com\/lv\/wp-json\/wp\/v2\/comments?post=108496"}],"version-history":[{"count":0,"href":"https:\/\/www.europesays.com\/lv\/wp-json\/wp\/v2\/posts\/108496\/revisions"}],"wp:featuredmedia":[{"embeddable":true,"href":"https:\/\/www.europesays.com\/lv\/wp-json\/wp\/v2\/media\/108497"}],"wp:attachment":[{"href":"https:\/\/www.europesays.com\/lv\/wp-json\/wp\/v2\/media?parent=108496"}],"wp:term":[{"taxonomy":"category","embeddable":true,"href":"https:\/\/www.europesays.com\/lv\/wp-json\/wp\/v2\/categories?post=108496"},{"taxonomy":"post_tag","embeddable":true,"href":"https:\/\/www.europesays.com\/lv\/wp-json\/wp\/v2\/tags?post=108496"}],"curies":[{"name":"wp","href":"https:\/\/api.w.org\/{rel}","templated":true}]}}