{"id":10850,"date":"2025-10-02T18:52:07","date_gmt":"2025-10-02T18:52:07","guid":{"rendered":"https:\/\/www.europesays.com\/lv\/10850\/"},"modified":"2025-10-02T18:52:07","modified_gmt":"2025-10-02T18:52:07","slug":"silina-saeima-iztur-uzticibas-balsojumu","status":"publish","type":"post","link":"https:\/\/www.europesays.com\/lv\/10850\/","title":{"rendered":"Sili\u0146a Saeim\u0101 iztur uztic\u012bbas balsojumu"},"content":{"rendered":"<p>Neuztic\u012bbas izteik\u0161anu bija rosin\u0101ju\u0161as Saeim\u0101 opoz\u012bcij\u0101 eso\u0161\u0101s partijas Nacion\u0101l\u0101 apvien\u012bba (NA) un &#8220;Apvienotais saraksts&#8221; (AS). Balsojums notika apst\u0101k\u013cos, kad pamat\u012bgi sa\u0161\u0137ob\u012bju\u0161\u0101s attiec\u012bbas ar\u012b pa\u0161\u0101 koal\u012bcij\u0101 starp &#8220;Jauno vienot\u012bbu&#8221; (JV), &#8220;Progres\u012bvajiem&#8221; un Za\u013co un zemnieku savien\u012bbu (ZZS). Koal\u012bcijas partneri ir sol\u012bju\u0161ies vismaz pagaid\u0101m str\u0101d\u0101t kop\u0101, lai pie\u0146emtu n\u0101kam\u0101 gada &#8220;dro\u0161\u012bbas bud\u017eetu&#8221;.<\/p>\n<p>Opozicion\u0101ri \u0161oreiz demisijas piepras\u012bjumu bija pamatoju\u0161i, apgalvojot, ka &#8220;vald\u012bba ilgsto\u0161i nesp\u0113j pie\u0146emt izl\u0113m\u012bgus l\u0113mumus, lai p\u0101rtrauktu ekonomisko sadarb\u012bbu ar Krieviju un Baltkrieviju&#8221;.<\/p>\n<p>&#8220;Jaunajai vienot\u012bbai&#8221; Saeim\u0101 ir 25 deput\u0101ti, ZZS frakcij\u0101 &#8211; 16 deput\u0101ti, bet &#8220;Progres\u012bvo&#8221; rind\u0101s &#8211; asto\u0146i Saeimas deput\u0101ti. AS ir 13 deput\u0101ti, NA &#8211; 12 deput\u0101ti, &#8220;Latvija pirmaj\u0101 viet\u0101&#8221; un &#8220;Stabilit\u0101tei&#8221; &#8211; katr\u0101 pa asto\u0146iem deput\u0101tiem. V\u0113l Saeim\u0101 ir 10 pie frakcij\u0101m nepiedero\u0161i deput\u0101ti, da\u013ca no kuriem Sili\u0146as vald\u012bbai nodro\u0161ina pavisam minim\u0101lu balsu vair\u0101kumu parlament\u0101.<\/p>\n<p>Sili\u0146a par vald\u012bbas vad\u012bt\u0101ju k\u013cuva 2023.gada 15.septembr\u012b, Saeim\u0101 sa\u0146emot 53 deput\u0101tu atbalstu. Jaunas vald\u012bbas izveide bija nepiecie\u0161ama, jo iepriek\u0161\u0113jais premjers &#8211; Kri\u0161j\u0101nis Kari\u0146\u0161 (JV) &#8211; 17.august\u0101 demision\u0113ja.<\/p>\n","protected":false},"excerpt":{"rendered":"Neuztic\u012bbas izteik\u0161anu bija rosin\u0101ju\u0161as Saeim\u0101 opoz\u012bcij\u0101 eso\u0161\u0101s partijas Nacion\u0101l\u0101 apvien\u012bba (NA) un &#8220;Apvienotais saraksts&#8221; (AS). Balsojums notika apst\u0101k\u013cos,&hellip;\n","protected":false},"author":2,"featured_media":10431,"comment_status":"","ping_status":"","sticky":false,"template":"","format":"standard","meta":{"footnotes":""},"categories":[5],"tags":[23,63,65,28,29,60,32,33,59,22,70,64,30,31,35,39,38,36,37,34,40,68,20,26,27,69,66,67,24,25,62,21,61],"class_list":{"0":"post-10850","1":"post","2":"type-post","3":"status-publish","4":"format-standard","5":"has-post-thumbnail","7":"category-aktualitates","8":"tag-aktualitates","9":"tag-arvalstis","10":"tag-auto","11":"tag-breaking-news","12":"tag-breakingnews","13":"tag-egoiste","14":"tag-featured-news","15":"tag-featurednews","16":"tag-financenet","17":"tag-headlines","18":"tag-klik","19":"tag-kultura","20":"tag-latest-news","21":"tag-latestnews","22":"tag-latvia","23":"tag-latvian","24":"tag-latviesu","25":"tag-latviesu-valoda","26":"tag-latviesuvaloda","27":"tag-latvija","28":"tag-lv","29":"tag-maja","30":"tag-news","31":"tag-popularakas-zinas","32":"tag-popularakaszinas","33":"tag-receptes","34":"tag-sejas","35":"tag-sports","36":"tag-top-stories","37":"tag-topstories","38":"tag-viedokli","39":"tag-zinas","40":"tag-zinatne"},"share_on_mastodon":{"url":"","error":""},"_links":{"self":[{"href":"https:\/\/www.europesays.com\/lv\/wp-json\/wp\/v2\/posts\/10850","targetHints":{"allow":["GET"]}}],"collection":[{"href":"https:\/\/www.europesays.com\/lv\/wp-json\/wp\/v2\/posts"}],"about":[{"href":"https:\/\/www.europesays.com\/lv\/wp-json\/wp\/v2\/types\/post"}],"author":[{"embeddable":true,"href":"https:\/\/www.europesays.com\/lv\/wp-json\/wp\/v2\/users\/2"}],"replies":[{"embeddable":true,"href":"https:\/\/www.europesays.com\/lv\/wp-json\/wp\/v2\/comments?post=10850"}],"version-history":[{"count":0,"href":"https:\/\/www.europesays.com\/lv\/wp-json\/wp\/v2\/posts\/10850\/revisions"}],"wp:featuredmedia":[{"embeddable":true,"href":"https:\/\/www.europesays.com\/lv\/wp-json\/wp\/v2\/media\/10431"}],"wp:attachment":[{"href":"https:\/\/www.europesays.com\/lv\/wp-json\/wp\/v2\/media?parent=10850"}],"wp:term":[{"taxonomy":"category","embeddable":true,"href":"https:\/\/www.europesays.com\/lv\/wp-json\/wp\/v2\/categories?post=10850"},{"taxonomy":"post_tag","embeddable":true,"href":"https:\/\/www.europesays.com\/lv\/wp-json\/wp\/v2\/tags?post=10850"}],"curies":[{"name":"wp","href":"https:\/\/api.w.org\/{rel}","templated":true}]}}