{"id":108558,"date":"2026-01-19T12:47:09","date_gmt":"2026-01-19T12:47:09","guid":{"rendered":"https:\/\/www.europesays.com\/lv\/108558\/"},"modified":"2026-01-19T12:47:09","modified_gmt":"2026-01-19T12:47:09","slug":"kuri-bija-popularakie-2025-gada-dzimuso-bernu-vardi","status":"publish","type":"post","link":"https:\/\/www.europesays.com\/lv\/108558\/","title":{"rendered":"Kuri bija popul\u0101r\u0101kie 2025. gad\u0101 dzimu\u0161o b\u0113rnu v\u0101rdi?"},"content":{"rendered":"<p>No z\u0113niem popul\u0101r\u0101kie v\u0101rdi bija Teodors, Marks, Olivers, K\u0101rlis, Gustavs, Roberts, J\u0113kabs, Ri\u010dards, Em\u012bls un Everts.<\/p>\n<p><img decoding=\"async\" class=\"figure__image\" onclick=\"triggerEvent('articleImageClick', { id: 17395311, focus: 'single-image', focusIndex: '17395311' })\" onkeydown=\"if (event.key === 'Enter') {&#10;        triggerEvent('articleImageClick', { id: 17395311, focus: 'single-image', focusIndex: '17395311' })&#10;        }\" role=\"button\" tabindex=\"0\" data-focus-from=\"single-image\" data-focus-index=\"17395311\" src=\"https:\/\/www.europesays.com\/lv\/wp-content\/uploads\/2026\/01\/17395311t1hba5b.jpg\"  onload=\"this.parentElement.classList.remove('figure__image-loading')\" alt=\"\"\/> Foto: PMLP<\/p>\n<p>Savuk\u0101rt meiten\u0113m popul\u0101r\u0101kie v\u0101rdi bija Em\u012blija, Sofija, Am\u0113lija, Emma, Alise, Anna, Nora, Marta, Ol\u012bvija un Estere.<\/p>\n<p><img decoding=\"async\" class=\"figure__image\" onclick=\"triggerEvent('articleImageClick', { id: 17395312, focus: 'single-image', focusIndex: '17395312' })\" onkeydown=\"if (event.key === 'Enter') {&#10;        triggerEvent('articleImageClick', { id: 17395312, focus: 'single-image', focusIndex: '17395312' })&#10;        }\" role=\"button\" tabindex=\"0\" data-focus-from=\"single-image\" data-focus-index=\"17395312\" src=\"https:\/\/www.europesays.com\/lv\/wp-content\/uploads\/2026\/01\/17395312t1he972.jpg\"  onload=\"this.parentElement.classList.remove('figure__image-loading')\" alt=\"\"\/> Foto: PMLP<\/p>\n<p>Jau zi\u0146ots, ka pag\u0101ju\u0161aj\u0101 gad\u0101 R\u012bgas Dzemd\u012bbu nam\u0101 pasaul\u0113 n\u0101ku\u0161i 3722 jaundzimu\u0161ie. Sal\u012bdzino\u0161i 2024. gad\u0101 iest\u0101d\u0113 tika sagaid\u012bti 3959 jaundzimu\u0161ie.<\/p>\n<p>No visiem jaundzimu\u0161ajiem p\u0113rn 1763 bija meitenes un 1959 &#8211; z\u0113ni, savuk\u0101rt 2024. gad\u0101 Dzemd\u012bbu nam\u0101 piedzima 1958 meitenes un 2001 z\u0113ns.<\/p>\n<p>Jaundzimu\u0161o vid\u016b 2025. gad\u0101 ir 66 dv\u012b\u0146u p\u0101ri un tr\u012bn\u012btes, kuras piedzima 21. mart\u0101.<\/p>\n<p>Gandr\u012bz piekt\u0101 da\u013ca &#8211; 19,8% \u0123ime\u0146u -, kuras Dzemd\u012bbu nam\u0101 sagaid\u012bju\u0161as \u0123imenes papildin\u0101jumu, p\u0113rn k\u013cuvu\u0161as par vec\u0101kiem tre\u0161ajam, ceturtajam, piektajam, sestajam vai sept\u012btajam b\u0113rnam. Sal\u012bdzino\u0161i 2024. gad\u0101 to \u0123ime\u0146u \u012bpatsvars, kas sagaid\u012bja tre\u0161o, ceturto, piekto vai sesto b\u0113rnu, bija 19%.<\/p>\n<p>P\u0113rn Dzemd\u012bbu nam\u0101 pasaul\u0113 n\u0101ca ar\u012b 100 ukrai\u0146u b\u0113rnu, bet kopum\u0101 kop\u0161 kara s\u0101kuma iest\u0101d\u0113 sagaid\u012bti 364 ukrai\u0146u jaundzimu\u0161ie.<\/p>\n<p>Gada &#8220;ra\u017e\u012bg\u0101kais&#8221; m\u0113nesis iest\u0101d\u0113 p\u0113rn bija j\u016blijs, kad pasaul\u0113 n\u0101ca 366 b\u0113rni, bet jaundzimu\u0161ajiem bag\u0101t\u0101k\u0101 diena bija 21. augusts, kad piedzima 22 mazu\u013ci.<\/p>\n","protected":false},"excerpt":{"rendered":"No z\u0113niem popul\u0101r\u0101kie v\u0101rdi bija Teodors, Marks, Olivers, K\u0101rlis, Gustavs, Roberts, J\u0113kabs, Ri\u010dards, Em\u012bls un Everts. Foto: PMLP&hellip;\n","protected":false},"author":2,"featured_media":97028,"comment_status":"","ping_status":"","sticky":false,"template":"","format":"standard","meta":{"footnotes":""},"categories":[12],"tags":[23,28,29,11026,32,33,22,30,31,35,39,38,36,37,34,40,20,161,26,27,24,25,21],"class_list":{"0":"post-108558","1":"post","2":"type-post","3":"status-publish","4":"format-standard","5":"has-post-thumbnail","7":"category-latvija","8":"tag-aktualitates","9":"tag-breaking-news","10":"tag-breakingnews","11":"tag-demografija","12":"tag-featured-news","13":"tag-featurednews","14":"tag-headlines","15":"tag-latest-news","16":"tag-latestnews","17":"tag-latvia","18":"tag-latvian","19":"tag-latviesu","20":"tag-latviesu-valoda","21":"tag-latviesuvaloda","22":"tag-latvija","23":"tag-lv","24":"tag-news","25":"tag-pmlp","26":"tag-popularakas-zinas","27":"tag-popularakaszinas","28":"tag-top-stories","29":"tag-topstories","30":"tag-zinas"},"share_on_mastodon":{"url":"https:\/\/pubeurope.com\/@lv\/115921842522955678","error":""},"_links":{"self":[{"href":"https:\/\/www.europesays.com\/lv\/wp-json\/wp\/v2\/posts\/108558","targetHints":{"allow":["GET"]}}],"collection":[{"href":"https:\/\/www.europesays.com\/lv\/wp-json\/wp\/v2\/posts"}],"about":[{"href":"https:\/\/www.europesays.com\/lv\/wp-json\/wp\/v2\/types\/post"}],"author":[{"embeddable":true,"href":"https:\/\/www.europesays.com\/lv\/wp-json\/wp\/v2\/users\/2"}],"replies":[{"embeddable":true,"href":"https:\/\/www.europesays.com\/lv\/wp-json\/wp\/v2\/comments?post=108558"}],"version-history":[{"count":0,"href":"https:\/\/www.europesays.com\/lv\/wp-json\/wp\/v2\/posts\/108558\/revisions"}],"wp:featuredmedia":[{"embeddable":true,"href":"https:\/\/www.europesays.com\/lv\/wp-json\/wp\/v2\/media\/97028"}],"wp:attachment":[{"href":"https:\/\/www.europesays.com\/lv\/wp-json\/wp\/v2\/media?parent=108558"}],"wp:term":[{"taxonomy":"category","embeddable":true,"href":"https:\/\/www.europesays.com\/lv\/wp-json\/wp\/v2\/categories?post=108558"},{"taxonomy":"post_tag","embeddable":true,"href":"https:\/\/www.europesays.com\/lv\/wp-json\/wp\/v2\/tags?post=108558"}],"curies":[{"name":"wp","href":"https:\/\/api.w.org\/{rel}","templated":true}]}}