{"id":108559,"date":"2026-01-19T12:53:07","date_gmt":"2026-01-19T12:53:07","guid":{"rendered":"https:\/\/www.europesays.com\/lv\/108559\/"},"modified":"2026-01-19T12:53:07","modified_gmt":"2026-01-19T12:53:07","slug":"veiktas-izmainas-upb-patiesajos-labuma-guvejos-2","status":"publish","type":"post","link":"https:\/\/www.europesays.com\/lv\/108559\/","title":{"rendered":"Veiktas izmai\u0146as &#8220;UPB&#8221; patiesajos labuma guv\u0113jos"},"content":{"rendered":"<p>Par vienu no &#8220;UPB&#8221; patiesajiem labuma guv\u0113jiem Madaras Mores viet\u0101 ir k\u013cuvusi Antra More.<\/p>\n<p>Izmai\u0146as saist\u012btas ar akcion\u0101ru sast\u0101va izmai\u0146\u0101m &#8220;UPB&#8221; akcion\u0101r\u0101 AS &#8220;MOM Holding&#8221;, kurai pieder 33% &#8220;UPB&#8221; akciju. L\u012bdz \u0161im &#8220;MOM Holding&#8221; \u012bpa\u0161niece bija Madara More, bet kop\u0161 5. janv\u0101ra 90,77% komp\u0101nijas akciju pieder Antrai Morei, bet 9,23% &#8211; Madarai Morei.<\/p>\n<p>&#8220;UPB&#8221; patiesie labuma guv\u0113ji joproj\u0101m ir ar\u012b Uldis P\u012bl\u0113ns un M\u0101ris Mors, kuriem katram pieder 33% holdinga kapit\u0101lda\u013cu.<\/p>\n<p>&#8220;UPB&#8221; koncerna apgroz\u012bjums 2024. gad\u0101 bija 219,418 miljoni eiro, kas ir par 11,6% maz\u0101k nek\u0101 2023. gad\u0101, savuk\u0101rt koncerna pe\u013c\u0146a palielin\u0101j\u0101s par 9% &#8211; l\u012bdz 4,431 miljonam eiro.<\/p>\n<p>Savuk\u0101rt &#8220;UPB&#8221; m\u0101tesuz\u0146\u0113muma apgroz\u012bjums 2024. gad\u0101 bija 144,725 miljoni eiro, kas ir par 32,6% maz\u0101k nek\u0101 2023. gad\u0101, bet m\u0101tesuz\u0146\u0113muma pe\u013c\u0146a pieauga par 31,6% &#8211; l\u012bdz 2,849 miljoniem eiro.<\/p>\n<p>&#8220;UPB&#8221; grupa ir viens no liel\u0101kajiem industri\u0101lajiem koncerniem Baltijas valst\u012bs, kura galven\u0101 darb\u012bbas nozare ir tehnolo\u0123iski sare\u017e\u0123\u012btu \u0113ku <a href=\"https:\/\/www.tvnet.lv\/term\/555882\/buvnieciba\" class=\"topicLink\" target=\"_blank\" rel=\"nofollow noopener\">b\u016bvniec\u012bba<\/a>, ieskaitot to projekt\u0113\u0161anu, b\u016bvmateri\u0101lu ra\u017eo\u0161anu, pieg\u0101di, mont\u0101\u017eu un servisu. Uz\u0146\u0113mumu grupa nodro\u0161ina integr\u0113tus risin\u0101jumus stikla, met\u0101la, betona konstrukciju, k\u0101 ar\u012b ener\u0123\u0113tikas un ma\u0161\u012bnb\u016bves jom\u0101s.<\/p>\n<p>Liel\u0101k\u0101s &#8220;UPB&#8221; holdinga uz\u0146\u0113mumu grupas ir &#8220;MB Betons&#8221; grupa, &#8220;RK Met\u0101ls&#8221; grupa, &#8220;Aile&#8221; grupa, &#8220;UPB Energy&#8221; grupa un &#8220;UPB nams&#8221; grupa.<\/p>\n","protected":false},"excerpt":{"rendered":"Par vienu no &#8220;UPB&#8221; patiesajiem labuma guv\u0113jiem Madaras Mores viet\u0101 ir k\u013cuvusi Antra More. Izmai\u0146as saist\u012btas ar akcion\u0101ru&hellip;\n","protected":false},"author":2,"featured_media":108560,"comment_status":"","ping_status":"","sticky":false,"template":"","format":"standard","meta":{"footnotes":""},"categories":[12],"tags":[23,28,29,634,32,33,22,30,31,35,39,38,36,37,34,40,20,26,27,24,25,2883,21],"class_list":{"0":"post-108559","1":"post","2":"type-post","3":"status-publish","4":"format-standard","5":"has-post-thumbnail","7":"category-latvija","8":"tag-aktualitates","9":"tag-breaking-news","10":"tag-breakingnews","11":"tag-buvnieciba","12":"tag-featured-news","13":"tag-featurednews","14":"tag-headlines","15":"tag-latest-news","16":"tag-latestnews","17":"tag-latvia","18":"tag-latvian","19":"tag-latviesu","20":"tag-latviesu-valoda","21":"tag-latviesuvaloda","22":"tag-latvija","23":"tag-lv","24":"tag-news","25":"tag-popularakas-zinas","26":"tag-popularakaszinas","27":"tag-top-stories","28":"tag-topstories","29":"tag-uznemums","30":"tag-zinas"},"share_on_mastodon":{"url":"https:\/\/pubeurope.com\/@lv\/115921866092709618","error":""},"_links":{"self":[{"href":"https:\/\/www.europesays.com\/lv\/wp-json\/wp\/v2\/posts\/108559","targetHints":{"allow":["GET"]}}],"collection":[{"href":"https:\/\/www.europesays.com\/lv\/wp-json\/wp\/v2\/posts"}],"about":[{"href":"https:\/\/www.europesays.com\/lv\/wp-json\/wp\/v2\/types\/post"}],"author":[{"embeddable":true,"href":"https:\/\/www.europesays.com\/lv\/wp-json\/wp\/v2\/users\/2"}],"replies":[{"embeddable":true,"href":"https:\/\/www.europesays.com\/lv\/wp-json\/wp\/v2\/comments?post=108559"}],"version-history":[{"count":0,"href":"https:\/\/www.europesays.com\/lv\/wp-json\/wp\/v2\/posts\/108559\/revisions"}],"wp:featuredmedia":[{"embeddable":true,"href":"https:\/\/www.europesays.com\/lv\/wp-json\/wp\/v2\/media\/108560"}],"wp:attachment":[{"href":"https:\/\/www.europesays.com\/lv\/wp-json\/wp\/v2\/media?parent=108559"}],"wp:term":[{"taxonomy":"category","embeddable":true,"href":"https:\/\/www.europesays.com\/lv\/wp-json\/wp\/v2\/categories?post=108559"},{"taxonomy":"post_tag","embeddable":true,"href":"https:\/\/www.europesays.com\/lv\/wp-json\/wp\/v2\/tags?post=108559"}],"curies":[{"name":"wp","href":"https:\/\/api.w.org\/{rel}","templated":true}]}}