{"id":108563,"date":"2026-01-19T13:02:07","date_gmt":"2026-01-19T13:02:07","guid":{"rendered":"https:\/\/www.europesays.com\/lv\/108563\/"},"modified":"2026-01-19T13:02:07","modified_gmt":"2026-01-19T13:02:07","slug":"euro-2026-atklasanas-ceremonija-futzals-muzika-un-latvijas-kulturas-kods-futbols-sportacentrs-com","status":"publish","type":"post","link":"https:\/\/www.europesays.com\/lv\/108563\/","title":{"rendered":"&#8221;Euro 2026&#8221; atkl\u0101\u0161anas ceremonij\u0101 futz\u0101ls, m\u016bzika un Latvijas kult\u016bras kods \u2013 Futbols \u2013 Sportacentrs.com"},"content":{"rendered":"<p>Atkl\u0101\u0161anas ceremonija veidota k\u0101 m\u0101ksliniecisks st\u0101sts, kas iepaz\u012bstina Eiropu ar Latviju \u2013 t\u0101s ritmu, identit\u0101ti un ener\u0123iju \u2013, vienlaikus akcent\u0113jot futz\u0101lu k\u0101 modernu, \u0101tru un skat\u012bt\u0101jiem emocion\u0101li sp\u0113c\u012bgu sporta veidu.<\/p>\n<p>Atkl\u0101\u0161anas ceremonij\u0101 piedal\u012bsies: <br \/>&#8220;Rick Feds&#8221; \u2013 viens no pasaul\u0113 atz\u012bt\u0101kajiem finger-drumming m\u016bzi\u0137iem, kur\u0161 uzst\u0101jies presti\u017eos festiv\u0101los un koncertz\u0101l\u0113s vis\u0101 pasaul\u0113. Vi\u0146a unik\u0101lais skan\u0113jums apvieno elektronisko m\u016bziku, dz\u012bvo ritmu un improviz\u0101ciju, radot ener\u0123iju, kas p\u0101rv\u0113r\u0161 ska\u0146u kust\u012bb\u0101.<\/p>\n<p>Suitu sievas \u2013 le\u0123end\u0101rais etnogr\u0101fiskais ansamblis, kas p\u0101rst\u0101v UNESCO nemateri\u0101l\u0101 kult\u016bras mantojuma v\u0113rt\u012bbas. Vi\u0146u autentiskais dzied\u0101jums simboliz\u0113 Latvijas kult\u016bras saknes, sp\u0113ku un nep\u0101rtraukt\u012bbu.<\/p>\n<p>Katr\u012bna Ma\u010duka \u2013 viena no spilgt\u0101kaj\u0101m jaun\u0101s paaudzes vok\u0101list\u0113m, kuras balss tembrs un emocion\u0101l\u0101 izteiksme veidos tiltu starp trad\u012bciju un m\u016bsdien\u012bgu skan\u0113jumu.<\/p>\n<p>Kate Sli\u0161\u0101ne (&#8220;Tautumeitas&#8221;) \u2013 etnom\u016bzikas un laikmet\u012bg\u0101s skatuves m\u0101kslas p\u0101rst\u0101ve, kuras balss un muzik\u0101l\u0101 identit\u0101te ienes\u012bs ceremonij\u0101 baltu kult\u016bras simbolismu un sievi\u0161\u0137o sp\u0113ku.<\/p>\n<p>RTU tautas deju ansamblis &#8220;Vektors&#8221; \u2013 viens no vado\u0161ajiem tautas deju kolekt\u012bviem Latvij\u0101, kura priek\u0161nesum\u0101 tautisk\u0101 deja atkl\u0101jas k\u0101 kust\u012bb\u0101 veidots z\u012bm\u0113jums \u2013 ar skaidru strukt\u016bru, ritmu un simboliem, kas balst\u012bti Latvijas kult\u016bras trad\u012bcij\u0101s un organiski sasaucas ar futz\u0101la sp\u0113les \u0123eometriju.<\/p>\n<p>Atkl\u0101\u0161anas ceremonijas ideja balst\u0101s l\u012bdz\u012bb\u0101s starp futz\u0101lu un Latvijas kult\u016bras z\u012bmju valodu. Futz\u0101ls ir sporta veids, kur\u0101 domin\u0113 ritms, strukt\u016bra un kust\u012bba \u2013 piesp\u0113\u013cu l\u012bnijas, diagon\u0101les, rot\u0101cijas un nep\u0101rtraukta telpas mai\u0146a veido savu \u0123eometrisko valodu. L\u012bdz\u012bgi veidota ar\u012b Latvijas kult\u016bras simbolika. Auseklis, Jumis, M\u0101ras krusts, M\u0101ras z\u012bme, Zalktis \u2013 t\u0101s nav tikai dekorat\u012bvas z\u012bmes, bet simboli, kas iemieso ener\u0123iju, aizsardz\u012bbu, kust\u012bbu, l\u012bdzsvaru un vienot\u012bbu.<\/p>\n<p>Ceremonij\u0101 skat\u012bt\u0101ji piedz\u012bvos vienu no centr\u0101lajiem vakara br\u012b\u017eiem &#8211; EURO 2026 trofejas atkl\u0101\u0161anu, kas iez\u012bm\u0113s ofici\u0101lo \u010dempion\u0101ta s\u0101kumu un p\u0101reju no m\u0101ksliniecisk\u0101 st\u0101sta uz sportisko sacens\u012bbu. Skat\u012bt\u0101jus 21. janv\u0101r\u012b &#8220;Ar\u0113n\u0101 R\u012bga&#8221; sagaid\u012bs ne tikai futz\u0101la sp\u0113le, bet pilnv\u0113rt\u012bgs piedz\u012bvojums, kur\u0101 Latvija sevi par\u0101d\u012bs k\u0101 rado\u0161u, m\u016bsdien\u012bgu un Eiropas l\u012bme\u0146a turn\u012bra cien\u012bgu r\u012bkot\u0101jvalsti.<\/p>\n<p>Eiropas \u010dempion\u0101ta fin\u0101lturn\u012brs telpu futbol\u0101 no 21. janv\u0101ra l\u012bdz 7. febru\u0101rim pirmo reizi v\u0113stur\u0113 norisin\u0101sies tr\u012bs valst\u012bs \u2013 Latvij\u0101, Lietuv\u0101 un Slov\u0113nij\u0101. Latvijas izlase taj\u0101 debit\u0113s ar tr\u012bs m\u0101jas sp\u0113l\u0113m &#8220;Xiaomi Ar\u0113n\u0101&#8221; \u2013 21. janv\u0101r\u012b pret Gruziju, 25. janv\u0101r\u012b pret Franciju un 28. janv\u0101r\u012b pret Horv\u0101tiju.<\/p>\n<p>L\u012bdz\u0101s tam R\u012bg\u0101 notiks v\u0113l tr\u012bs apak\u0161grupu posma sp\u0113les (Horv\u0101tija \u2013 Francija 21. janv\u0101r\u012b, Horv\u0101tija \u2013 Gruzija 25. janv\u0101r\u012b un \u010cehija \u2013 Ukraina 28. janv\u0101r\u012b), k\u0101 ar\u012b viens ceturtda\u013cfin\u0101la ma\u010ds 31. janv\u0101r\u012b starp Latvijas izlases p\u0101rst\u0101v\u0113t\u0101s A grupas uzvar\u0113t\u0101jiem un Lietuvas izlases p\u0101rst\u0101v\u0113t\u0101s B grupas otr\u0101s vietas ieguv\u0113jiem.<\/p>\n<p>Izmantotie resursi:<br \/><a target=\"_blank\" href=\"https:\/\/lff.lv\/zinas\/18744\/euro-2026-atklasanas-ceremonija-futzals-muzika-un-latvijas-kulturas-kods\/\" rel=\"nofollow noopener\">https:\/\/lff.lv\/zinas\/18744\/euro-202&#8230;<\/a><\/p>\n","protected":false},"excerpt":{"rendered":"Atkl\u0101\u0161anas ceremonija veidota k\u0101 m\u0101ksliniecisks st\u0101sts, kas iepaz\u012bstina Eiropu ar Latviju \u2013 t\u0101s ritmu, identit\u0101ti un ener\u0123iju \u2013,&hellip;\n","protected":false},"author":2,"featured_media":108564,"comment_status":"","ping_status":"","sticky":false,"template":"","format":"standard","meta":{"footnotes":""},"categories":[17],"tags":[676,35,39,38,36,37,34,40,67],"class_list":{"0":"post-108563","1":"post","2":"type-post","3":"status-publish","4":"format-standard","5":"has-post-thumbnail","7":"category-sports","8":"tag-futbols","9":"tag-latvia","10":"tag-latvian","11":"tag-latviesu","12":"tag-latviesu-valoda","13":"tag-latviesuvaloda","14":"tag-latvija","15":"tag-lv","16":"tag-sports"},"share_on_mastodon":{"url":"https:\/\/pubeurope.com\/@lv\/115921901498029744","error":""},"_links":{"self":[{"href":"https:\/\/www.europesays.com\/lv\/wp-json\/wp\/v2\/posts\/108563","targetHints":{"allow":["GET"]}}],"collection":[{"href":"https:\/\/www.europesays.com\/lv\/wp-json\/wp\/v2\/posts"}],"about":[{"href":"https:\/\/www.europesays.com\/lv\/wp-json\/wp\/v2\/types\/post"}],"author":[{"embeddable":true,"href":"https:\/\/www.europesays.com\/lv\/wp-json\/wp\/v2\/users\/2"}],"replies":[{"embeddable":true,"href":"https:\/\/www.europesays.com\/lv\/wp-json\/wp\/v2\/comments?post=108563"}],"version-history":[{"count":0,"href":"https:\/\/www.europesays.com\/lv\/wp-json\/wp\/v2\/posts\/108563\/revisions"}],"wp:featuredmedia":[{"embeddable":true,"href":"https:\/\/www.europesays.com\/lv\/wp-json\/wp\/v2\/media\/108564"}],"wp:attachment":[{"href":"https:\/\/www.europesays.com\/lv\/wp-json\/wp\/v2\/media?parent=108563"}],"wp:term":[{"taxonomy":"category","embeddable":true,"href":"https:\/\/www.europesays.com\/lv\/wp-json\/wp\/v2\/categories?post=108563"},{"taxonomy":"post_tag","embeddable":true,"href":"https:\/\/www.europesays.com\/lv\/wp-json\/wp\/v2\/tags?post=108563"}],"curies":[{"name":"wp","href":"https:\/\/api.w.org\/{rel}","templated":true}]}}