{"id":108565,"date":"2026-01-19T13:06:07","date_gmt":"2026-01-19T13:06:07","guid":{"rendered":"https:\/\/www.europesays.com\/lv\/108565\/"},"modified":"2026-01-19T13:06:07","modified_gmt":"2026-01-19T13:06:07","slug":"organizatoriska-gataviba-un-turnira-budzets-futbols-sportacentrs-com","status":"publish","type":"post","link":"https:\/\/www.europesays.com\/lv\/108565\/","title":{"rendered":"organizatorisk\u0101 gatav\u012bba un turn\u012bra bud\u017eets \u2013 Futbols \u2013 Sportacentrs.com"},"content":{"rendered":"<p>&#8220;Princip\u0101 viss Eiropas \u010dempion\u0101ta fin\u0101lturn\u012bram R\u012bg\u0101 ir gatavs. V\u0113l notiek p\u0113d\u0113jie sagatavo\u0161an\u0101s darbi, p\u0113d\u0113jie testi un p\u0101rbaudes &#8220;Xiaomi&#8221; ar\u0113n\u0101, bet skats ir br\u012bni\u0161\u0137\u012bgs jau \u0161obr\u012bd. Ar\u0113n\u0101 iekl\u0101ta jauna un skaista gr\u012bda, sol\u0101s lielisks un vizu\u0101li pat\u012bkams sp\u0113\u013cu noform\u0113jums. Tikko izzi\u0146oj\u0101m ar\u012b deta\u013cas par <a href=\"https:\/\/sportacentrs.com\/futbols\/futzals\/19012026-euro_2026_atklasanas_ceremonija_futzals_m\" rel=\"nofollow noopener\" target=\"_blank\">turn\u012bra atkl\u0101\u0161anas ceremoniju<\/a>. Atbrauku\u0161i ar\u012b UEFA cilv\u0113ki liel\u0101 skait\u0101. Kopuma &#8211; viss noticis p\u0113c pl\u0101na, nek\u0101du lielu organizatorisku sare\u017e\u0123\u012bjumu mums nebija, esam gatavi fin\u0101lturn\u012bram,&#8221; sac\u012bja Ren\u0101rs Kr\u012bgers.<\/p>\n<p>LFF p\u0101rst\u0101vis atzina, ka skat\u012bt\u0101ju interesi b\u016btu v\u0113l\u0113jies liel\u0101ku, ta\u010du v\u0113l saglab\u0101jas labas cer\u012bbas, ka Latvijas izlase ar savu sniegumu turn\u012bra turpin\u0101jum\u0101 piesaist\u012bs pla\u0161\u0101ku l\u012bdzjut\u0113ju loku.<\/p>\n<p>&#8220;Uz jaut\u0101jumu par bi\u013ce\u0161u tirdzniec\u012bbu varu atbild\u0113t, ka j\u0101, grib\u0113tos liel\u0101ku interesi,&#8221; sac\u012bja Kr\u012b\u0123ers. &#8220;Ceram, ka pirmaj\u0101 sp\u0113\u013cu dien\u0101 ar\u0113nas apak\u0161\u0113jie sektori b\u016bs aizpild\u012bti un ka n\u0101kamaj\u0101s sp\u0113\u013cu dien\u0101s var\u0113sim atv\u0113rt ar\u012b aug\u0161\u0113jos sektorus.&#8221;<\/p>\n<p>&#8220;Saprotam, ka Latvijas sporta publikai futz\u0101ls v\u0113l j\u0101iem\u012bl,&#8221; turpin\u0101ja LFF p\u0101rst\u0101vis. &#8220;\u0160eit super svar\u012bgs b\u016bs Latvijas izlases pirmais ma\u010ds &#8211; gan no l\u012bdzjut\u0113ju piesaist\u012b\u0161anas viedok\u013ca, gan sportiskaj\u0101 zi\u0146\u0101. J\u0101uzvar Gruzija, lai tad var\u0113tu dom\u0101t ar\u012b par kaut ko vair\u0101k. Nu, un m\u0113s jau zin\u0101m, cik Latvijas l\u012bdzjut\u0113jiem svar\u012bgs faktors ir uzvaras un izlases pan\u0101kumi, t\u0101d\u0113\u013c ceram, ka p\u0113c veiksm\u012bga s\u0101kuma l\u012bdzjut\u0113ju interese var\u0113tu b\u016bt krietni liel\u0101ka ma\u010dos pret Franciju un Horv\u0101tiju.&#8221;<\/p>\n<p>EURO 2026 fin\u0101lturn\u012bra bi\u013cetes uz sp\u0113l\u0113m R\u012bg\u0101 pieejamas nevis uz atsevi\u0161\u0137u sp\u0113li, bet gan sp\u0113\u013cu dienu, attiec\u012bgi \u0161obr\u012bd nevar skaidri noteikt, cik liela ir l\u012bdzjut\u0113ju interese par E\u010c atkl\u0101\u0161anas sp\u0113li &#8220;Xiaomi Arena&#8221; 21. janv\u0101r\u012b, kad sp\u0113l\u0113s Horv\u0101tija pret Franciju. Ta\u010du Kr\u012bgers uzsv\u0113ra, ka bi\u013ce\u0161u cenas ir \u013coti demokr\u0101tiskas, it \u012bpa\u0161i b\u0113rniem un studentiem: &#8220;Bi\u013ce\u0161u cenas jau t\u0101 nav milz\u012bgas (15-20 eiro), bet ar 50% atlaidi b\u0113rniem un skol\u0113niem t\u0101 ir iesp\u0113ja par 7.50 eiro v\u0113rot Eiropas augst\u0101k\u0101 l\u012bme\u0146a futz\u0101lu. Nekur citur augst\u0101ka l\u012bme\u0146a sp\u0113les Eirop\u0101 glu\u017ei vienk\u0101r\u0161i nenotiek.&#8221;<\/p>\n<p>Run\u0101jot par finans\u0113m, LFF atkl\u0101ja, ka &#8220;Euro 2026&#8221; fin\u0101lturn\u012bra bud\u017eets R\u012bg\u0101 ir nedaudz zem diviem miljoniem eiro. Taj\u0101 iek\u013cauti gan visi sagatavo\u0161an\u0101s un organizatoriskie darbi, k\u0101 ar\u012b dal\u012bbnieku uz\u0146em\u0161ana. \u0160is skaitlis laika gait\u0101 piedz\u012bvoja p\u0101rmai\u0146as, jo s\u0101kotn\u0113ji R\u012bg\u0101 jau bija paredz\u0113ts krietni vair\u0101k sp\u0113\u013cu, ta\u010du agresorvalsts Baltkrievijas negaid\u012bt\u0101 kvalific\u0113\u0161an\u0101s fin\u0101lturn\u012bram noveda pie t\u0101, ka UEFA nol\u0113ma divu apak\u0161grupu sp\u0113les uztic\u0113t r\u012bkot Slov\u0113nijai.<\/p>\n<p>&#8220;Viena lieta, ar ko bija aiz\u0137er\u0161an\u0101s, ir mediju akredit\u0101cijas,&#8221; atzina Kr\u012bgers. LFF inform\u0101ciju par mediju akredit\u0101cij\u0101m sniedza 7. janv\u0101ra p\u0113cpusdien\u0101, divas ned\u0113\u013cas pirms fin\u0101lturn\u012bra s\u0101kuma, kad UEFA sist\u0113m\u0101 pieteikumu termi\u0146\u0161 jau bija tikko nosl\u0113dzies. Attiec\u012bgi tagad viet\u0113jiem medijiem ir sare\u017e\u0123\u012bjumi ar akredit\u0101ciju nok\u0101rto\u0161anu.<\/p>\n<p>&#8220;J\u0101saprot, ka \u0161eit bija daudz iesaist\u012bto personu,&#8221; skaidroja Kr\u012bgers. &#8220;Piekr\u012btu, ka akredit\u0101cijas sist\u0113ma nav p\u0101r\u0101k \u0113rta, turkl\u0101t UEFA \u0161eit ar\u012b uzst\u0101da augstas pras\u012bbas. Man pa\u0161am ar\u012b nepatika, k\u0101 izv\u0113rt\u0101s \u0161is process. M\u0113s b\u016btu priec\u012bg\u0101ki, ja akredit\u0101ciju var\u0113tu veikt sav\u0101 pus\u0113 un p\u0113c tam glu\u017ei vienk\u0101r\u0161i iesniegtu UEFA gal\u012bgo sarakstu. Tagad akredit\u0101ciju pieteikumus izskata tikai UEFA, un vi\u0146i v\u0113las, ka akredit\u0101cijas sa\u0146em tikai tie mediji, kuriem patie\u0161\u0101m ir saist\u012bba un interese par futz\u0101lu. Attiec\u012bgi \u0161obr\u012bd gal\u012bgais mediju skaits R\u012bg\u0101 gaid\u0101majam fin\u0101lturn\u012bram un tas, cik liela ir \u0101rzemju sporta mediju interese, pagaid\u0101m nav skaidri apstiprin\u0101ts.&#8221;<\/p>\n","protected":false},"excerpt":{"rendered":"&#8220;Princip\u0101 viss Eiropas \u010dempion\u0101ta fin\u0101lturn\u012bram R\u012bg\u0101 ir gatavs. V\u0113l notiek p\u0113d\u0113jie sagatavo\u0161an\u0101s darbi, p\u0113d\u0113jie testi un p\u0101rbaudes &#8220;Xiaomi&#8221;&hellip;\n","protected":false},"author":2,"featured_media":108566,"comment_status":"","ping_status":"","sticky":false,"template":"","format":"standard","meta":{"footnotes":""},"categories":[5],"tags":[23,28,29,32,33,676,22,30,31,35,39,38,36,37,34,40,20,26,27,24,25,21],"class_list":{"0":"post-108565","1":"post","2":"type-post","3":"status-publish","4":"format-standard","5":"has-post-thumbnail","7":"category-aktualitates","8":"tag-aktualitates","9":"tag-breaking-news","10":"tag-breakingnews","11":"tag-featured-news","12":"tag-featurednews","13":"tag-futbols","14":"tag-headlines","15":"tag-latest-news","16":"tag-latestnews","17":"tag-latvia","18":"tag-latvian","19":"tag-latviesu","20":"tag-latviesu-valoda","21":"tag-latviesuvaloda","22":"tag-latvija","23":"tag-lv","24":"tag-news","25":"tag-popularakas-zinas","26":"tag-popularakaszinas","27":"tag-top-stories","28":"tag-topstories","29":"tag-zinas"},"share_on_mastodon":{"url":"https:\/\/pubeurope.com\/@lv\/115921917196671947","error":""},"_links":{"self":[{"href":"https:\/\/www.europesays.com\/lv\/wp-json\/wp\/v2\/posts\/108565","targetHints":{"allow":["GET"]}}],"collection":[{"href":"https:\/\/www.europesays.com\/lv\/wp-json\/wp\/v2\/posts"}],"about":[{"href":"https:\/\/www.europesays.com\/lv\/wp-json\/wp\/v2\/types\/post"}],"author":[{"embeddable":true,"href":"https:\/\/www.europesays.com\/lv\/wp-json\/wp\/v2\/users\/2"}],"replies":[{"embeddable":true,"href":"https:\/\/www.europesays.com\/lv\/wp-json\/wp\/v2\/comments?post=108565"}],"version-history":[{"count":0,"href":"https:\/\/www.europesays.com\/lv\/wp-json\/wp\/v2\/posts\/108565\/revisions"}],"wp:featuredmedia":[{"embeddable":true,"href":"https:\/\/www.europesays.com\/lv\/wp-json\/wp\/v2\/media\/108566"}],"wp:attachment":[{"href":"https:\/\/www.europesays.com\/lv\/wp-json\/wp\/v2\/media?parent=108565"}],"wp:term":[{"taxonomy":"category","embeddable":true,"href":"https:\/\/www.europesays.com\/lv\/wp-json\/wp\/v2\/categories?post=108565"},{"taxonomy":"post_tag","embeddable":true,"href":"https:\/\/www.europesays.com\/lv\/wp-json\/wp\/v2\/tags?post=108565"}],"curies":[{"name":"wp","href":"https:\/\/api.w.org\/{rel}","templated":true}]}}