{"id":108614,"date":"2026-01-19T13:53:07","date_gmt":"2026-01-19T13:53:07","guid":{"rendered":"https:\/\/www.europesays.com\/lv\/108614\/"},"modified":"2026-01-19T13:53:07","modified_gmt":"2026-01-19T13:53:07","slug":"jekabpiliesi-bauda-pusnakts-peldi-alingi-jekabpils-laiks-jekabpils-zinas","status":"publish","type":"post","link":"https:\/\/www.europesays.com\/lv\/108614\/","title":{"rendered":"J\u0113kabpilie\u0161i bauda pusnakts peldi \u0101li\u0146\u0123\u012b \/ J\u0113kabpils Laiks: J\u0113kabpils zi\u0146as"},"content":{"rendered":"<p>Kunga Krist\u012b\u0161anas sv\u0113tku trad\u012bcija \u2013 gremd\u0113\u0161an\u0101s \u0101li\u0146\u0123\u012b J\u0113kabpils Rad\u017eu \u016bdenskr\u0101tuv\u0113 \u0161ogad tika ies\u0101kta jau pusnakt\u012b. 19. janv\u0101r\u012b Pareiztic\u012bgo Bazn\u012bc\u0101 tiek atz\u012bm\u0113ta diena, kad J\u0113zus Kristus iegremd\u0113j\u0101s Jord\u0101nas upes \u016bde\u0146os un sa\u0146\u0113ma sv\u0113to Krist\u012bbu no J\u0101\u0146a Krist\u012bt\u0101ja. M\u016bsdien\u0101s \u201cJord\u0101nas pelde\u201d tic\u012bgajiem simboliz\u0113 gr\u0113ku no\u017e\u0113lu un sv\u0113t\u012bbu.<\/p>\n<blockquote><p>&#13;<\/p>\n<p>\u201cDiem\u017e\u0113l \u0161aj\u0101 laik\u0101 m\u016bsu valst\u012b vienm\u0113r ir auksti,\u201d st\u0101sta j\u0113kabpilietis Vladimirs. \u201cTolaik Jord\u0101nas up\u0113, kad J\u0113zu Kristu krist\u012bja, tad bija silti. Bet t\u0101 ir trad\u012bcija, ka mums tur ir j\u0101b\u016bt. Mums ir t\u0101da p\u0101rliec\u012bba. Proced\u016bra nav \u013coti viegla, jo tur ir auksti.\u201d<\/p>\n<p>&#13;\n<\/p><\/blockquote>\n<blockquote><p>&#13;<\/p>\n<p>\u201cM\u0113s to dar\u0101m visu laiku, \u0161\u012b ir m\u016bsu grupa, kas to dara katru gadu,\u201d saka j\u0113kabpiliete \u013bubova.<\/p>\n<p>&#13;\n<\/p><\/blockquote>\n<p>Pas\u0101kums bija dom\u0101ts ne tikai tic\u012bgajiem, bet ikvienam interesentam. Ar\u012b idejas autori ir iedz\u012bvot\u0101ji, kuri ledainaj\u0101 \u016bden\u012b iet regul\u0101ri.<\/p>\n<blockquote><p>&#13;<\/p>\n<p>\u201cInterneta dz\u012bl\u0113s bija rakst\u012bts, ka \u016bdenim esot \u012bpa\u0161a ener\u0123ija \u0161onakt,\u201d st\u0101sta viena no idejas autor\u0113m \u2013 j\u0113kabpiliete Gita. \u201cIzdom\u0101j\u0101m \u2013 ja m\u0113s to dar\u0101m ikdien\u0101, k\u0101p\u0113c mums to neizdar\u012bt \u0161aj\u0101s \u012bpa\u0161aj\u0101s min\u016bt\u0113s, stund\u0101s? Saj\u016bta p\u0113c t\u0101 aukst\u0101 \u016bdens ir \u013coti for\u0161a. Asinsrite uzlabojas, un k\u013c\u016bst silti un tik for\u0161i!\u201d<\/p>\n<p>&#13;\n<\/p><\/blockquote>\n<p>\u201cJ\u0113kabpils ro\u0146i\u201d akcent\u0113 ar\u012b citus ieguvumus no ziemas peld\u0113m, piem\u0113ram, daudziem \u0161is process sniedz laimes saj\u016btu un ener\u0123ijas piepl\u016bdumu, k\u0101 ar\u012b pal\u012bdz nor\u016bd\u012bt organismu.<\/p>\n<blockquote><p>&#13;<\/p>\n<p>\u201cKarst\u0101 vasar\u0101 nav tik gr\u016bti,\u201d st\u0101sta j\u0113kabpiliete Daiga, kura ziemas peldes veic jau 13 gadus. \u201cMan \u013coti nepat\u012bk karstums, un t\u0101s peldes ir bi\u0161\u0137\u012bt to \u0137ermeni iem\u0101c\u012bju\u0161as, ka ir j\u0101pie\u0146em gan tas, gan tas. J\u0101, karst\u0101s vasar\u0101s ir viegl\u0101k.\u201d<\/p>\n<p>&#13;\n<\/p><\/blockquote>\n<p>Speci\u0101listi gan br\u012bdina, ka strauja \u0137erme\u0146a atdzes\u0113\u0161ana var rad\u012bt reiboni, elpas tr\u016bkumu, sirdsdarb\u012bbas trauc\u0113jumus un citas vesel\u012bbas probl\u0113mas. Ies\u0101c\u0113jiem v\u0113lams konsult\u0113ties ar \u0123imenes \u0101rstu un ziemas peld\u0113s doties kop\u0101 ar pieredz\u0113ju\u0161iem \u201cro\u0146iem\u201d.<\/p>\n<p>Sandra Paeg\u013ckalne<\/p>\n<p><a rel=\"group\" class=\"lightbox content-image content-img-auto-gen\" title=\"\" href=\"https:\/\/www.europesays.com\/lv\/wp-content\/uploads\/2026\/01\/1768830787_212_maf-logo.jpg\"><img decoding=\"async\" alt=\"\" src=\"https:\/\/www.europesays.com\/lv\/wp-content\/uploads\/2026\/01\/1768830787_212_maf-logo.jpg\" style=\"width: 250px; height: 250px;\" class=\"img-fluid\"\/><\/a><\/p>\n<p>Mediju atbalsta fonda ieguld\u012bjums no Latvijas valsts bud\u017eeta l\u012bdzek\u013ciem. Par zi\u0146u si\u017eeta \u201cJ\u0113kabpilie\u0161i bauda pusnakts peldi \u0101li\u0146\u0123\u012b\u201d saturu atbild SIA \u201cVidusdaugavas telev\u012bzija\u201d.<\/p>\n<p>#SIF_MAF2025<\/p>\n","protected":false},"excerpt":{"rendered":"Kunga Krist\u012b\u0161anas sv\u0113tku trad\u012bcija \u2013 gremd\u0113\u0161an\u0101s \u0101li\u0146\u0123\u012b J\u0113kabpils Rad\u017eu \u016bdenskr\u0101tuv\u0113 \u0161ogad tika ies\u0101kta jau pusnakt\u012b. 19. janv\u0101r\u012b Pareiztic\u012bgo&hellip;\n","protected":false},"author":2,"featured_media":108615,"comment_status":"","ping_status":"","sticky":false,"template":"","format":"standard","meta":{"footnotes":""},"categories":[12],"tags":[23,28,29,32,33,22,987,986,30,31,35,39,38,36,37,34,40,20,26,27,24,25,21],"class_list":{"0":"post-108614","1":"post","2":"type-post","3":"status-publish","4":"format-standard","5":"has-post-thumbnail","7":"category-latvija","8":"tag-aktualitates","9":"tag-breaking-news","10":"tag-breakingnews","11":"tag-featured-news","12":"tag-featurednews","13":"tag-headlines","14":"tag-jekabpils-zinas","15":"tag-jekabpilslaiks","16":"tag-latest-news","17":"tag-latestnews","18":"tag-latvia","19":"tag-latvian","20":"tag-latviesu","21":"tag-latviesu-valoda","22":"tag-latviesuvaloda","23":"tag-latvija","24":"tag-lv","25":"tag-news","26":"tag-popularakas-zinas","27":"tag-popularakaszinas","28":"tag-top-stories","29":"tag-topstories","30":"tag-zinas"},"share_on_mastodon":{"url":"https:\/\/pubeurope.com\/@lv\/115922102029447724","error":""},"_links":{"self":[{"href":"https:\/\/www.europesays.com\/lv\/wp-json\/wp\/v2\/posts\/108614","targetHints":{"allow":["GET"]}}],"collection":[{"href":"https:\/\/www.europesays.com\/lv\/wp-json\/wp\/v2\/posts"}],"about":[{"href":"https:\/\/www.europesays.com\/lv\/wp-json\/wp\/v2\/types\/post"}],"author":[{"embeddable":true,"href":"https:\/\/www.europesays.com\/lv\/wp-json\/wp\/v2\/users\/2"}],"replies":[{"embeddable":true,"href":"https:\/\/www.europesays.com\/lv\/wp-json\/wp\/v2\/comments?post=108614"}],"version-history":[{"count":0,"href":"https:\/\/www.europesays.com\/lv\/wp-json\/wp\/v2\/posts\/108614\/revisions"}],"wp:featuredmedia":[{"embeddable":true,"href":"https:\/\/www.europesays.com\/lv\/wp-json\/wp\/v2\/media\/108615"}],"wp:attachment":[{"href":"https:\/\/www.europesays.com\/lv\/wp-json\/wp\/v2\/media?parent=108614"}],"wp:term":[{"taxonomy":"category","embeddable":true,"href":"https:\/\/www.europesays.com\/lv\/wp-json\/wp\/v2\/categories?post=108614"},{"taxonomy":"post_tag","embeddable":true,"href":"https:\/\/www.europesays.com\/lv\/wp-json\/wp\/v2\/tags?post=108614"}],"curies":[{"name":"wp","href":"https:\/\/api.w.org\/{rel}","templated":true}]}}