{"id":108631,"date":"2026-01-19T14:12:08","date_gmt":"2026-01-19T14:12:08","guid":{"rendered":"https:\/\/www.europesays.com\/lv\/108631\/"},"modified":"2026-01-19T14:12:08","modified_gmt":"2026-01-19T14:12:08","slug":"putins-uzaicinats-pievienoties-trampa-gazas-miera-padomei-apgalvo-kremlis","status":"publish","type":"post","link":"https:\/\/www.europesays.com\/lv\/108631\/","title":{"rendered":"Putins uzaicin\u0101ts pievienoties Trampa Gazas Miera padomei, apgalvo Kremlis"},"content":{"rendered":"<p>&#8220;M\u0113s pa\u0161laik izskat\u0101m visas \u0161\u012b pied\u0101v\u0101juma deta\u013cas un ceram, ka mums izdosies nodibin\u0101t kontaktu ar amerik\u0101\u0146u pusi, lai noskaidrotu visas nianses,&#8221; pazi\u0146oja Krem\u013ca preses p\u0101rst\u0101vis Dmitrijs Peskovs.<\/p>\n<p>Krievija uztur kontaktus ar Izra\u0113lu, Palest\u012bnie\u0161u pa\u0161p\u0101rvaldi un palest\u012bnie\u0161u grup\u0113jumu &#8220;Ham\u0101s&#8221;, ko ASV, Eiropas Savien\u012bba (ES) un citas valstis uzskata par teroristu organiz\u0101ciju.<\/p>\n<p>Maskav\u0101 \u0161\u0101ds uzaicin\u0101jums tika uz\u0146emts atzin\u012bgi, jo Krievija jau sen sevi uzskata par noz\u012bm\u012bgu sp\u0113l\u0113t\u0101ju Tuvajos Austrumos un turpina \u012bstenot savas \u0123eopolitisk\u0101s intereses \u0161aj\u0101 re\u0123ion\u0101. Turkl\u0101t \u0161is solis tiek uzskat\u012bts ar\u012b par netie\u0161u atbalstu Putinam, pied\u0101v\u0101jot zin\u0101mu iesp\u0113ju izk\u013c\u016bt no izol\u0101cijas, neskatoties uz to, ka Krievija turpina karu pret Ukrainu.<\/p>\n<p>Uzaicin\u0101jumu iesaist\u012bties &#8220;miera padom\u0113&#8221; sa\u0146\u0113mis ar\u012b Turcijas prezidents Red\u017eeps Tajips Erdoans, \u0112\u0123iptes prezidents Abdelfatahs as Sisi un Argent\u012bnas prezidents Havjers Milei.<\/p>\n<p>Tramps pag\u0101ju\u0161o ceturtdien pazi\u0146oja par Miera padomes izveido\u0161anu, kas ir svar\u012bgs elements ASV atbalst\u012bt\u0101 <a href=\"https:\/\/www.tvnet.lv\/term\/750958\/gazas\" class=\"topicLink\" target=\"_blank\" rel=\"nofollow noopener\">Gazas<\/a> joslas miera pl\u0101na otraj\u0101 posm\u0101.<\/p>\n<p>Piektdien Tramps iec\u0113la ASV valsts sekret\u0101ru Marko Rubio un biju\u0161o Lielbrit\u0101nijas premjerministru Toniju Bl\u0113ru par Gazas Miera padomes locek\u013ciem dibin\u0101t\u0101jiem.<\/p>\n<p>Tramps, kas pats vad\u012bs \u0161o padomi, iec\u0113lis starp t\u0101s septi\u0146iem locek\u013ciem dibin\u0101t\u0101jiem ar\u012b savu \u012bpa\u0161o s\u016btni St\u012bvu Vitkofu, savu znotu D\u017eeredu Ku\u0161neru un Pasaules Bankas prezidentu Ad\u017eaju Bangu.<\/p>\n<p>Miera padome p\u0101rraudz\u012bs ekspertu komiteju, kurai uzdots p\u0101rvald\u012bt Gazas joslu p\u0113c kara beig\u0101m.<\/p>\n","protected":false},"excerpt":{"rendered":"&#8220;M\u0113s pa\u0161laik izskat\u0101m visas \u0161\u012b pied\u0101v\u0101juma deta\u013cas un ceram, ka mums izdosies nodibin\u0101t kontaktu ar amerik\u0101\u0146u pusi, lai&hellip;\n","protected":false},"author":2,"featured_media":108632,"comment_status":"","ping_status":"","sticky":false,"template":"","format":"standard","meta":{"footnotes":""},"categories":[5],"tags":[23,28,29,542,32,33,25807,1274,22,11056,30,31,35,39,38,36,37,34,40,20,26,27,24,25,235,21],"class_list":{"0":"post-108631","1":"post","2":"type-post","3":"status-publish","4":"format-standard","5":"has-post-thumbnail","7":"category-aktualitates","8":"tag-aktualitates","9":"tag-breaking-news","10":"tag-breakingnews","11":"tag-donalds-tramps","12":"tag-featured-news","13":"tag-featurednews","14":"tag-gazas","15":"tag-gazas-josla","16":"tag-headlines","17":"tag-kremlis","18":"tag-latest-news","19":"tag-latestnews","20":"tag-latvia","21":"tag-latvian","22":"tag-latviesu","23":"tag-latviesu-valoda","24":"tag-latviesuvaloda","25":"tag-latvija","26":"tag-lv","27":"tag-news","28":"tag-popularakas-zinas","29":"tag-popularakaszinas","30":"tag-top-stories","31":"tag-topstories","32":"tag-vladimirs-putins","33":"tag-zinas"},"share_on_mastodon":{"url":"https:\/\/pubeurope.com\/@lv\/115922177100714088","error":""},"_links":{"self":[{"href":"https:\/\/www.europesays.com\/lv\/wp-json\/wp\/v2\/posts\/108631","targetHints":{"allow":["GET"]}}],"collection":[{"href":"https:\/\/www.europesays.com\/lv\/wp-json\/wp\/v2\/posts"}],"about":[{"href":"https:\/\/www.europesays.com\/lv\/wp-json\/wp\/v2\/types\/post"}],"author":[{"embeddable":true,"href":"https:\/\/www.europesays.com\/lv\/wp-json\/wp\/v2\/users\/2"}],"replies":[{"embeddable":true,"href":"https:\/\/www.europesays.com\/lv\/wp-json\/wp\/v2\/comments?post=108631"}],"version-history":[{"count":0,"href":"https:\/\/www.europesays.com\/lv\/wp-json\/wp\/v2\/posts\/108631\/revisions"}],"wp:featuredmedia":[{"embeddable":true,"href":"https:\/\/www.europesays.com\/lv\/wp-json\/wp\/v2\/media\/108632"}],"wp:attachment":[{"href":"https:\/\/www.europesays.com\/lv\/wp-json\/wp\/v2\/media?parent=108631"}],"wp:term":[{"taxonomy":"category","embeddable":true,"href":"https:\/\/www.europesays.com\/lv\/wp-json\/wp\/v2\/categories?post=108631"},{"taxonomy":"post_tag","embeddable":true,"href":"https:\/\/www.europesays.com\/lv\/wp-json\/wp\/v2\/tags?post=108631"}],"curies":[{"name":"wp","href":"https:\/\/api.w.org\/{rel}","templated":true}]}}